{"id":109600,"date":"2025-05-18T15:17:26","date_gmt":"2025-05-18T15:17:26","guid":{"rendered":"https:\/\/www.europesays.com\/fr\/109600\/"},"modified":"2025-05-18T15:17:26","modified_gmt":"2025-05-18T15:17:26","slug":"quinte-quinte-du-lundi-19-mai-a-saint-cloud-maia-star-vise-les-etoiles","status":"publish","type":"post","link":"https:\/\/www.europesays.com\/fr\/109600\/","title":{"rendered":"Quint\u00e9+: Quint\u00e9+ du lundi 19 mai \u00e0 Saint-Cloud : Maia Star vise les \u00e9toiles"},"content":{"rendered":"<p><strong>Les partants du Quint\u00e9+ de ce lundi 19 mai<\/strong><strong style=\"float: left;margin-left: 2%;\">PRIX MAGIC NIGHT<\/strong><strong style=\"float: right;margin-right: 2%;\">LUNDI 19 MAI<\/strong><br \/>SAINT-CLOUD &#8211; 2100 METRES &#8211; \u00a0<img decoding=\"async\" alt=\"picto_galop\" class=\"img2\" src=\"https:\/\/www.europesays.com\/fr\/wp-content\/uploads\/2025\/04\/galop.svg.svg+xml\"\/>D\u00c9PART : 13H55<\/p>\n<tr class=\"row1\" style=\"border: thin solid #020338; width: 50%; padding: 5px; background-color: #020338; color: #FFFFFF; text-align: left; line-height: 15px;\">N\u00b0\u00a0CHEVALCORDE\u00a0JOCKEYPOIDS\u00a0ENTRA\u00ceNEURVALEURGAINS<\/tr>\n<tr class=\"row2\" style=\"text-align: left; background-color: #FFFFFF; line-height: 15px;\">\n<td class=\"col1\" style=\"text-align: center; width: 65px;font-weight: bold;\">1<\/td>\n<td class=\"col2\"><a href=\"https:\/\/www.equidia.fr\/chevaux\/presa-diretta?horse_uuid=f4b0236e-7aed-41d9-b6dc-69b1aa57c360\" target=\"_blank\" rel=\"noopener\">PRESA DIRETTA<\/a><\/td>\n<td class=\"col3\" style=\"text-align: center;\">4<\/td>\n<td class=\"col4\">A.LEMAITRE<\/td>\n<td class=\"col5\">61.0 kg<\/td>\n<td class=\"col6\">A.CARRASCO SANCHEZ<\/td>\n<td class=\"col7\" style=\"text-align: center;\">41.0<\/td>\n<td class=\"col8\" style=\"text-align: right;\">123835 \u20ac<\/td>\n<\/tr>\n<tr class=\"row3\" style=\"text-align: left; background-color: rgb(218, 218, 226); line-height: 15px;\">\n<td class=\"col1\" style=\"text-align: center; width: 65px;font-weight: bold;\">2<\/td>\n<td class=\"col2\"><a href=\"https:\/\/www.equidia.fr\/chevaux\/dancing-queen-224441?horse_uuid=b915cde4-3b77-401b-a458-c61958a57bcf\" target=\"_blank\" rel=\"noopener\">DANCING QUEEN<\/a><\/td>\n<td class=\"col3\" style=\"text-align: center;\">13<\/td>\n<td class=\"col4\">M.GRANDIN<\/td>\n<td class=\"col5\">58.5 kg<\/td>\n<td class=\"col6\">J.REYNIER (S)<\/td>\n<td class=\"col7\" style=\"text-align: center;\">38.5<\/td>\n<td class=\"col8\" style=\"text-align: right;\">33870 \u20ac<\/td>\n<\/tr>\n<tr class=\"row2\" style=\"text-align: left; background-color: #FFFFFF; line-height: 15px;\">\n<td class=\"col1\" style=\"text-align: center; width: 65px;font-weight: bold;\">3<\/td>\n<td class=\"col2\"><a href=\"https:\/\/www.equidia.fr\/chevaux\/tilila?horse_uuid=17f94c95-7401-46b3-b841-c11f1885e70d\" target=\"_blank\" rel=\"noopener\">TILILA<\/a><\/td>\n<td class=\"col3\" style=\"text-align: center;\">5<\/td>\n<td class=\"col4\">A.POUCHIN<\/td>\n<td class=\"col5\">57.0 kg<\/td>\n<td class=\"col6\">A.FABRE (S)<\/td>\n<td class=\"col7\" style=\"text-align: center;\">37.0<\/td>\n<td class=\"col8\" style=\"text-align: right;\">69380 \u20ac<\/td>\n<\/tr>\n<tr class=\"row3\" style=\"text-align: left; background-color: rgb(218, 218, 226); line-height: 15px;\">\n<td class=\"col1\" style=\"text-align: center; width: 65px;font-weight: bold;\">4<\/td>\n<td class=\"col2\"><a href=\"https:\/\/www.equidia.fr\/chevaux\/bonny-glitters?horse_uuid=644bf51b-694b-41de-8c92-ac7aa5c38064\" target=\"_blank\" rel=\"noopener\">BONNY GLITTERS<\/a><\/td>\n<td class=\"col3\" style=\"text-align: center;\">8<\/td>\n<td class=\"col4\">C.SOUMILLON<\/td>\n<td class=\"col5\">57.0 kg<\/td>\n<td class=\"col6\">A.FOUASSIER<\/td>\n<td class=\"col7\" style=\"text-align: center;\">37.0<\/td>\n<td class=\"col8\" style=\"text-align: right;\">56660 \u20ac<\/td>\n<\/tr>\n<tr class=\"row2\" style=\"text-align: left; background-color: #FFFFFF; line-height: 15px;\">\n<td class=\"col1\" style=\"text-align: center; width: 65px;font-weight: bold;\">5<\/td>\n<td class=\"col2\"><a href=\"https:\/\/www.equidia.fr\/chevaux\/maia-star?horse_uuid=7ce8febd-d287-4e4c-a5a7-542b98504a32\" target=\"_blank\" rel=\"noopener\">MAIA STAR<\/a><\/td>\n<td class=\"col3\" style=\"text-align: center;\">3<\/td>\n<td class=\"col4\">C.LECOEUVRE<\/td>\n<td class=\"col5\">57.0 kg<\/td>\n<td class=\"col6\">JPH .DUBOIS<\/td>\n<td class=\"col7\" style=\"text-align: center;\">37.0<\/td>\n<td class=\"col8\" style=\"text-align: right;\">27220 \u20ac<\/td>\n<\/tr>\n<tr class=\"row3\" style=\"text-align: left; background-color: rgb(218, 218, 226); line-height: 15px;\">\n<td class=\"col1\" style=\"text-align: center; width: 65px;font-weight: bold;\">6<\/td>\n<td class=\"col2\"><a href=\"https:\/\/www.equidia.fr\/chevaux\/tyra?horse_uuid=5793f6fd-f99c-4123-b5bc-c120e7d6cf3d\" target=\"_blank\" rel=\"noopener\">TYRA<\/a><\/td>\n<td class=\"col3\" style=\"text-align: center;\">16<\/td>\n<td class=\"col4\">M.GUYON<\/td>\n<td class=\"col5\">57.0 kg<\/td>\n<td class=\"col6\">A.FABRE (S)<\/td>\n<td class=\"col7\" style=\"text-align: center;\">37.0<\/td>\n<td class=\"col8\" style=\"text-align: right;\">22700 \u20ac<\/td>\n<\/tr>\n<tr class=\"row2\" style=\"text-align: left; background-color: #FFFFFF; line-height: 15px;\">\n<td class=\"col1\" style=\"text-align: center; width: 65px;font-weight: bold;\">7<\/td>\n<td class=\"col2\"><a href=\"https:\/\/www.equidia.fr\/chevaux\/earendel?horse_uuid=5b74f9ec-68da-441c-8b81-fa95d4eae7f3\" target=\"_blank\" rel=\"noopener\">EARENDEL<\/a><\/td>\n<td class=\"col3\" style=\"text-align: center;\">2<\/td>\n<td class=\"col4\">S.PASQUIER<\/td>\n<td class=\"col5\">56.5 kg<\/td>\n<td class=\"col6\">A.FABRE (S)<\/td>\n<td class=\"col7\" style=\"text-align: center;\">36.5<\/td>\n<td class=\"col8\" style=\"text-align: right;\">26450 \u20ac<\/td>\n<\/tr>\n<tr class=\"row3\" style=\"text-align: left; background-color: rgb(218, 218, 226); line-height: 15px;\">\n<td class=\"col1\" style=\"text-align: center; width: 65px;font-weight: bold;\">8<\/td>\n<td class=\"col2\"><a href=\"https:\/\/www.equidia.fr\/chevaux\/lerfal?horse_uuid=175ef088-72fd-4775-a57d-5f8eefd1a0f4\" target=\"_blank\" rel=\"noopener\">LERFAL<\/a><\/td>\n<td class=\"col3\" style=\"text-align: center;\">9<\/td>\n<td class=\"col4\">R.THOMAS<\/td>\n<td class=\"col5\">56.5 kg<\/td>\n<td class=\"col6\">C&amp;Y.LERNER (S)<\/td>\n<td class=\"col7\" style=\"text-align: center;\">36.5<\/td>\n<td class=\"col8\" style=\"text-align: right;\">20320 \u20ac<\/td>\n<\/tr>\n<tr class=\"row2\" style=\"text-align: left; background-color: #FFFFFF; line-height: 15px;\">\n<td class=\"col1\" style=\"text-align: center; width: 65px;font-weight: bold;\">9<\/td>\n<td class=\"col2\"><a href=\"https:\/\/www.equidia.fr\/chevaux\/alathea?horse_uuid=7a288b5a-67c8-4999-8c69-63477ce89e37\" target=\"_blank\" rel=\"noopener\">ALATHEA<\/a><\/td>\n<td class=\"col3\" style=\"text-align: center;\">6<\/td>\n<td class=\"col4\">R.PEHU<\/td>\n<td class=\"col5\">56.0 kg<\/td>\n<td class=\"col6\">CH.PLISSON (S)<\/td>\n<td class=\"col7\" style=\"text-align: center;\">36.0<\/td>\n<td class=\"col8\" style=\"text-align: right;\">81985 \u20ac<\/td>\n<\/tr>\n<tr class=\"row3\" style=\"text-align: left; background-color: rgb(218, 218, 226); line-height: 15px;\">\n<td class=\"col1\" style=\"text-align: center; width: 65px;font-weight: bold;\">10<\/td>\n<td class=\"col2\"><a href=\"https:\/\/www.equidia.fr\/chevaux\/chica-de-ciudad?horse_uuid=2a4fec87-e04b-47e0-b8f7-fdeada24d0aa\" target=\"_blank\" rel=\"noopener\">CHICA DE CIUDAD<\/a><\/td>\n<td class=\"col3\" style=\"text-align: center;\">10<\/td>\n<td class=\"col4\">A.BARON<\/td>\n<td class=\"col5\">55.5 kg<\/td>\n<td class=\"col6\">P.CHEVIGNY DE<\/td>\n<td class=\"col7\" style=\"text-align: center;\">35.5<\/td>\n<td class=\"col8\" style=\"text-align: right;\">30650 \u20ac<\/td>\n<\/tr>\n<tr class=\"row2\" style=\"text-align: left; background-color: #FFFFFF; line-height: 15px;\">\n<td class=\"col1\" style=\"text-align: center; width: 65px;font-weight: bold;\">11<\/td>\n<td class=\"col2\"><a href=\"https:\/\/www.equidia.fr\/chevaux\/amor-a-mani?horse_uuid=6812c310-81ee-45fc-81cb-0c48a69160b3\" target=\"_blank\" rel=\"noopener\">AMOR A MANI<\/a><\/td>\n<td class=\"col3\" style=\"text-align: center;\">12<\/td>\n<td class=\"col4\">T.TRULLIER<\/td>\n<td class=\"col5\">55.5 kg<\/td>\n<td class=\"col6\">CLEMENT &amp; HERMANS (S)<\/td>\n<td class=\"col7\" style=\"text-align: center;\">35.5<\/td>\n<td class=\"col8\" style=\"text-align: right;\">14250 \u20ac<\/td>\n<\/tr>\n<tr class=\"row3\" style=\"text-align: left; background-color: rgb(218, 218, 226); line-height: 15px;\">\n<td class=\"col1\" style=\"text-align: center; width: 65px;font-weight: bold;\">12<\/td>\n<td class=\"col2\"><a href=\"https:\/\/www.equidia.fr\/chevaux\/cocoon-quatre?horse_uuid=116970e0-2807-44e6-ae2f-eb68f4a71a1e\" target=\"_blank\" rel=\"noopener\">COCOON QUATRE<\/a><\/td>\n<td class=\"col3\" style=\"text-align: center;\">14<\/td>\n<td class=\"col4\">M.VELON<\/td>\n<td class=\"col5\">55.0 kg<\/td>\n<td class=\"col6\">C.CORDUAN<\/td>\n<td class=\"col7\" style=\"text-align: center;\">35.0<\/td>\n<td class=\"col8\" style=\"text-align: right;\">52105 \u20ac<\/td>\n<\/tr>\n<tr class=\"row2\" style=\"text-align: left; background-color: #FFFFFF; line-height: 15px;\">\n<td class=\"col1\" style=\"text-align: center; width: 65px;font-weight: bold;\">13<\/td>\n<td class=\"col2\"><a href=\"https:\/\/www.equidia.fr\/chevaux\/wedgewood-pearl?horse_uuid=6d897457-a5fb-4078-a5ba-59008e004f81\" target=\"_blank\" rel=\"noopener\">WEDGEWOOD PEARL<\/a><\/td>\n<td class=\"col3\" style=\"text-align: center;\">11<\/td>\n<td class=\"col4\">A.MOLINS<\/td>\n<td class=\"col5\">55.0 kg<\/td>\n<td class=\"col6\">P.CHEVIGNY DE<\/td>\n<td class=\"col7\" style=\"text-align: center;\">35.0<\/td>\n<td class=\"col8\" style=\"text-align: right;\">43825 \u20ac<\/td>\n<\/tr>\n<tr class=\"row3\" style=\"text-align: left; background-color: rgb(218, 218, 226); line-height: 15px;\">\n<td class=\"col1\" style=\"text-align: center; width: 65px;font-weight: bold;\">14<\/td>\n<td class=\"col2\"><a href=\"https:\/\/www.equidia.fr\/chevaux\/summer-breeze-1?horse_uuid=2b427b36-3365-491a-b819-dd6946d0c31b\" target=\"_blank\" rel=\"noopener\">SUMMER BREEZE<\/a><\/td>\n<td class=\"col3\" style=\"text-align: center;\">1<\/td>\n<td class=\"col4\">C.DEMURO<\/td>\n<td class=\"col5\">55.0 kg<\/td>\n<td class=\"col6\">T.SPEICHER<\/td>\n<td class=\"col7\" style=\"text-align: center;\">35.0<\/td>\n<td class=\"col8\" style=\"text-align: right;\">18260 \u20ac<\/td>\n<\/tr>\n<tr class=\"row2\" style=\"text-align: left; background-color: #FFFFFF; line-height: 15px;\">\n<td class=\"col1\" style=\"text-align: center; width: 65px;font-weight: bold;\">15<\/td>\n<td class=\"col2\"><a href=\"https:\/\/www.equidia.fr\/chevaux\/melbora?horse_uuid=2eb57083-de1f-4412-b10d-1aef3b3edeaa\" target=\"_blank\" rel=\"noopener\">MELBORA<\/a><\/td>\n<td class=\"col3\" style=\"text-align: center;\">7<\/td>\n<td class=\"col4\">A.MADAMET<\/td>\n<td class=\"col5\">54.0 kg<\/td>\n<td class=\"col6\">E.MIKHALIDES (S)<\/td>\n<td class=\"col7\" style=\"text-align: center;\">34.0<\/td>\n<td class=\"col8\" style=\"text-align: right;\">96020 \u20ac<\/td>\n<\/tr>\n<tr class=\"row3\" style=\"text-align: left; background-color: rgb(218, 218, 226); line-height: 15px;\">\n<td class=\"col1\" style=\"text-align: center; width: 65px;font-weight: bold;\">16<\/td>\n<td class=\"col2\"><a href=\"https:\/\/www.equidia.fr\/chevaux\/veules?horse_uuid=2dae1235-2ef8-4df7-bd49-7d71cb21f8f8\" target=\"_blank\" rel=\"noopener\">VEULES<\/a><\/td>\n<td class=\"col3\" style=\"text-align: center;\">15<\/td>\n<td class=\"col4\">A.ORANI<\/td>\n<td class=\"col5\">54.0 kg<\/td>\n<td class=\"col6\">J.REYNIER (S)<\/td>\n<td class=\"col7\" style=\"text-align: center;\">34.0<\/td>\n<td class=\"col8\" style=\"text-align: right;\">61100 \u20ac<\/td>\n<\/tr>\n<p><strong>Les forces en pr\u00e9sence<\/strong><\/p>\n<p style=\"text-align: justify;\">Apr\u00e8s une rentr\u00e9e int\u00e9ressante dans le Prix Dunette, sur ce parcours, <a href=\"https:\/\/www.equidia.fr\/chevaux\/maia-star?horse_uuid=7ce8febd-d287-4e4c-a5a7-542b98504a32\" target=\"_blank\" rel=\"noopener\">MAIA STAR (5)<\/a> a depuis fourni un bel effort final dans le Quint\u00e9+ du 17 avril et s&rsquo;annonce redoutable dans cette \u00e9preuve r\u00e9serv\u00e9e aux seules femelles.<\/p>\n<p style=\"text-align: justify;\"><a href=\"https:\/\/www.equidia.fr\/chevaux\/tyra?horse_uuid=5793f6fd-f99c-4123-b5bc-c120e7d6cf3d\" target=\"_blank\" rel=\"noopener\">TYRA (6)<\/a> a, jusqu&rsquo;ici, affront\u00e9 des lots relev\u00e9s et semble comp\u00e9titive pour sa premi\u00e8re tentative \u00e0 ce niveau, en valeur 37. <a href=\"https:\/\/www.equidia.fr\/chevaux\/melbora?horse_uuid=2eb57083-de1f-4412-b10d-1aef3b3edeaa\" target=\"_blank\" rel=\"noopener\">MELBORA (15)<\/a> reste sur une belle victoire pour son retour sur le gazon. Rompue \u00e0 ce genre d&rsquo;exercice, elle ambitionnera une place sur le podium, \u00e0 l&rsquo;instar de <a href=\"https:\/\/www.equidia.fr\/chevaux\/tilila?horse_uuid=17f94c95-7401-46b3-b841-c11f1885e70d\" target=\"_blank\" rel=\"noopener\">TILILA (3)<\/a>, laur\u00e9ate d&rsquo;une \u00e9preuve similaire le 20 mars, et de <a href=\"https:\/\/www.equidia.fr\/chevaux\/wedgewood-pearl?horse_uuid=6d897457-a5fb-4078-a5ba-59008e004f81\" target=\"_blank\" rel=\"noopener\">WEDGEWOOD PEARL (13)<\/a>, en grande forme. <a href=\"https:\/\/www.equidia.fr\/chevaux\/veules?horse_uuid=2dae1235-2ef8-4df7-bd49-7d71cb21f8f8\" target=\"_blank\" rel=\"noopener\">VEULES (16)<\/a> s&rsquo;est class\u00e9e quatri\u00e8me de la course de r\u00e9f\u00e9rence et a prouv\u00e9 \u00e0 cette occasion sa comp\u00e9titivit\u00e9 \u00e0 ce niveau.<\/p>\n<p style=\"text-align: justify;\"><a href=\"https:\/\/www.equidia.fr\/chevaux\/bonny-glitters?horse_uuid=644bf51b-694b-41de-8c92-ac7aa5c38064\" target=\"_blank\" rel=\"noopener\">BONNY GLITTERS (4)<\/a> a d\u00e9fait un lot de bon aloi \u00e0 Machecoul et d\u00e9tient une belle carte \u00e0 jouer, tout comme <a href=\"https:\/\/www.equidia.fr\/chevaux\/summer-breeze-1?horse_uuid=2b427b36-3365-491a-b819-dd6946d0c31b\" target=\"_blank\" rel=\"noopener\">SUMMER BREEZE (14)<\/a>, qui conserve la confiance de Cristian Demuro.<\/p>\n<p><strong>Le prono de FREDDY BOERSCH<\/strong><\/p>\n<tr cellpadding=\"0\" cellspacing=\"10\" class=\"row5\" style=\"text-align: left; background-color: #FFFFFF; font-size: 130%;\">\n<td style=\"text-align: center;\">5<\/td>\n<td style=\"text-align: center;\">6<\/td>\n<td style=\"text-align: center;\">15<\/td>\n<td style=\"text-align: center;\">3<\/td>\n<td style=\"text-align: center;\">13<\/td>\n<td style=\"text-align: center;\">16<\/td>\n<td style=\"text-align: center;\">4<\/td>\n<td style=\"text-align: center;\">14<\/td>\n<\/tr>\n<tr class=\"row6\" style=\"text-align: center; background-color: #FFFFFF; column-width: 6rem;\">\n<td class=\"col5\"><img decoding=\"async\" alt=\"casaque_MAIA STAR\" class=\"cas\" src=\"https:\/\/www.europesays.com\/fr\/wp-content\/uploads\/2025\/05\/20250519-r1c1p5-png.png\" style=\" width: 70%;\"\/><\/p>\n<p class=\"col10\" style=\"font-size: x-small; line-height: 11px;;\">MAIA STAR<\/p>\n<\/td>\n<td class=\"col6\"><img decoding=\"async\" alt=\"casaque_TYRA\" class=\"cas\" src=\"https:\/\/www.europesays.com\/fr\/wp-content\/uploads\/2025\/05\/20250519-r1c1p6-png.png\" style=\" width: 70%;\"\/><\/p>\n<p class=\"col10\" style=\"font-size: x-small; line-height: 11px;;\">TYRA<\/p>\n<\/td>\n<td class=\"col15\"><img decoding=\"async\" alt=\"casaque_MELBORA\" class=\"cas\" src=\"https:\/\/www.europesays.com\/fr\/wp-content\/uploads\/2025\/05\/20250519-r1c1p15-png.png\" style=\" width: 70%;\"\/><\/p>\n<p class=\"col10\" style=\"font-size: x-small; line-height: 11px;;\">MELBORA<\/p>\n<\/td>\n<td class=\"col3\"><img decoding=\"async\" alt=\"casaque_TILILA\" class=\"cas\" src=\"https:\/\/www.europesays.com\/fr\/wp-content\/uploads\/2025\/05\/20250519-r1c1p3-png.png\" style=\" width: 70%;\"\/><\/p>\n<p class=\"col10\" style=\"font-size: x-small; line-height: 11px;;\">TILILA<\/p>\n<\/td>\n<td class=\"col13\"><img decoding=\"async\" alt=\"casaque_WEDGEWOOD PEARL\" class=\"cas\" src=\"https:\/\/www.europesays.com\/fr\/wp-content\/uploads\/2025\/05\/20250519-r1c1p13-png.png\" style=\" width: 70%;\"\/><\/p>\n<p class=\"col10\" style=\"font-size: x-small; line-height: 11px;;\">WEDGEWOOD PEARL<\/p>\n<\/td>\n<td class=\"col16\"><img decoding=\"async\" alt=\"casaque_VEULES\" class=\"cas\" src=\"https:\/\/www.europesays.com\/fr\/wp-content\/uploads\/2025\/05\/20250519-r1c1p16-png.png\" style=\" width: 70%;\"\/><\/p>\n<p class=\"col10\" style=\"font-size: x-small; line-height: 11px;;\">VEULES<\/p>\n<\/td>\n<td class=\"col4\"><img decoding=\"async\" alt=\"casaque_BONNY GLITTERS\" class=\"cas\" src=\"https:\/\/www.europesays.com\/fr\/wp-content\/uploads\/2025\/05\/20250519-r1c1p4-png.png\" style=\" width: 70%;\"\/><\/p>\n<p class=\"col10\" style=\"font-size: x-small; line-height: 11px;;\">BONNY GLITTERS<\/p>\n<\/td>\n<td class=\"col14\"><img decoding=\"async\" alt=\"casaque_SUMMER BREEZE\" class=\"cas\" src=\"https:\/\/www.europesays.com\/fr\/wp-content\/uploads\/2025\/05\/20250519-r1c1p14-png.png\" style=\" width: 70%;\"\/><\/p>\n<p class=\"col10\" style=\"font-size: x-small; line-height: 11px;;\">SUMMER BREEZE<\/p>\n<\/td>\n<\/tr>\n<p><a href=\"https:\/\/servedby.revive-adserver.net\/ck.php?n=a3265498&amp;cb=1234\" target=\"_blank\" rel=\"noopener\"><img decoding=\"async\" alt=\"\" border=\"0\" src=\"https:\/\/www.europesays.com\/fr\/wp-content\/uploads\/2025\/05\/1747581439_917_avw\"\/><\/a><\/p>\n<p><strong>Les partants en d\u00e9tail (par F. BOERSCH) et l&rsquo;avis des pros (par M. BERTELLA)<\/strong><\/p>\n<p id=\"ch_PRESA DIRETTA\" style=\"margin-bottom: 1%;\"><a href=\"https:\/\/www.equidia.fr\/chevaux\/presa-diretta?horse_uuid=f4b0236e-7aed-41d9-b6dc-69b1aa57c360\" target=\"_blank\" rel=\"noopener\">1 &#8211; \u00a0<img decoding=\"async\" alt=\"casaque_PRESA DIRETTA\" src=\"https:\/\/www.europesays.com\/fr\/wp-content\/uploads\/2025\/05\/20250519-r1c1p1-png.png\" style=\"width: 4.5%; margin :0; vertical-align : middle;\"\/>\u00a0\u00a0PRESA DIRETTA<\/a><\/p>\n<p style=\"text-align: justify;\">Alors qu&rsquo;elle \u00e9tait absente depuis le mois de juin, cette repr\u00e9sentante de l&rsquo;\u00e9curie Mazantinni a effectu\u00e9 une rentr\u00e9e int\u00e9ressante \u00e0 Pau, en se classant quatri\u00e8me, avant de remporter trois handicaps d&rsquo;affil\u00e9e. Elle voit sa marge se r\u00e9duire fortement avec les vingt-trois livres de surcharge cumul\u00e9es. Jamais mieux que sixi\u00e8me sur cette piste, elle n&rsquo;aura pas la partie facile.<\/p>\n<p><strong>Alberto Carrasco Sanchez, entra\u00eeneur : <\/strong><\/p>\n<p style=\"text-align: justify;\">\u00ab Presa Diretta (1) a r\u00e9alis\u00e9 une belle performance l&rsquo;autre jour \u00e0 Chantilly en s&rsquo;imposant facilement dans un Quint\u00e9+. Nous avions un bon num\u00e9ro dans les stalles de d\u00e9part, et son jockey en a profit\u00e9 pour la monter un peu plus pr\u00e8s que d&rsquo;habitude. Cela lui a \u00e9t\u00e9 b\u00e9n\u00e9fique. Elle a \u00e9t\u00e9 p\u00e9nalis\u00e9e au poids et doit d\u00e9sormais confirmer \u00e0 cette valeur. Toutefois, je la pense capable de porter 61 kilos sur le dos. En tout cas, je n&rsquo;ai aucun doute sur le fait qu&rsquo;elle puisse de nouveau disputer l&rsquo;arriv\u00e9e, au vu de sa forme et de son moral. Sachez que la distance un peu plus longue ne devrait pas la d\u00e9ranger. \u00bb<\/p>\n<p id=\"ch_DANCING QUEEN\" style=\"margin-bottom: 1%;\"><a href=\"https:\/\/www.equidia.fr\/chevaux\/dancing-queen-224441?horse_uuid=b915cde4-3b77-401b-a458-c61958a57bcf\" target=\"_blank\" rel=\"noopener\">2 &#8211; \u00a0<img decoding=\"async\" alt=\"casaque_DANCING QUEEN\" src=\"https:\/\/www.europesays.com\/fr\/wp-content\/uploads\/2025\/05\/20250519-r1c1p2-png.png\" style=\"width: 4.5%; margin :0; vertical-align : middle;\"\/>\u00a0\u00a0DANCING QUEEN<\/a><\/p>\n<p style=\"text-align: justify;\">Apr\u00e8s plusieurs accessits en d\u00e9but d&rsquo;ann\u00e9e, ce repr\u00e9sentant du Haras du Logis Saint-Germain a renou\u00e9 avec la victoire dans un handicap \u00e0 Marseille-Bor\u00e9ly avant de ne pouvoir r\u00e9p\u00e9ter sur le mile de Chantilly. Elle devrait appr\u00e9cier la distance, plus longue qu&rsquo;en dernier lieu, mais n&rsquo;a jamais fait mieux que treizi\u00e8me en deux participations \u00e0 des Quint\u00e9+. Affaire d&rsquo;impression.<\/p>\n<p><strong>J\u00e9r\u00f4me Reynier, entra\u00eeneur : <\/strong><\/p>\n<p style=\"text-align: justify;\">\u00ab Dancing Queen (2) n&rsquo;a jamais \u00e9t\u00e9 dans le coup derni\u00e8rement dans le Quint\u00e9+ \u00e0 Chantilly. Les conditions n&rsquo;\u00e9taient pas \u00e0 son avantage et la course a \u00e9t\u00e9 trop rapide pour ses aptitudes. Elle sera certainement plus \u00e0 son aise sur cette distance plus longue. Elle ne dispose pas de beaucoup de marge de man\u0153uvre, et son num\u00e9ro de corde \u00e0 l&rsquo;ext\u00e9rieur ne va pas l&rsquo;aider non plus. De plus, elle aurait pr\u00e9f\u00e9r\u00e9 un terrain un peu plus souple. Dans ces conditions, sa t\u00e2che s&rsquo;annonce compliqu\u00e9e. \u00bb<\/p>\n<p id=\"ch_TILILA\" style=\"margin-bottom: 1%;\"><a href=\"https:\/\/www.equidia.fr\/chevaux\/tilila?horse_uuid=17f94c95-7401-46b3-b841-c11f1885e70d\" target=\"_blank\" rel=\"noopener\">3 &#8211; \u00a0<img decoding=\"async\" alt=\"casaque_TILILA\" src=\"https:\/\/www.europesays.com\/fr\/wp-content\/uploads\/2025\/05\/1747581440_15_20250519-r1c1p3-png.png\" style=\"width: 4.5%; margin :0; vertical-align : middle;\"\/>\u00a0\u00a0TILILA<\/a><\/p>\n<p style=\"text-align: justify;\">Pour sa seule tentative sur le parcours du jour, cette prot\u00e9g\u00e9e des \u00e9poux Fabre s&rsquo;est plaisamment impos\u00e9e alors qu&rsquo;elle n&rsquo;avait pas couru depuis plusieurs mois. Elle a depuis \u00e9t\u00e9 domin\u00e9e \u00e0 ParisLongchamp face aux m\u00e2les, mais trouve ici une belle occasion de refaire parler d&rsquo;elle dans cette \u00e9preuve r\u00e9serv\u00e9e aux femelles. Dans le coup.<\/p>\n<p><strong>Alexis Pouchin, jockey : <\/strong><\/p>\n<p style=\"text-align: justify;\">\u00ab Tilila (3) a remport\u00e9 son Quint\u00e9+ sur ce parcours l&rsquo;avant-derni\u00e8re fois et logiquement moins de marge de man\u0153uvre depuis. Avec une course favorable, elle est toutefois en mesure d&rsquo;accrocher une place. \u00bb<\/p>\n<p id=\"ch_BONNY GLITTERS\" style=\"margin-bottom: 1%;\"><a href=\"https:\/\/www.equidia.fr\/chevaux\/bonny-glitters?horse_uuid=644bf51b-694b-41de-8c92-ac7aa5c38064\" target=\"_blank\" rel=\"noopener\">4 &#8211; \u00a0<img decoding=\"async\" alt=\"casaque_BONNY GLITTERS\" src=\"https:\/\/www.europesays.com\/fr\/wp-content\/uploads\/2025\/05\/1747581440_955_20250519-r1c1p4-png.png\" style=\"width: 4.5%; margin :0; vertical-align : middle;\"\/>\u00a0\u00a0BONNY GLITTERS<\/a><\/p>\n<p style=\"text-align: justify;\">Surtout en vue \u00e0 Pornichet-La Baule ces derni\u00e8res ann\u00e9es, cette jument de G\u00e9rard Augustin-Normand s&rsquo;est honorablement comport\u00e9e dans le Prix Dunette le 20 mars, avant de s&rsquo;imposer plaisamment \u00e0 Machecoul dans une \u00e9preuve tout de m\u00eame relev\u00e9e. Si elle r\u00e9p\u00e8te une telle performance, elle aura incontestablement son mot \u00e0 dire en valeur 37.<\/p>\n<p><strong>Adrien Fouassier, entra\u00eeneur : <\/strong><\/p>\n<p style=\"text-align: justify;\">\u00ab Bonny Glitters (4) a bien couru l&rsquo;avant-derni\u00e8re fois \u00e0 ce niveau sur ce parcours, mais la jument n&rsquo;\u00e9tait pas \u00e0 100 %. Elle est nettement mieux d\u00e9sormais. Elle est en pleine forme et arrive au top pour cette \u00e9preuve. Elle s&rsquo;est impos\u00e9e tr\u00e8s facilement en dernier lieu sur l&rsquo;hippodrome de Machecoul, dans un lot tr\u00e8s correct. Cette course m&rsquo;a permis de la maintenir en condition pour ce Quint\u00e9+ et je suis enti\u00e8rement satisfait de la jument. Elle a pris un kilo sur l&rsquo;\u00e9chelle des valeurs apr\u00e8s cette sortie, mais pour moi, elle reste comp\u00e9titive. Je suis tr\u00e8s confiant, et je serais d\u00e9\u00e7u de ne pas monter sur le podium. \u00bb<\/p>\n<p id=\"ch_MAIA STAR\" style=\"margin-bottom: 1%;\"><a href=\"https:\/\/www.equidia.fr\/chevaux\/maia-star?horse_uuid=7ce8febd-d287-4e4c-a5a7-542b98504a32\" target=\"_blank\" rel=\"noopener\">5 &#8211; \u00a0<img decoding=\"async\" alt=\"casaque_MAIA STAR\" src=\"https:\/\/www.europesays.com\/fr\/wp-content\/uploads\/2025\/05\/1747581440_376_20250519-r1c1p5-png.png\" style=\"width: 4.5%; margin :0; vertical-align : middle;\"\/>\u00a0\u00a0MAIA STAR<\/a><\/p>\n<p style=\"text-align: justify;\">Auteur d&rsquo;une rentr\u00e9e encourageante (8e) dans le Prix Dunette, une \u00e9preuve de r\u00e9f\u00e9rence remport\u00e9e par TILILA (3), elle a depuis fourni un tr\u00e8s bel effort final dans le Quint\u00e9+ du 17 avril, face aux m\u00e2les. Elle est sur la montante et semble comp\u00e9titive en valeur 37. Laur\u00e9ate potentielle.<\/p>\n<p><strong>Cl\u00e9ment Lecoeuvre, jockey : <\/strong><\/p>\n<p style=\"text-align: justify;\">\u00ab Maia Star (5) a couru en progr\u00e8s derni\u00e8rement dans un Quint\u00e9+. Il est vrai qu&rsquo;elle aurait \u00e9t\u00e9 plus performante sur une piste souple, mais elle garde tout de m\u00eame son mot \u00e0 dire. Je pense qu&rsquo;elle devrait gagner son Quint\u00e9+ cette saison, mais pour lundi, \u00e9tant donn\u00e9 qu&rsquo;elle n&rsquo;aura pas son terrain, je la vois plut\u00f4t prendre une place. \u00bb<\/p>\n<p id=\"ch_TYRA\" style=\"margin-bottom: 1%;\"><a href=\"https:\/\/www.equidia.fr\/chevaux\/tyra?horse_uuid=5793f6fd-f99c-4123-b5bc-c120e7d6cf3d\" target=\"_blank\" rel=\"noopener\">6 &#8211; \u00a0<img decoding=\"async\" alt=\"casaque_TYRA\" src=\"https:\/\/www.europesays.com\/fr\/wp-content\/uploads\/2025\/05\/1747581440_952_20250519-r1c1p6-png.png\" style=\"width: 4.5%; margin :0; vertical-align : middle;\"\/>\u00a0\u00a0TYRA<\/a><\/p>\n<p style=\"text-align: justify;\">Lors de ses deux sorties de l&rsquo;ann\u00e9e, cette jument des fr\u00e8res Wertheimer a pris deux quatri\u00e8mes places dans des lots bien mieux compos\u00e9s. Elle retrouve la distance de sa seule victoire et semble plut\u00f4t bien plac\u00e9e en valeur 37. Elle s&rsquo;est endurcie au fil des courses et pourrait bien lutter pour la victoire d&rsquo;entr\u00e9e de jeu dans cette cat\u00e9gorie.<\/p>\n<p><strong>L&rsquo;avis du reporter : <\/strong><\/p>\n<p style=\"text-align: justify;\">\u00ab Tyra (6) a r\u00e9alis\u00e9 une excellente ann\u00e9e de 3 ans l&rsquo;an pass\u00e9 et a fait bonne contenance dans des lots int\u00e9ressants cette saison. Au vu de ses performances, cette pensionnaire d&rsquo;Andr\u00e9 Fabre est \u00e0 suivre de pr\u00e8s pour ses d\u00e9buts dans les handicaps, en valeur 37. \u00bb<\/p>\n<p id=\"ch_EARENDEL\" style=\"margin-bottom: 1%;\"><a href=\"https:\/\/www.equidia.fr\/chevaux\/earendel?horse_uuid=5b74f9ec-68da-441c-8b81-fa95d4eae7f3\" target=\"_blank\" rel=\"noopener\">7 &#8211; \u00a0<img decoding=\"async\" alt=\"casaque_EARENDEL\" src=\"https:\/\/www.europesays.com\/fr\/wp-content\/uploads\/2025\/05\/20250519-r1c1p7-png.png\" style=\"width: 4.5%; margin :0; vertical-align : middle;\"\/>\u00a0\u00a0EARENDEL<\/a><\/p>\n<p style=\"text-align: justify;\">Non partante<\/p>\n<p id=\"ch_LERFAL\" style=\"margin-bottom: 1%;\"><a href=\"https:\/\/www.equidia.fr\/chevaux\/lerfal?horse_uuid=175ef088-72fd-4775-a57d-5f8eefd1a0f4\" target=\"_blank\" rel=\"noopener\">8 &#8211; \u00a0<img decoding=\"async\" alt=\"casaque_LERFAL\" src=\"https:\/\/www.europesays.com\/fr\/wp-content\/uploads\/2025\/05\/20250519-r1c1p8-png.png\" style=\"width: 4.5%; margin :0; vertical-align : middle;\"\/>\u00a0\u00a0LERFAL<\/a><\/p>\n<p style=\"text-align: justify;\">Apr\u00e8s avoir remport\u00e9 un handicap en fin d&rsquo;ann\u00e9e \u00e0 Deauville et pris une cinqui\u00e8me place dans un Quint\u00e9+, cette pensionnaire de la famille Lerner n&rsquo;a toutefois pas confirm\u00e9 \u00e0 Chantilly le 4 mars. Elle est absente depuis et va retrouver le gazon, surface sur laquelle elle semble un peu moins performante. Sans nous.<\/p>\n<p><strong>Yann Lerner, entra\u00eeneur : <\/strong><\/p>\n<p style=\"text-align: justify;\">\u00ab Lerfal (8) a connu un petit souci de sant\u00e9 lors de sa derni\u00e8re course, mais tout est rentr\u00e9 dans l&rsquo;ordre. La pouliche semble en forme, et elle a montr\u00e9 lors de son avant-derni\u00e8re sortie qu&rsquo;elle \u00e9tait comp\u00e9titive \u00e0 ce niveau. Toutefois, je pense qu&rsquo;elle va manquer de condition pour ce Quint\u00e9+. \u00bb<\/p>\n<p id=\"ch_ALATHEA\" style=\"margin-bottom: 1%;\"><a href=\"https:\/\/www.equidia.fr\/chevaux\/alathea?horse_uuid=7a288b5a-67c8-4999-8c69-63477ce89e37\" target=\"_blank\" rel=\"noopener\">9 &#8211; \u00a0<img decoding=\"async\" alt=\"casaque_ALATHEA\" src=\"https:\/\/www.europesays.com\/fr\/wp-content\/uploads\/2025\/05\/20250519-r1c1p9-png.png\" style=\"width: 4.5%; margin :0; vertical-align : middle;\"\/>\u00a0\u00a0ALATHEA<\/a><\/p>\n<p style=\"text-align: justify;\">Cette concurrente de Michel Pehu vient de s&rsquo;imposer s\u00fbrement au Lion d&rsquo;Angers, mais b\u00e9n\u00e9ficiait ce jour-l\u00e0 d&rsquo;une d\u00e9charge. Elle va devoir composer avec les trois kilos de p\u00e9nalisation et monte s\u00e9rieusement de cat\u00e9gorie pour l&rsquo;occasion. Malgr\u00e9 sa forme, nous lui avons pr\u00e9f\u00e9r\u00e9 d&rsquo;autres candidatures.<\/p>\n<p><strong>Christophe Plisson, entra\u00eeneur : <\/strong><\/p>\n<p style=\"text-align: justify;\">\u00ab Alathea (9) reste sur un plaisant succ\u00e8s sur l&rsquo;hippodrome du Lion-d&rsquo;Angers. Elle a \u00e9t\u00e9 p\u00e9nalis\u00e9e au poids et nous n&rsquo;avons plus vraiment le choix des engagements, donc on tente le coup, d&rsquo;autant qu&rsquo;elle avait gagn\u00e9 \u00e0 ce niveau par le pass\u00e9. Il y a des juments qui tiennent la route, mais au vu de sa forme, je pense qu&rsquo;elle est capable de prendre une place. Sachez que je ne serais pas \u00e9tonn\u00e9 de la voir terminer dans la bonne combinaison du Quint\u00e9+, car elle a tout de m\u00eame un peu de qualit\u00e9. \u00bb<\/p>\n<p id=\"ch_CHICA DE CIUDAD\" style=\"margin-bottom: 1%;\"><a href=\"https:\/\/www.equidia.fr\/chevaux\/chica-de-ciudad?horse_uuid=2a4fec87-e04b-47e0-b8f7-fdeada24d0aa\" target=\"_blank\" rel=\"noopener\">10 &#8211; \u00a0<img decoding=\"async\" alt=\"casaque_CHICA DE CIUDAD\" src=\"https:\/\/www.europesays.com\/fr\/wp-content\/uploads\/2025\/05\/20250519-r1c1p10-png.png\" style=\"width: 4.5%; margin :0; vertical-align : middle;\"\/>\u00a0\u00a0CHICA DE CIUDAD<\/a><\/p>\n<p style=\"text-align: justify;\">Facile laur\u00e9ate de deux courses cet hiver \u00e0 Deauville, dont un handicap qui lui a valu sept livres de surcharge, cette prot\u00e9g\u00e9e de Paul de Chevigny n&rsquo;a toutefois pu faire mieux que dixi\u00e8me pour sa rentr\u00e9e dans le premier Quint\u00e9+ de sa carri\u00e8re. Elle devrait toutefois progresser l\u00e0-dessus et n&rsquo;aura pas les m\u00e2les sur sa route cette fois. Notre regret !<\/p>\n<p><strong>Paul De Chevigny, entra\u00eeneur : <\/strong><\/p>\n<p style=\"text-align: justify;\">\u00ab Chica de Ciudad (10) a effectu\u00e9 une rentr\u00e9e moyenne dans un Quint\u00e9+, mais ce jour-l\u00e0, Ambre Molins m&rsquo;a dit qu&rsquo;elle n&rsquo;avait pas appr\u00e9ci\u00e9 la PSF, qui \u00e9tait collante. Elle aurait d\u00fb recourir depuis, mais nous avons eu un petit contretemps, donc elle a \u00e9t\u00e9 d\u00e9clar\u00e9e non-partante. Tout est rentr\u00e9 dans l&rsquo;ordre depuis, et tout va bien pour l&rsquo;heure. Elle va retrouver une piste qui va lui convenir. Maintenant, elle doit faire ses preuves \u00e0 cette valeur handicap. C&rsquo;est une pouliche capable d&rsquo;acc\u00e9l\u00e9rer fort \u00e0 l&rsquo;issue d&rsquo;une course rythm\u00e9e, donc j&rsquo;esp\u00e8re tout de m\u00eame qu&rsquo;elle pourra accrocher une place. \u00bb<\/p>\n<p id=\"ch_AMOR A MANI\" style=\"margin-bottom: 1%;\"><a href=\"https:\/\/www.equidia.fr\/chevaux\/amor-a-mani?horse_uuid=6812c310-81ee-45fc-81cb-0c48a69160b3\" target=\"_blank\" rel=\"noopener\">11 &#8211; \u00a0<img decoding=\"async\" alt=\"casaque_AMOR A MANI\" src=\"https:\/\/www.europesays.com\/fr\/wp-content\/uploads\/2025\/05\/20250519-r1c1p11-png.png\" style=\"width: 4.5%; margin :0; vertical-align : middle;\"\/>\u00a0\u00a0AMOR A MANI<\/a><\/p>\n<p style=\"text-align: justify;\">Apr\u00e8s avoir d\u00e9voil\u00e9 un certain potentiel \u00e0 3 ans, cette jument de la Famille de Moussac a r\u00e9alis\u00e9 une rentr\u00e9e quelconque \u00e0 Nantes avant d&rsquo;\u00eatre nettement domin\u00e9e \u00e0 Fontainebleau, lors de son premier handicap. Elle est certes abaiss\u00e9e d&rsquo;un kilo, mais devra, dans un premier temps, rassurer son entourage.<\/p>\n<p><strong>Nicolas Clement, entra\u00eeneur : <\/strong><\/p>\n<p style=\"text-align: justify;\">\u00ab La situation d&rsquo;Amor a Mani (11) sur l&rsquo;\u00e9chelle des valeurs s&rsquo;est un peu am\u00e9lior\u00e9e, et elle commence \u00e0 avoir un poids attractif. C&rsquo;est une pouliche qui a longtemps \u00e9t\u00e9 arr\u00eat\u00e9e l&rsquo;ann\u00e9e derni\u00e8re, apr\u00e8s un ennui de sant\u00e9, mais elle revient en forme et on esp\u00e8re qu&rsquo;elle pourra \u00eatre comp\u00e9titive. Elle m&rsquo;a un peu d\u00e9\u00e7u l&rsquo;autre jour, mais elle est bien et son dernier travail a \u00e9t\u00e9 satisfaisant. \u00bb<\/p>\n<p id=\"ch_COCOON QUATRE\" style=\"margin-bottom: 1%;\"><a href=\"https:\/\/www.equidia.fr\/chevaux\/cocoon-quatre?horse_uuid=116970e0-2807-44e6-ae2f-eb68f4a71a1e\" target=\"_blank\" rel=\"noopener\">12 &#8211; \u00a0<img decoding=\"async\" alt=\"casaque_COCOON QUATRE\" src=\"https:\/\/www.europesays.com\/fr\/wp-content\/uploads\/2025\/05\/20250519-r1c1p12-png.png\" style=\"width: 4.5%; margin :0; vertical-align : middle;\"\/>\u00a0\u00a0COCOON QUATRE<\/a><\/p>\n<p style=\"text-align: justify;\">Apr\u00e8s plusieurs \u00e9checs, cette jument de Jean-Yves Corduan a brillamment renou\u00e9 avec la victoire dans un handicap sur 3 000 m\u00e8tres. Elle ne b\u00e9n\u00e9ficiera toutefois pas d&rsquo;une d\u00e9charge cette fois et prendra part \u00e0 son premier Quint\u00e9+. Jamais vue \u00e0 une valeur aussi haute, elle est \u00e9galement raccourcie et constituera, d\u00e8s lors, un second choix.<\/p>\n<p><strong>Christophe Corduan, entra\u00eeneur : <\/strong><\/p>\n<p style=\"text-align: justify;\">\u00ab Cocoon Quatre (12) a \u00e9t\u00e9 p\u00e9nalis\u00e9e de trois kilos et demi apr\u00e8s sa victoire sur l&rsquo;hippodrome de Mont-de-Marsan, et nous n&rsquo;avons d\u00e9sormais plus le choix des engagements. Elle est rest\u00e9e en pleine forme, donc on tente le coup pour se faire plaisir. Le bon terrain va lui convenir, mais je pense que la distance va \u00eatre un peu courte pour ses aptitudes. Il faut qu&rsquo;elle soit motiv\u00e9e et qu&rsquo;elle b\u00e9n\u00e9ficie d&rsquo;un bon parcours. Si c&rsquo;est le cas, elle est cependant capable d&rsquo;accrocher une petite place. \u00bb<\/p>\n<p id=\"ch_WEDGEWOOD PEARL\" style=\"margin-bottom: 1%;\"><a href=\"https:\/\/www.equidia.fr\/chevaux\/wedgewood-pearl?horse_uuid=6d897457-a5fb-4078-a5ba-59008e004f81\" target=\"_blank\" rel=\"noopener\">13 &#8211; \u00a0<img decoding=\"async\" alt=\"casaque_WEDGEWOOD PEARL\" src=\"https:\/\/www.europesays.com\/fr\/wp-content\/uploads\/2025\/05\/1747581442_478_20250519-r1c1p13-png.png\" style=\"width: 4.5%; margin :0; vertical-align : middle;\"\/>\u00a0\u00a0WEDGEWOOD PEARL<\/a><\/p>\n<p style=\"text-align: justify;\">Cette prot\u00e9g\u00e9e de Liza Judd r\u00e9alise un bon d\u00e9but d&rsquo;ann\u00e9e avec d\u00e9j\u00e0 deux victoires. Plaisante dans un handicap en dernier lieu, elle ne b\u00e9n\u00e9ficiera certes pas de d\u00e9charge et devra composer avec trois kilos suppl\u00e9mentaires, mais elle \u00e9volue en pleine forme et aura de l\u00e9gitimes ambitions \u00e0 l&rsquo;occasion de son premier Quint\u00e9+.<\/p>\n<p><strong>Paul De Chevigny, entra\u00eeneur : <\/strong><\/p>\n<p style=\"text-align: justify;\">\u00ab Wedgewood Pearl (13) m&rsquo;a bluff\u00e9 la derni\u00e8re fois \u00e0 ParisLongchamp, car c&rsquo;\u00e9tait une victoire assez autoritaire. Elle s&rsquo;entend \u00e0 merveille avec Ambre Molins, et c&rsquo;est le moment d&rsquo;essayer un Quint\u00e9+ avec elle. Les conditions de course sont favorables, et elle progresse constamment, donc j&rsquo;esp\u00e8re qu&rsquo;elle va pouvoir continuer. Je n&rsquo;avais pas ces ambitions en d\u00e9but d&rsquo;ann\u00e9e, maintenant on essaye. Elle est rest\u00e9e en super forme depuis sa derni\u00e8re sortie et, si elle court de mani\u00e8re similaire, elle devrait participer \u00e0 l&rsquo;arriv\u00e9e. \u00bb<\/p>\n<p id=\"ch_SUMMER BREEZE\" style=\"margin-bottom: 1%;\"><a href=\"https:\/\/www.equidia.fr\/chevaux\/summer-breeze-1?horse_uuid=2b427b36-3365-491a-b819-dd6946d0c31b\" target=\"_blank\" rel=\"noopener\">14 &#8211; \u00a0<img decoding=\"async\" alt=\"casaque_SUMMER BREEZE\" src=\"https:\/\/www.europesays.com\/fr\/wp-content\/uploads\/2025\/05\/1747581442_670_20250519-r1c1p14-png.png\" style=\"width: 4.5%; margin :0; vertical-align : middle;\"\/>\u00a0\u00a0SUMMER BREEZE<\/a><\/p>\n<p style=\"text-align: justify;\">Auteur d&rsquo;une rentr\u00e9e int\u00e9ressante \u00e0 Saint-Cloud, o\u00f9 elle a notamment domin\u00e9 EARENDEL (7), cette repr\u00e9sentante de l&rsquo;\u00e9curie Roy Racing a toutefois fortement d\u00e9\u00e7u au Mans lors de sa sortie suivante. Elle voit ainsi sa valeur revue \u00e0 la baisse et pourrait en profiter pour s&rsquo;illustrer \u00e0 l&rsquo;occasion de son coup d&rsquo;essai dans un Quint\u00e9+, en valeur 35.<\/p>\n<p><strong>Thibault Speicher, entra\u00eeneur : <\/strong><\/p>\n<p style=\"text-align: justify;\">\u00ab Summer Breeze (14) a r\u00e9alis\u00e9 une tr\u00e8s bonne rentr\u00e9e sur ce parcours, mais s&rsquo;est ensuite montr\u00e9e d\u00e9cevante, sans explications. De ce fait, sa situation sur l&rsquo;\u00e9chelle des valeurs s&rsquo;est am\u00e9lior\u00e9e, donc on profite de ce handicap aux conditions favorables pour essayer un Quint\u00e9+. Je pense qu&rsquo;\u00e0 cette valeur-l\u00e0, elle n&rsquo;est pas loin d&rsquo;\u00eatre comp\u00e9titive. En tout cas, elle retrouve un parcours qui lui convient, et nous allons lui mettre des \u0153ill\u00e8res australiennes afin qu&rsquo;elle soit un peu plus performante. De plus, elle a h\u00e9rit\u00e9 d&rsquo;un bon num\u00e9ro de corde. \u00bb<\/p>\n<p id=\"ch_MELBORA\" style=\"margin-bottom: 1%;\"><a href=\"https:\/\/www.equidia.fr\/chevaux\/melbora?horse_uuid=2eb57083-de1f-4412-b10d-1aef3b3edeaa\" target=\"_blank\" rel=\"noopener\">15 &#8211; \u00a0<img decoding=\"async\" alt=\"casaque_MELBORA\" src=\"https:\/\/www.europesays.com\/fr\/wp-content\/uploads\/2025\/05\/1747581443_558_20250519-r1c1p15-png.png\" style=\"width: 4.5%; margin :0; vertical-align : middle;\"\/>\u00a0\u00a0MELBORA<\/a><\/p>\n<p style=\"text-align: justify;\">Cette pensionnaire d&rsquo;Elias Mikhalides fait preuve d&rsquo;une incroyable r\u00e9gularit\u00e9 depuis le d\u00e9but de l&rsquo;ann\u00e9e, avec d\u00e9j\u00e0 cinq podiums en autant de tentatives. Plaisante laur\u00e9ate en dernier lieu pour son retour sur le gazon, elle retrouve les Quint\u00e9+ avec une valeur de 34. En forme et rompue \u00e0 ce genre d&rsquo;exercice, elle est \u00e0 suivre de pr\u00e8s.<\/p>\n<p><strong>Elias Mikhalides, entra\u00eeneur : <\/strong><\/p>\n<p style=\"text-align: justify;\">\u00ab Melbora (15) s&rsquo;est montr\u00e9e r\u00e9guli\u00e8re depuis son arriv\u00e9e \u00e0 l&rsquo;\u00e9curie. Elle a gagn\u00e9 plaisamment son handicap en dernier lieu sur l&rsquo;hippodrome de Fontainebleau et, en d\u00e9pit de sa surcharge, je pense qu&rsquo;elle a encore son mot \u00e0 dire. Nous avons un petit poids et un bon num\u00e9ro dans les stalles de d\u00e9part, donc, si le parcours est favorable, elle va faire l&rsquo;arriv\u00e9e. \u00bb<\/p>\n<p id=\"ch_VEULES\" style=\"margin-bottom: 1%;\"><a href=\"https:\/\/www.equidia.fr\/chevaux\/veules?horse_uuid=2dae1235-2ef8-4df7-bd49-7d71cb21f8f8\" target=\"_blank\" rel=\"noopener\">16 &#8211; \u00a0<img decoding=\"async\" alt=\"casaque_VEULES\" src=\"https:\/\/www.europesays.com\/fr\/wp-content\/uploads\/2025\/05\/1747581443_545_20250519-r1c1p16-png.png\" style=\"width: 4.5%; margin :0; vertical-align : middle;\"\/>\u00a0\u00a0VEULES<\/a><\/p>\n<p style=\"text-align: justify;\">En dernier lieu, dans le Quint\u00e9+ de r\u00e9f\u00e9rence remport\u00e9 par TILILA (3), cette \u00e9l\u00e8ve de J\u00e9r\u00f4me Reynier a fourni un bon effort final et s&rsquo;est class\u00e9e quatri\u00e8me. Elle semble prise \u00e0 sa juste valeur et s&rsquo;est d\u00e9j\u00e0 illustr\u00e9e sur l&rsquo;hippodrome du Val d&rsquo;Or. Si tout se passe bien, elle a son mot \u00e0 dire pour une place dans la bonne combinaison.<\/p>\n<p><strong>J\u00e9r\u00f4me Reynier, entra\u00eeneur : <\/strong><\/p>\n<p style=\"text-align: justify;\">\u00ab Veules (16) a tr\u00e8s bien couru derni\u00e8rement sur ce parcours. Elle cherche son jour \u00e0 ce niveau, donc c&rsquo;est plut\u00f4t bien qu&rsquo;elle soit le bottom-weight de cette \u00e9preuve. Il est vrai qu&rsquo;elle aurait pr\u00e9f\u00e9r\u00e9 une piste un peu plus souple et qu&rsquo;elle ne sera pas avantag\u00e9e par son num\u00e9ro 15 \u00e0 la corde, toutefois sa comp\u00e9titivit\u00e9 \u00e0 ce niveau n&rsquo;est plus \u00e0 prouver. Elle m\u00e9riterait de gagner son Quint\u00e9+. \u00bb<\/p>\n<p><strong>Les favoris de la presse<\/strong><\/p>\n<p class=\"synthese\"><strong>SYNTH\u00c8SE \u00a0\u00a0\u00a0\u00a06\u00a0\u00a0&#8211;\u00a0\u00a03\u00a0\u00a0&#8211;\u00a0\u00a05\u00a0\u00a0&#8211;\u00a0\u00a01\u00a0\u00a0&#8211;\u00a0\u00a016\u00a0\u00a0&#8211;\u00a0\u00a013\u00a0\u00a0&#8211;\u00a0\u00a015\u00a0\u00a0&#8211;\u00a0\u00a08<\/strong><\/p>\n<p><a href=\"https:\/\/servedby.revive-adserver.net\/ck.php?n=aa10a822&amp;cb=1234\" target=\"_blank\" rel=\"noopener\"><img decoding=\"async\" alt=\"\" border=\"0\" src=\"https:\/\/www.europesays.com\/fr\/wp-content\/uploads\/2025\/05\/1747581444_483_avw\"\/><\/a><\/p>\n<p><strong>Les stats du jour<\/strong><\/p>\n<p><img decoding=\"async\" src=\"https:\/\/www.europesays.com\/fr\/wp-content\/uploads\/2025\/05\/0519_stats-web_2025-jpg\"\/><\/p>\n<p><strong>Nos \u00e9missions de pronos<\/strong><a href=\"https:\/\/www.equidia.fr\/emissions\/3-mn-q-2023\" target=\"_blank\" rel=\"noopener\"><img decoding=\"async\" alt=\"3min-pronos\" class=\"img_prono\" src=\"https:\/\/www.europesays.com\/fr\/wp-content\/uploads\/2025\/04\/vignette-article-3min-pronos-jpg-1.jpeg\"\/><\/a>3 mn PRONOS du 19\/05<br \/>(Disponible dimanche 18 mai 2025, \u00e0 partir de 17h55)<a href=\"https:\/\/www.equidia.fr\/emissions\/ticket-gagnant-2023\" target=\"_blank\" rel=\"noopener\"><img decoding=\"async\" alt=\"ticket-gagnant\" class=\"img_prono\" src=\"https:\/\/www.europesays.com\/fr\/wp-content\/uploads\/2025\/04\/vignette-article-ticket-gagnant-jpg-1.jpeg\"\/><\/a>TICKET GAGNANT du 19\/05<br \/>(Disponible dimanche 18 mai 2025, \u00e0 partir de 18h00)<\/p>\n","protected":false},"excerpt":{"rendered":"Les partants du Quint\u00e9+ de ce lundi 19 maiPRIX MAGIC NIGHTLUNDI 19 MAISAINT-CLOUD &#8211; 2100 METRES &#8211; \u00a0D\u00c9PART&hellip;\n","protected":false},"author":2,"featured_media":109601,"comment_status":"","ping_status":"","sticky":false,"template":"","format":"standard","meta":{"footnotes":""},"categories":[1888],"tags":[11,1777,674,1011,27,3014,12,626,3016,1821,3015,25],"class_list":{"0":"post-109600","1":"post","2":"type-post","3":"status-publish","4":"format-standard","5":"has-post-thumbnail","7":"category-paris","8":"tag-actualites","9":"tag-eu","10":"tag-europe","11":"tag-fr","12":"tag-france","13":"tag-galop","14":"tag-news","15":"tag-paris","16":"tag-plat","17":"tag-pronostics","18":"tag-qrcode","19":"tag-republique-francaise"},"share_on_mastodon":{"url":"https:\/\/pubeurope.com\/@fr\/114529504551019174","error":""},"_links":{"self":[{"href":"https:\/\/www.europesays.com\/fr\/wp-json\/wp\/v2\/posts\/109600","targetHints":{"allow":["GET"]}}],"collection":[{"href":"https:\/\/www.europesays.com\/fr\/wp-json\/wp\/v2\/posts"}],"about":[{"href":"https:\/\/www.europesays.com\/fr\/wp-json\/wp\/v2\/types\/post"}],"author":[{"embeddable":true,"href":"https:\/\/www.europesays.com\/fr\/wp-json\/wp\/v2\/users\/2"}],"replies":[{"embeddable":true,"href":"https:\/\/www.europesays.com\/fr\/wp-json\/wp\/v2\/comments?post=109600"}],"version-history":[{"count":0,"href":"https:\/\/www.europesays.com\/fr\/wp-json\/wp\/v2\/posts\/109600\/revisions"}],"wp:featuredmedia":[{"embeddable":true,"href":"https:\/\/www.europesays.com\/fr\/wp-json\/wp\/v2\/media\/109601"}],"wp:attachment":[{"href":"https:\/\/www.europesays.com\/fr\/wp-json\/wp\/v2\/media?parent=109600"}],"wp:term":[{"taxonomy":"category","embeddable":true,"href":"https:\/\/www.europesays.com\/fr\/wp-json\/wp\/v2\/categories?post=109600"},{"taxonomy":"post_tag","embeddable":true,"href":"https:\/\/www.europesays.com\/fr\/wp-json\/wp\/v2\/tags?post=109600"}],"curies":[{"name":"wp","href":"https:\/\/api.w.org\/{rel}","templated":true}]}}