{"id":109606,"date":"2025-05-18T15:20:09","date_gmt":"2025-05-18T15:20:09","guid":{"rendered":"https:\/\/www.europesays.com\/fr\/109606\/"},"modified":"2025-05-18T15:20:09","modified_gmt":"2025-05-18T15:20:09","slug":"j-d-vance-et-zelensky-se-sont-entretenus-a-rome","status":"publish","type":"post","link":"https:\/\/www.europesays.com\/fr\/109606\/","title":{"rendered":"J.D Vance et Zelensky se sont entretenus \u00e0 Rome"},"content":{"rendered":"<p>Pendant une demi-heure, les deux hommes ont notamment \u00e9voqu\u00e9 \u00abla situation sur le front\u00bb et \u00abla possibilit\u00e9 de sanctions contre la Russie en l\u2019absence de r\u00e9sultats\u00bb.<\/p>\n<p class=\"fig-paragraph\">Deux mois apr\u00e8s leur\u00a0<a href=\"https:\/\/www.lefigaro.fr\/international\/vous-devez-etre-reconnaissant-manque-de-respect-vous-avez-assez-parle-l-echange-lunaire-entre-trump-et-zelensky-a-la-maison-blanche-20250228?msockid=35f6ec8d1d986e602e63f87d1c2c6ff1\" target=\"_blank\" data-fig-type=\"NewsFlash\" rel=\"noopener nofollow\" data-gtm-custom-categorie=\"navigation\" data-gtm-custom-action=\"crossclick\" data-gtm-custom-label=\"Contextuel\" data-gtm-event=\"customEventSPE\" data-fig-domain=\"LEFIGARO\">altercation dans le bureau ovale qui avait fait le tour du monde<\/a>, Volodymyr Zelensky et J.D Vance se sont \u00e0 nouveau entretenus. Ce dimanche 18 mai \u00e0 Rome, les deux hommes sont notamment revenus sur l\u2019appel pr\u00e9vu lundi entre les pr\u00e9sidents am\u00e9ricain Donald Trump et russe Vladimir Poutine, selon Kiev.<\/p>\n<p class=\"fig-paragraph\">La rencontre entre les deux hommes, qui avaient d\u00e9j\u00e0 \u00e9chang\u00e9 une poign\u00e9e de mains dimanche matin place Saint-Pierre lors de la\u00a0<a href=\"http:\/\/www.lefigaro.fr\/actualite-france\/pour-l-intronisation-de-leon-xiv-une-foule-de-fideles-et-de-dirigeants-etrangers-a-rome-20250518\" data-fig-type=\"NewsFlash\" data-gtm-custom-categorie=\"navigation\" data-gtm-custom-action=\"crossclick\" data-gtm-custom-label=\"Contextuel\" data-gtm-event=\"customEventSPE\" data-fig-domain=\"LEFIGARO\" rel=\"nofollow noopener\" target=\"_blank\">messe inaugurale de L\u00e9on XIV<\/a>, a dur\u00e9 \u00abenviron une demi-heure\u00bb, a pr\u00e9cis\u00e9 un haut responsable ukrainien \u00e0 Kiev \u00e0 l\u2019AFP, qualifiant l\u2019\u00e9change de \u00abnormal\u00bb. Selon la m\u00eame source, ils ont \u00e9voqu\u00e9 \u00abla situation sur le front, les pr\u00e9paratifs de la conversation de lundi (entre Trump et Poutine), la possibilit\u00e9 de sanctions contre la Russie en l\u2019absence de r\u00e9sultats, un cessez-le-feu\u00bb.<\/p>\n<p>\u00abMettre fin au \u201cbain de sang\u201d\u00bb<\/p>\n<p class=\"fig-paragraph\">Donald Trump a d\u00e9clar\u00e9 samedi qu\u2019il parlerait par t\u00e9l\u00e9phone lundi \u00e0 son homologue russe Vladimir Poutine pour \u00e9voquer une fin \u00e0 la guerre, avant de parler \u00e0 Volodymyr Zelensky et \u00e0 plusieurs dirigeants d\u2019\u00c9tats membres de l\u2019Otan. Objectif de l\u2019appel entre Trump et Poutine\u00a0: \u00abMettre fin au \u201cbain de sang\u201d\u00bb, a d\u00e9clar\u00e9 le pr\u00e9sident am\u00e9ricain sur sa plateforme Truth Social. Dans son message, il avait ainsi dit esp\u00e9rer que ce sera \u00abune journ\u00e9e productive\u00bb, \u00abqu\u2019un cessez-le-feu aura lieu\u00bb et \u00abque cette guerre tr\u00e8s violente &#8211; une guerre qui n\u2019aurait jamais d\u00fb se produire &#8211; prenne fin\u00bb.<\/p>\n<p class=\"fig-paragraph\">La discussion de dimanche entre Vance et Zelensky s\u2019est d\u00e9roul\u00e9e \u00e0 la r\u00e9sidence de l\u2019ambassadeur am\u00e9ricain en Italie, o\u00f9 les a rejoints le\u00a0<a href=\"http:\/\/www.lefigaro.fr\/international\/marco-rubio-secretaire-de-tout-et-couteau-suisse-de-donald-trump-20250505\" target=\"_blank\" data-fig-type=\"Article\" rel=\"noopener nofollow\" data-gtm-custom-categorie=\"navigation\" data-gtm-custom-action=\"crossclick\" data-gtm-custom-label=\"Contextuel\" data-gtm-event=\"customEventSPE\" data-fig-domain=\"LEFIGARO\">secr\u00e9taire d\u2019\u00c9tat am\u00e9ricain Marco Rubio<\/a>, \u00e9galement pr\u00e9sent \u00e0 Rome pour le d\u00e9but du pontificat du premier pape am\u00e9ricain, L\u00e9on XIV. Le pr\u00e9sident ukrainien avait \u00e9t\u00e9 re\u00e7u auparavant en audience priv\u00e9e pour la premi\u00e8re fois par L\u00e9on XIV, qui, place Saint-Pierre, a \u00e9voqu\u00e9 l\u2019Ukraine \u00abmartyris\u00e9e\u00bb dans l\u2019attente de \u00abn\u00e9gociations pour une paix juste et durable\u00bb.<\/p>\n<p class=\"fig-paragraph\">La Russie a lanc\u00e9 dans la nuit de samedi \u00e0 dimanc<a href=\"http:\/\/www.lefigaro.fr\/international\/guerre-en-ukraine-attaque-record-de-drones-russes-deux-jours-apres-les-pourparlers-a-istanbul-20250518\" data-fig-type=\"NewsFlash\" data-gtm-custom-categorie=\"navigation\" data-gtm-custom-action=\"crossclick\" data-gtm-custom-label=\"Contextuel\" data-gtm-event=\"customEventSPE\" data-fig-domain=\"LEFIGARO\" rel=\"nofollow noopener\" target=\"_blank\">he une attaque record de drones<\/a>\u00a0visant de nombreuses r\u00e9gions d\u2019Ukraine, dont celle de la capitale, Kiev, deux jours apr\u00e8s de premiers pourparlers de paix depuis 2022, organis\u00e9s \u00e0 Istanbul, qui n\u2019ont pas abouti \u00e0 une tr\u00eave.<\/p>\n","protected":false},"excerpt":{"rendered":"Pendant une demi-heure, les deux hommes ont notamment \u00e9voqu\u00e9 \u00abla situation sur le front\u00bb et \u00abla possibilit\u00e9 de&hellip;\n","protected":false},"author":2,"featured_media":109607,"comment_status":"","ping_status":"","sticky":false,"template":"","format":"standard","meta":{"footnotes":""},"categories":[1590],"tags":[259,11,260,1777,674,14,79,261,12,262,220,134],"class_list":{"0":"post-109606","1":"post","2":"type-post","3":"status-publish","4":"format-standard","5":"has-post-thumbnail","7":"category-ukraine","8":"tag-actualite-internationale","9":"tag-actualites","10":"tag-affaires-etrangeres","11":"tag-eu","12":"tag-europe","13":"tag-international","14":"tag-j-d-vance","15":"tag-ministere-des-affaires-etrangeres","16":"tag-news","17":"tag-politique-etrangere","18":"tag-ukraine","19":"tag-volodymyr-zelensky"},"share_on_mastodon":{"url":"https:\/\/pubeurope.com\/@fr\/114529515809390977","error":""},"_links":{"self":[{"href":"https:\/\/www.europesays.com\/fr\/wp-json\/wp\/v2\/posts\/109606","targetHints":{"allow":["GET"]}}],"collection":[{"href":"https:\/\/www.europesays.com\/fr\/wp-json\/wp\/v2\/posts"}],"about":[{"href":"https:\/\/www.europesays.com\/fr\/wp-json\/wp\/v2\/types\/post"}],"author":[{"embeddable":true,"href":"https:\/\/www.europesays.com\/fr\/wp-json\/wp\/v2\/users\/2"}],"replies":[{"embeddable":true,"href":"https:\/\/www.europesays.com\/fr\/wp-json\/wp\/v2\/comments?post=109606"}],"version-history":[{"count":0,"href":"https:\/\/www.europesays.com\/fr\/wp-json\/wp\/v2\/posts\/109606\/revisions"}],"wp:featuredmedia":[{"embeddable":true,"href":"https:\/\/www.europesays.com\/fr\/wp-json\/wp\/v2\/media\/109607"}],"wp:attachment":[{"href":"https:\/\/www.europesays.com\/fr\/wp-json\/wp\/v2\/media?parent=109606"}],"wp:term":[{"taxonomy":"category","embeddable":true,"href":"https:\/\/www.europesays.com\/fr\/wp-json\/wp\/v2\/categories?post=109606"},{"taxonomy":"post_tag","embeddable":true,"href":"https:\/\/www.europesays.com\/fr\/wp-json\/wp\/v2\/tags?post=109606"}],"curies":[{"name":"wp","href":"https:\/\/api.w.org\/{rel}","templated":true}]}}