{"id":109608,"date":"2025-05-18T15:21:09","date_gmt":"2025-05-18T15:21:09","guid":{"rendered":"https:\/\/www.europesays.com\/fr\/109608\/"},"modified":"2025-05-18T15:21:09","modified_gmt":"2025-05-18T15:21:09","slug":"le-megaprojet-de-loi-budgetaire-de-trump-en-bonne-voie-au-congres-assure-un-chef-republicain","status":"publish","type":"post","link":"https:\/\/www.europesays.com\/fr\/109608\/","title":{"rendered":"le m\u00e9gaprojet de loi budg\u00e9taire de Trump \u00aben bonne voie\u00bb au Congr\u00e8s, assure un chef r\u00e9publicain"},"content":{"rendered":"<p>Le pr\u00e9sident am\u00e9ricain pousse les parlementaires \u00e0 faire vite pour adopter cette \u00abgrande et belle loi\u00bb, comme il la d\u00e9crit, surtout afin de concr\u00e9tiser l\u2019extension des cr\u00e9dits d\u2019imp\u00f4t de son premier mandat, qui arrivent \u00e0 expiration \u00e0 la fin de l\u2019ann\u00e9e.<\/p>\n<p class=\"fig-paragraph\">Le colossal projet de loi budg\u00e9taire vivement souhait\u00e9 par\u00a0<a href=\"http:\/\/www.lefigaro.fr\/international\/les-bonnes-affaires-de-donald-trump-au-moyen-orient-20250515\" target=\"_blank\" data-fig-type=\"Article\" rel=\"noopener nofollow\" data-gtm-custom-categorie=\"navigation\" data-gtm-custom-action=\"crossclick\" data-gtm-custom-label=\"Contextuel\" data-gtm-event=\"customEventSPE\" data-fig-domain=\"LEFIGARO\">Donald Trump<\/a>\u00a0est \u00aben bonne voie\u00bb pour \u00eatre adopt\u00e9 au Congr\u00e8s, a affirm\u00e9 dimanche le chef r\u00e9publicain\u00a0<a href=\"http:\/\/www.lefigaro.fr\/international\/election-du-speaker-au-congres-americain-mike-johnson-fervent-allie-de-trump-perd-un-premier-vote-20250103\" target=\"_blank\" data-fig-type=\"NewsFlash\" rel=\"noopener nofollow\" data-gtm-custom-categorie=\"navigation\" data-gtm-custom-action=\"crossclick\" data-gtm-custom-label=\"Contextuel\" data-gtm-event=\"customEventSPE\" data-fig-domain=\"LEFIGARO\">Mike Johnson<\/a>, malgr\u00e9 le malaise voire la col\u00e8re de certains \u00e9lus de son camp. Le plan est de voir le texte arriver dans l&rsquo;h\u00e9micycle \u00abd&rsquo;ici la fin de la semaine\u00bb, a ainsi affirm\u00e9 le pr\u00e9sident de la Chambre des repr\u00e9sentants \u00e0 l&rsquo;\u00e9mission Fox News Sunday.<\/p>\n<p class=\"fig-paragraph\">Le pr\u00e9sident am\u00e9ricain pousse les parlementaires \u00e0 faire vite pour adopter cette \u00abgrande et belle loi\u00bb, comme il la d\u00e9crit, surtout afin de concr\u00e9tiser l&rsquo;extension des cr\u00e9dits d&rsquo;imp\u00f4t de son premier mandat, qui arrivent \u00e0 expiration \u00e0 la fin de l&rsquo;ann\u00e9e.<\/p>\n<p>Hausse de 4800 milliards de dollars du d\u00e9ficit f\u00e9d\u00e9ral<\/p>\n<p class=\"fig-paragraph\">Selon une commission ind\u00e9pendante du Congr\u00e8s, une telle extension accompagn\u00e9e d&rsquo;autres mesures fiscales entra\u00eenerait une hausse de plus de 4800 milliards de dollars du d\u00e9ficit de l&rsquo;\u00c9tat f\u00e9d\u00e9ral au cours de la prochaine d\u00e9cennie.<\/p>\n<p class=\"fig-paragraph\">Pour la compenser en partie, les r\u00e9publicains comptent effectuer des coupes claires dans certaines d\u00e9penses, en particulier Medicaid, l&rsquo;assurance sant\u00e9 dont plus de 70 millions d&rsquo;Am\u00e9ricains aux revenus modestes d\u00e9pendent.<\/p>\n<p>Conflit ouvert<\/p>\n<p class=\"fig-paragraph\">Mais dans le camp r\u00e9publicain, pourtant majoritaire dans les deux chambres du Congr\u00e8s, le conflit ouvert entre diff\u00e9rentes factions menace de retarder le processus. Du c\u00f4t\u00e9 de l&rsquo;aile mod\u00e9r\u00e9e, on craint que d&rsquo;importantes coupes dans Medicaid fassent peser un risque \u00e9lectoral trop \u00e9lev\u00e9 avant les \u00e9lections l\u00e9gislatives de mi-mandat, en novembre 2026.<\/p>\n<p class=\"fig-paragraph\">Pour une partie de l&rsquo;aile ultraconservatrice, qui pr\u00f4ne une r\u00e9duction du d\u00e9ficit, ces coupes au contraire ne vont pas assez loin. Plusieurs \u00e9lus conservateurs ont r\u00e9ussi \u00e0 faire d\u00e9railler temporairement le processus vendredi en votant contre le texte lors de l&rsquo;examen devant la commission du budget. \u00abNous n&rsquo;aimons pas les \u00e9crans de fum\u00e9e, nous voulons de vraies coupes\u00bb, a lanc\u00e9 devant la presse l&rsquo;un d&rsquo;entre eux, l&rsquo;\u00e9lu r\u00e9publicain Ralph Norman. Le \u00abspeaker\u00bb Mike Johnson tente depuis de convaincre les \u00e9lus r\u00e9fractaires. \u00abC&rsquo;est la plus grande r\u00e9duction des d\u00e9penses de ces trois derni\u00e8res d\u00e9cennies\u00bb, a-t-il encore argument\u00e9 sur Fox dimanche.<\/p>\n<p>Changements majeurs<\/p>\n<p class=\"fig-paragraph\">La commission doit d\u00e9battre \u00e0 nouveau du texte dimanche tard dans la soir\u00e9e, avec l&rsquo;espoir \u00e0 droite qu&rsquo;il sera cette fois-ci adopt\u00e9.<\/p>\n<p class=\"fig-paragraph\">M\u00eame s&rsquo;il passe ce premier \u00e9cueil, la bataille sera loin d&rsquo;\u00eatre termin\u00e9e puisque les s\u00e9nateurs r\u00e9publicains ont d\u00e9j\u00e0 fait part de leur volont\u00e9 d&rsquo;effectuer des changements majeurs quand le projet atteindra la chambre haute. Au grand dam de Donald Trump, qui voit la perspective d&rsquo;une victoire l\u00e9gislative de prestige s&rsquo;\u00e9loigner \u00e0 court terme.<\/p>\n","protected":false},"excerpt":{"rendered":"Le pr\u00e9sident am\u00e9ricain pousse les parlementaires \u00e0 faire vite pour adopter cette \u00abgrande et belle loi\u00bb, comme il&hellip;\n","protected":false},"author":2,"featured_media":109609,"comment_status":"","ping_status":"","sticky":false,"template":"","format":"standard","meta":{"footnotes":""},"categories":[1589],"tags":[259,11,260,75,73,1866,14,261,12,262,1864,1865,1863,308],"class_list":{"0":"post-109608","1":"post","2":"type-post","3":"status-publish","4":"format-standard","5":"has-post-thumbnail","7":"category-etats-unis","8":"tag-actualite-internationale","9":"tag-actualites","10":"tag-affaires-etrangeres","11":"tag-donald-trump","12":"tag-etats-unis","13":"tag-etats-unis-damerique","14":"tag-international","15":"tag-ministere-des-affaires-etrangeres","16":"tag-news","17":"tag-politique-etrangere","18":"tag-united-states","19":"tag-united-states-of-america","20":"tag-us","21":"tag-usa"},"share_on_mastodon":{"url":"https:\/\/pubeurope.com\/@fr\/114529519774764089","error":""},"_links":{"self":[{"href":"https:\/\/www.europesays.com\/fr\/wp-json\/wp\/v2\/posts\/109608","targetHints":{"allow":["GET"]}}],"collection":[{"href":"https:\/\/www.europesays.com\/fr\/wp-json\/wp\/v2\/posts"}],"about":[{"href":"https:\/\/www.europesays.com\/fr\/wp-json\/wp\/v2\/types\/post"}],"author":[{"embeddable":true,"href":"https:\/\/www.europesays.com\/fr\/wp-json\/wp\/v2\/users\/2"}],"replies":[{"embeddable":true,"href":"https:\/\/www.europesays.com\/fr\/wp-json\/wp\/v2\/comments?post=109608"}],"version-history":[{"count":0,"href":"https:\/\/www.europesays.com\/fr\/wp-json\/wp\/v2\/posts\/109608\/revisions"}],"wp:featuredmedia":[{"embeddable":true,"href":"https:\/\/www.europesays.com\/fr\/wp-json\/wp\/v2\/media\/109609"}],"wp:attachment":[{"href":"https:\/\/www.europesays.com\/fr\/wp-json\/wp\/v2\/media?parent=109608"}],"wp:term":[{"taxonomy":"category","embeddable":true,"href":"https:\/\/www.europesays.com\/fr\/wp-json\/wp\/v2\/categories?post=109608"},{"taxonomy":"post_tag","embeddable":true,"href":"https:\/\/www.europesays.com\/fr\/wp-json\/wp\/v2\/tags?post=109608"}],"curies":[{"name":"wp","href":"https:\/\/api.w.org\/{rel}","templated":true}]}}