{"id":109610,"date":"2025-05-18T15:22:11","date_gmt":"2025-05-18T15:22:11","guid":{"rendered":"https:\/\/www.europesays.com\/fr\/109610\/"},"modified":"2025-05-18T15:22:11","modified_gmt":"2025-05-18T15:22:11","slug":"cinq-ans-apres-le-brexit-le-royaume-uni-veut-reinitialiser-les-relations-avec-les-europeens","status":"publish","type":"post","link":"https:\/\/www.europesays.com\/fr\/109610\/","title":{"rendered":"Cinq ans apr\u00e8s le Brexit, le Royaume-Uni veut \u00ab\u00a0r\u00e9initialiser\u00a0\u00bb les relations avec les Europ\u00e9ens"},"content":{"rendered":"<p>Lors d\u2019un sommet ce lundi \u00e0 Londres, Keir Starmer s\u2019appr\u00eate \u00e0 conclure un nouvel \u00ab\u00a0accord\u00a0\u00bb avec l\u2019UE, resserrant les liens sur la d\u00e9fense et fluidifiant la relation commerciale, au risque de m\u00e9contenter les brexiters.<\/p>\n<p class=\"fig-paragraph\">Certains y voient une victoire de la raison, d\u2019autres parlent de trahison. Le Brexit est d\u00e9cid\u00e9ment une histoire sans fin. En enclenchant un rapprochement avec les Vingt-Sept lors du sommet de Londres ce lundi &#8211;\u00a0<a href=\"http:\/\/www.lefigaro.fr\/international\/cinq-ans-apres-le-brexit-le-doute-s-est-repandu-chez-les-britanniques-20250131\" data-fig-type=\"Article\" data-gtm-custom-categorie=\"navigation\" data-gtm-custom-action=\"crossclick\" data-gtm-custom-label=\"Contextuel\" data-gtm-event=\"customEventSPE\" data-fig-domain=\"LEFIGARO\" rel=\"nofollow noopener\" target=\"_blank\">premier raout bilat\u00e9ral entre l\u2019UE et le Royaume-Uni depuis le divorce de 2020\u00a0<\/a>&#8211; le premier ministre britannique entend faire preuve de r\u00e9alisme. Mais ce mouvement vers le continent suscite in\u00e9vitablement la pol\u00e9mique, les brexiters accusant Keir Starmer de vouloir rentrer dans l\u2019Union par la fen\u00eatre.<\/p>\n<p class=\"fig-paragraph\">Cette \u00ab\u00a0r\u00e9initialisation\u00a0\u00bb\u00a0<a href=\"http:\/\/www.lefigaro.fr\/international\/dossier\/brexit-royaume-uni-europe-1\" data-fig-type=\"Topic\" data-gtm-custom-categorie=\"navigation\" data-gtm-custom-action=\"crossclick\" data-gtm-custom-label=\"Contextuel\" data-gtm-event=\"customEventSPE\" data-fig-domain=\"LEFIGARO\" rel=\"nofollow noopener\" target=\"_blank\">post-Brexit<\/a>\u00a0des relations entre le Royaume-Uni et l\u2019UE ne se fait pas sans douleur. S\u2019il y a consensus sur la n\u00e9cessit\u00e9 d\u2019un rapprochement sur les questions de s\u00e9curit\u00e9, diplomates britanniques et europ\u00e9ens ont ferraill\u00e9 sur des dossiers sensibles, notamment les droits de p\u00eache, les mesures phytosanitaires et la mobilit\u00e9 des jeunes. Les n\u00e9gociateurs britanniques ont tent\u00e9 de briser l\u2019unit\u00e9 europ\u00e9enne, sans vraiment y r\u00e9ussir. Et selon la presse anglaise\u2026<\/p>\n<p class=\"fig-premium-paywall__infos\">\n        Cet article est r\u00e9serv\u00e9 aux abonn\u00e9s.        Il vous reste 85% \u00e0 d\u00e9couvrir.\n    <\/p>\n<p>                <img  data- alt=\"Le Figaro\" class=\"fig-img--complete fig-img\"\/><\/p>\n<p class=\"fig-premium-paywall__title\">Vente Flash<\/p>\n<p class=\"fig-premium-paywall__subtitle\">4,99\u20ac par mois pendant 12 mois. Sans engagement.<\/p>\n<p class=\"fig-premium-paywall__connect\">\n                D\u00e9j\u00e0 abonn\u00e9\u00a0?                <a class=\"fig-premium-paywall__connect-link\" href=\"https:\/\/connect.lefigaro.fr\/login?client=horizon_web&amp;type=main&amp;redirect_uri=https%3A%2F%2Fwww.lefigaro.fr%2Finternational%2Fcinq-ans-apres-le-brexit-le-royaume-uni-veut-reinitialiser-les-relations-avec-les-europeens-20250518\" data-js-gtm=\"{&quot;customCategorie&quot;: &quot;conversion&quot;, &quot;customAction&quot;: &quot;before_Landing_Connexion_paywall_auto&quot;, &quot;customLabel&quot;: &quot;bGVmaWdhcm8uZnJfXzFmMDMzZWViLWVlZTEtNjFlNi1hYjE0LTM5MDhmZjc0N2NmZl9fQXJ0aWNsZQ==_Cinq ans apr\u00e8s le Brexit, le Royaume-Uni veut \u00ab\u00a0r\u00e9initialiser\u00a0\u00bb les relations avec les Europ\u00e9ens_486&quot;, &quot;customIDSPE&quot;: &quot;bGVmaWdhcm8uZnJfXzFmMDMzZWViLWVlZTEtNjFlNi1hYjE0LTM5MDhmZjc0N2NmZl9fQXJ0aWNsZQ==&quot;, &quot;event&quot;: &quot;customEventSPE&quot;}\" rel=\"nofollow noopener\" target=\"_blank\"><br \/>\n                    Connectez-vous<br \/>\n                <\/a>\n            <\/p>\n","protected":false},"excerpt":{"rendered":"Lors d\u2019un sommet ce lundi \u00e0 Londres, Keir Starmer s\u2019appr\u00eate \u00e0 conclure un nouvel \u00ab\u00a0accord\u00a0\u00bb avec l\u2019UE, resserrant&hellip;\n","protected":false},"author":2,"featured_media":109611,"comment_status":"","ping_status":"","sticky":false,"template":"","format":"standard","meta":{"footnotes":""},"categories":[1588],"tags":[259,11,260,1353,554,1777,674,14,261,12,262,473,1853,1778,1851,1850,1852],"class_list":{"0":"post-109610","1":"post","2":"type-post","3":"status-publish","4":"format-standard","5":"has-post-thumbnail","7":"category-royaume-uni","8":"tag-actualite-internationale","9":"tag-actualites","10":"tag-affaires-etrangeres","11":"tag-brexit","12":"tag-defense","13":"tag-eu","14":"tag-europe","15":"tag-international","16":"tag-ministere-des-affaires-etrangeres","17":"tag-news","18":"tag-politique-etrangere","19":"tag-royaume-uni","20":"tag-royaume-uni-de-grande-bretagne-et-dirlande-du-nord","21":"tag-ue","22":"tag-uk","23":"tag-united-kingdom","24":"tag-united-kingdom-of-great-britain-and-northern-ireland"},"share_on_mastodon":{"url":"https:\/\/pubeurope.com\/@fr\/114529523744261194","error":""},"_links":{"self":[{"href":"https:\/\/www.europesays.com\/fr\/wp-json\/wp\/v2\/posts\/109610","targetHints":{"allow":["GET"]}}],"collection":[{"href":"https:\/\/www.europesays.com\/fr\/wp-json\/wp\/v2\/posts"}],"about":[{"href":"https:\/\/www.europesays.com\/fr\/wp-json\/wp\/v2\/types\/post"}],"author":[{"embeddable":true,"href":"https:\/\/www.europesays.com\/fr\/wp-json\/wp\/v2\/users\/2"}],"replies":[{"embeddable":true,"href":"https:\/\/www.europesays.com\/fr\/wp-json\/wp\/v2\/comments?post=109610"}],"version-history":[{"count":0,"href":"https:\/\/www.europesays.com\/fr\/wp-json\/wp\/v2\/posts\/109610\/revisions"}],"wp:featuredmedia":[{"embeddable":true,"href":"https:\/\/www.europesays.com\/fr\/wp-json\/wp\/v2\/media\/109611"}],"wp:attachment":[{"href":"https:\/\/www.europesays.com\/fr\/wp-json\/wp\/v2\/media?parent=109610"}],"wp:term":[{"taxonomy":"category","embeddable":true,"href":"https:\/\/www.europesays.com\/fr\/wp-json\/wp\/v2\/categories?post=109610"},{"taxonomy":"post_tag","embeddable":true,"href":"https:\/\/www.europesays.com\/fr\/wp-json\/wp\/v2\/tags?post=109610"}],"curies":[{"name":"wp","href":"https:\/\/api.w.org\/{rel}","templated":true}]}}