{"id":1096308,"date":"2026-07-30T04:37:19","date_gmt":"2026-07-30T04:37:19","guid":{"rendered":"https:\/\/www.europesays.com\/fr\/1096308\/"},"modified":"2026-07-30T04:37:19","modified_gmt":"2026-07-30T04:37:19","slug":"saint-etienne-ou-peut-on-stationner-gratuitement-cet-ete","status":"publish","type":"post","link":"https:\/\/www.europesays.com\/fr\/1096308\/","title":{"rendered":"Saint-\u00c9tienne : o\u00f9 peut-on stationner gratuitement cet \u00e9t\u00e9 ?"},"content":{"rendered":"<p><img loading=\"lazy\" decoding=\"async\" alt=\"Une bonne nouvelle pour les automobilistes st\u00e9phanois durant ce mois d'ao\u00fbt avec cette gratuit\u00e9 de stationnement - \u00a9 Nahim Idir\" data-zoom-src=\"https:\/\/www.europesays.com\/fr\/wp-content\/uploads\/2026\/07\/initial-stationnement-ete-saint-etienne-gratuit-place.jpg\" data-zoomable=\"\" height=\"702\" src=\"https:\/\/www.europesays.com\/fr\/wp-content\/uploads\/2026\/07\/initial-stationnement-ete-saint-etienne-gratuit-place.jpg\" width=\"1248\"\/>  <\/p>\n<p class=\"article-desc\">Une bonne nouvelle pour les automobilistes st\u00e9phanois durant ce mois d&rsquo;ao\u00fbt avec cette gratuit\u00e9 de stationnement &#8211; \u00a9 Nahim Idir <\/p>\n<p>Bonne nouvelle pour les automobilistes st\u00e9phanois. Du <strong>lundi 3 ao\u00fbt au vendredi 4 septembre<\/strong> 2026 inclus, le stationnement en surface sera enti\u00e8rement gratuit dans l\u2019ensemble des zones vertes de Saint-\u00c9tienne. Pendant cette p\u00e9riode estivale, <strong>aucun ticket <\/strong>ne sera n\u00e9cessaire pour s\u2019y garer. <\/p>\n<p>En zone jaune, la demi-heure de stationnement gratuit est toujours en vigueur <\/p>\n<p>En zone jaune, les conditions habituelles de gratuit\u00e9 restent en vigueur : les 30 premi\u00e8res minutes sont offertes, tout comme le stationnement du vendredi \u00e0 12 h jusqu\u2019au lundi \u00e0 8 h 30. La gratuit\u00e9 est \u00e9galement maintenue du lundi au samedi entre 12 h 30 et 14 h, ainsi que de 19 h \u00e0 8 h 30. Une mesure destin\u00e9e \u00e0 <strong>faciliter les d\u00e9placements<\/strong> et \u00e0 encourager les St\u00e9phanois \u00e0 profiter des commerces de proximit\u00e9 durant l\u2019\u00e9t\u00e9. <\/p>\n<p>Pour conna\u00eetre en d\u00e9taille les zones vertes pour le stationnement, rendez-vous <a href=\"https:\/\/www.saint-etienne.fr\/stationnement-pour-les-utilisateurs-occasionnels\" rel=\"noopener nofollow\" target=\"_blank\">sur la carte interactive de la Ville de Saint-\u00c9tienne<\/a><\/p>\n<p> Du changement \u00e0 la rentr\u00e9e sur le stationnement gratuit \u00e0 partir du vendredi midi <\/p>\n<p>Mauvaise nouvelle, en revanche, la Ville de Saint-\u00c9tienne va mettre <strong>fin \u00e0 la gratuit\u00e9<\/strong> du stationnement du vendredi midi au samedi soir.<\/p>\n<p>Comme l\u2019annonce nos confr\u00e8res <a href=\"https:\/\/www.leprogres.fr\/transport\/2026\/07\/26\/fin-du-stationnement-gratuit-tout-le-week-end-a-partir-de-septembre-la-mairie-offrira-trois-heures-le-samedi\" rel=\"noopener nofollow\" target=\"_blank\">du Progr\u00e8s<\/a>, mis en place par l\u2019ancienne municipalit\u00e9, cette mesure est jug\u00e9e <strong>contre-productive<\/strong> et ne permet pas une bonne rotation des v\u00e9hicules dans le centre-ville, avec le ph\u00e9nom\u00e8ne des \u00ab\u00a0voitures ventouses\u00a0\u00bb. <\/p>\n<p>\u00c0 partir du 5 septembre cette nouvelle mesure entre en vigueur, les automobilistes b\u00e9n\u00e9ficieront cependant de trois heures gratuites le samedi.<\/p>\n","protected":false},"excerpt":{"rendered":"Une bonne nouvelle pour les automobilistes st\u00e9phanois durant ce mois d&rsquo;ao\u00fbt avec cette gratuit\u00e9 de stationnement &#8211; \u00a9&hellip;\n","protected":false},"author":2,"featured_media":1096309,"comment_status":"","ping_status":"","sticky":false,"template":"","format":"standard","meta":{"footnotes":"","_share_on_mastodon":"0"},"categories":[9653],"tags":[1111,11,2430,1777,674,1011,27,12,25,4001,6173,15880],"class_list":["post-1096308","post","type-post","status-publish","format-standard","has-post-thumbnail","category-saint-etienne","tag-actu","tag-actualites","tag-auvergne-rhone-alpes","tag-eu","tag-europe","tag-fr","tag-france","tag-news","tag-republique-francaise","tag-saint-etienne","tag-stationnement","tag-ville-de-saint-etienne"],"share_on_mastodon":{"url":"https:\/\/pubeurope.com\/@fr\/117007081065068551","error":""},"_links":{"self":[{"href":"https:\/\/www.europesays.com\/fr\/wp-json\/wp\/v2\/posts\/1096308","targetHints":{"allow":["GET"]}}],"collection":[{"href":"https:\/\/www.europesays.com\/fr\/wp-json\/wp\/v2\/posts"}],"about":[{"href":"https:\/\/www.europesays.com\/fr\/wp-json\/wp\/v2\/types\/post"}],"author":[{"embeddable":true,"href":"https:\/\/www.europesays.com\/fr\/wp-json\/wp\/v2\/users\/2"}],"replies":[{"embeddable":true,"href":"https:\/\/www.europesays.com\/fr\/wp-json\/wp\/v2\/comments?post=1096308"}],"version-history":[{"count":0,"href":"https:\/\/www.europesays.com\/fr\/wp-json\/wp\/v2\/posts\/1096308\/revisions"}],"wp:featuredmedia":[{"embeddable":true,"href":"https:\/\/www.europesays.com\/fr\/wp-json\/wp\/v2\/media\/1096309"}],"wp:attachment":[{"href":"https:\/\/www.europesays.com\/fr\/wp-json\/wp\/v2\/media?parent=1096308"}],"wp:term":[{"taxonomy":"category","embeddable":true,"href":"https:\/\/www.europesays.com\/fr\/wp-json\/wp\/v2\/categories?post=1096308"},{"taxonomy":"post_tag","embeddable":true,"href":"https:\/\/www.europesays.com\/fr\/wp-json\/wp\/v2\/tags?post=1096308"}],"curies":[{"name":"wp","href":"https:\/\/api.w.org\/{rel}","templated":true}]}}