{"id":109642,"date":"2025-05-18T15:40:11","date_gmt":"2025-05-18T15:40:11","guid":{"rendered":"https:\/\/www.europesays.com\/fr\/109642\/"},"modified":"2025-05-18T15:40:11","modified_gmt":"2025-05-18T15:40:11","slug":"livre-en-1925-ils-ont-cru-a-la-paix","status":"publish","type":"post","link":"https:\/\/www.europesays.com\/fr\/109642\/","title":{"rendered":"Livre : en 1925, ils ont cru \u00e0 la paix"},"content":{"rendered":"<p>\t <a href=\"https:\/\/www.reforme.net\/culture\/livres-romans\/livre-en-1925-ils-ont-cru-a-la-paix\/?print=pdf\" class=\"pdfprnt-button pdfprnt-button-pdf\" target=\"_blank\" rel=\"noindex,nofollow noopener\"><img decoding=\"async\" src=\"https:\/\/www.europesays.com\/fr\/wp-content\/uploads\/2025\/04\/pdf.png\" alt=\"image_pdf\" title=\"Afficher le PDF\"\/><\/a><a href=\"https:\/\/www.reforme.net\/culture\/livres-romans\/livre-en-1925-ils-ont-cru-a-la-paix\/?print=print\" class=\"pdfprnt-button pdfprnt-button-print\" target=\"_blank\" rel=\"noindex,nofollow noopener\"><img decoding=\"async\" src=\"https:\/\/www.europesays.com\/fr\/wp-content\/uploads\/2025\/04\/print.png\" alt=\"image_print\" title=\"Contenu imprim\u00e9\"\/><\/a><\/p>\n<p>Fortement document\u00e9, ce r\u00e9cit historique se d\u00e9roule dans un cadre enchanteur, un lac \u00e9tincelant au c\u0153ur des montagnes du Tessin, en <a href=\"https:\/\/www.reforme.net\/religion\/suisse-alemanique-1-protestant-sur-5-pense-a-quitter-leglise\/\" target=\"_blank\" rel=\"noopener nofollow\">Suisse<\/a> italienne. La narratrice d\u00e9couvre le journal intime tenu par sa grand-m\u00e8re Louise en 1925, une Fran\u00e7aise correspondante du Courrier de Gen\u00e8ve. La construction du roman m\u00eale all\u00e8grement la grande Histoire, celle de l\u2019\u00e9laboration d\u2019un trait\u00e9 de paix et la petite, le v\u00e9cu des journalistes, dont Louise, qui traquent la moindre lueur pour t\u00e9moigner en avant-premi\u00e8re de l\u2019issue incertaine de cet accord.\u00a0\u00a0<\/p>\n<p>Cette conf\u00e9rence r\u00e9unit le chancelier allemand, Hans Luther, et sept ministres charg\u00e9s des affaires \u00e9trang\u00e8res\u202f: le fran\u00e7ais Aristide Briand, l\u2019anglais Chamberlain, l\u2019allemand Stresemann, le belge Vandervelde, l\u2019italien Scialoja, ainsi qu\u2019un polonais et un tch\u00e9coslovaque. Malgr\u00e9 les blessures encore vives de la Grande guerre, ils s\u2019engagent tous dans une mission p\u00e9rilleuse\u202f: sauver la paix. La vivacit\u00e9 d\u2019esprit d\u2019A. Briand domine ces journ\u00e9es\u202f: \u00ab Entre la France et l\u2019Allemagne, il n\u2019est pas d\u2019autre alternative\u202f: l\u2019amiti\u00e9 ou la guerre.\u202f\u00bb ou \u00ab L\u2019accord que nous consacrons par nos signatures a ceci d\u2018encourageant\u202f: il proc\u00e8de d\u2019un esprit nouveau. A l\u2019esprit de pr\u00e9caution, de soup\u00e7on, se substitue l\u2019esprit de solidarit\u00e9.\u202f\u00bb La finesse de ses discours est aussi li\u00e9e \u00e0 son directeur de cabinet, Alexis L\u00e9ger, plus connu sous le nom de Saint-John-Perse. D\u2019autres personnages fascinants \u00e9mergent, Chamberlain et sa femme tr\u00e8s glamour, l\u2019allemand Stresemann qui tente de r\u00e9habiliter l\u2019Allemagne de Weimar sur le plan international malgr\u00e9 les pressions du mouvement national-socialiste.\u00a0<\/p>\n<p>Style tr\u00e8s pittoresque <\/p>\n<p>Aux c\u00f4t\u00e9s de Wibeau, correspondant du Berliner Tageblatt, Louise \u00e9voque avec panache les propos de Romain Rolland \u00ab\u202fPeuples de toutes races, plus coupables, moins coupables, tous saignants et souffrants, fr\u00e8res dans le malheur, soyez dans le pardon et dans le rel\u00e8vement\u202f!\u202f\u00bb. Lui qui a v\u00e9cu la guerre de 14 doute davantage d\u2019une paix sinc\u00e8re. Entre les r\u00e9unions se profilent l\u2019ambiance de l\u2019\u00e9poque, les soir\u00e9es fox-trot, une repr\u00e9sentation de la Commedia del Arte, des rencontres avec des artistes de la r\u00e9gion, la peintre russe Marianne von Werefkin, l\u2019\u00e9crivain Hermann Hesse, et le singulier \u00e9colo-anarchiste Gusto Gr\u00e4ser.\u00a0<\/p>\n<p>Le style tr\u00e8s pittoresque permet de bien cerner la situation g\u00e9opolitique de l\u2019\u00e9poque, la psychologie des participants, la complexit\u00e9 et la fragilit\u00e9 des accords diplomatiques. Un livre puissant qui \u00e9claire sur la construction de l\u2019Europe, montre comment l\u2019Histoire s\u2019\u00e9crit entre les n\u00e9gociations, les silences et les parenth\u00e8ses en marge des grands trait\u00e9s. Une image m\u00e9taphorique s\u2019inscrit tout au long de ce roman captivant, l\u2019aigle attaquant un l\u00e2cher de colombes au-dessus du lac.\u00a0<\/p>\n<p>Isabelle Wagner\u00a0<\/p>\n<p>Christine de Mazi\u00e8res, Locarno, <a href=\"https:\/\/www.seuil.com\/ouvrage\/locarno-christine-de-mazieres\/9782021575996\" target=\"_blank\" rel=\"noopener nofollow\">Seuil<\/a>, 2025, 304 p., 20,90 \u20ac\u00a0\u00a0<\/p>\n<p><strong>Lire aussi :<\/strong><\/p>\n<blockquote class=\"wp-embedded-content\" data-secret=\"Mocft22QzE\">\n<p><a href=\"https:\/\/www.reforme.net\/culture\/livres-romans\/livre-la-drome-terre-daccueil-pendant-la-guerre\/\" rel=\"nofollow noopener\" target=\"_blank\">Livre : la Dr\u00f4me, terre d\u2019accueil pendant la guerre<\/a><\/p>\n<\/blockquote>\n<blockquote class=\"wp-embedded-content\" data-secret=\"lmePlQvLMr\">\n<p><a href=\"https:\/\/www.reforme.net\/culture\/livres-romans\/livre-entre-traditions-et-desir-demancipation\/\" rel=\"nofollow noopener\" target=\"_blank\">Livre : entre traditions et d\u00e9sir d\u2019\u00e9mancipation<\/a><\/p>\n<\/blockquote>\n","protected":false},"excerpt":{"rendered":"Fortement document\u00e9, ce r\u00e9cit historique se d\u00e9roule dans un cadre enchanteur, un lac \u00e9tincelant au c\u0153ur des montagnes&hellip;\n","protected":false},"author":2,"featured_media":109643,"comment_status":"","ping_status":"","sticky":false,"template":"","format":"standard","meta":{"footnotes":""},"categories":[1357],"tags":[1379,58,59,1011,27,937,1380,2403],"class_list":{"0":"post-109642","1":"post","2":"type-post","3":"status-publish","4":"format-standard","5":"has-post-thumbnail","7":"category-livres","8":"tag-books","9":"tag-divertissement","10":"tag-entertainment","11":"tag-fr","12":"tag-france","13":"tag-histoire","14":"tag-livres","15":"tag-paix"},"share_on_mastodon":{"url":"https:\/\/pubeurope.com\/@fr\/114529594551501285","error":""},"_links":{"self":[{"href":"https:\/\/www.europesays.com\/fr\/wp-json\/wp\/v2\/posts\/109642","targetHints":{"allow":["GET"]}}],"collection":[{"href":"https:\/\/www.europesays.com\/fr\/wp-json\/wp\/v2\/posts"}],"about":[{"href":"https:\/\/www.europesays.com\/fr\/wp-json\/wp\/v2\/types\/post"}],"author":[{"embeddable":true,"href":"https:\/\/www.europesays.com\/fr\/wp-json\/wp\/v2\/users\/2"}],"replies":[{"embeddable":true,"href":"https:\/\/www.europesays.com\/fr\/wp-json\/wp\/v2\/comments?post=109642"}],"version-history":[{"count":0,"href":"https:\/\/www.europesays.com\/fr\/wp-json\/wp\/v2\/posts\/109642\/revisions"}],"wp:featuredmedia":[{"embeddable":true,"href":"https:\/\/www.europesays.com\/fr\/wp-json\/wp\/v2\/media\/109643"}],"wp:attachment":[{"href":"https:\/\/www.europesays.com\/fr\/wp-json\/wp\/v2\/media?parent=109642"}],"wp:term":[{"taxonomy":"category","embeddable":true,"href":"https:\/\/www.europesays.com\/fr\/wp-json\/wp\/v2\/categories?post=109642"},{"taxonomy":"post_tag","embeddable":true,"href":"https:\/\/www.europesays.com\/fr\/wp-json\/wp\/v2\/tags?post=109642"}],"curies":[{"name":"wp","href":"https:\/\/api.w.org\/{rel}","templated":true}]}}