{"id":109660,"date":"2025-05-18T15:49:08","date_gmt":"2025-05-18T15:49:08","guid":{"rendered":"https:\/\/www.europesays.com\/fr\/109660\/"},"modified":"2025-05-18T15:49:08","modified_gmt":"2025-05-18T15:49:08","slug":"charlene-de-monaco-letizia-despagne-pourquoi-etaient-elles-les-seules-femmes-en-blanc-a-la-messe-du-pape","status":"publish","type":"post","link":"https:\/\/www.europesays.com\/fr\/109660\/","title":{"rendered":"Charl\u00e8ne de Monaco, Letizia d\u2019Espagne&#8230; pourquoi \u00e9taient-elles les seules femmes en blanc \u00e0 la messe du pape ?"},"content":{"rendered":"<p>Lors de la messe inaugurale du pape L\u00e9on XIV ce dimanche au Vatican, plusieurs reines et princesses ont attir\u00e9 l\u2019attention par leur tenue immacul\u00e9e. Si le protocole impose traditionnellement le noir aux femmes lors des audiences pontificales, certaines b\u00e9n\u00e9ficient du \u00abprivil\u00e8ge du blanc\u00bb.<\/p>\n<p class=\"fig-paragraph\">Ce dimanche, la basilique Saint-Pierre a vibr\u00e9 sous les chants liturgiques et les ors de la tradition. Au Vatican avait lieu la messe inaugurale de L\u00e9on XIV, devenu 267e pape de l\u2019\u00c9glise catholique et premier Am\u00e9ricain, apr\u00e8s la mort de son pr\u00e9d\u00e9cesseur, le pape Fran\u00e7ois. Cependant, au milieu des habits noirs et des mantilles sombres pour les femmes, se sont distingu\u00e9es cet apr\u00e8s-midi quatre silhouettes v\u00eatues de blanc.<\/p>\n<p class=\"fig-paragraph\">Parmi elles, la reine Letizia d\u2019Espagne, la reine Mathilde de Belgique, Maria Teresa de Luxembourg et la princesse Charl\u00e8ne de Monaco, d\u00e9rogeant ainsi au protocole vestimentaire du Vatican. Un privil\u00e8ge rare, h\u00e9rit\u00e9 de l\u2019histoire et r\u00e9serv\u00e9 \u00e0 une caste de souveraines catholiques, baptis\u00e9 le \u00abprivil\u00e8ge du blanc\u00bb.<\/p>\n<p>    Charl\u00e8ne de Monaco et le prince Albert.<br \/>\n                FILIPPO MONTEFORTE \/ AFP<\/p>\n<p>    Charl\u00e8ne de Monaco et Letizia d\u2019Espagne.<br \/>\n                FILIPPO MONTEFORTE \/ AFP<\/p>\n<p>    Charl\u00e8ne de Monaco et le prince Albert.<br \/>\n                ISABELLA BONOTTO \/ AFP<\/p>\n<p>    Letizia d\u2019Espagne.<br \/>\n                ISABELLA BONOTTO \/ AFP<\/p>\n<p>    Letizia d\u2019Espagne.<br \/>\n                ALBERTO PIZZOLI \/ AFP<\/p>\n<p>    Charl\u00e8ne de Monaco.<br \/>\n                IPA\/ABACA<\/p>\n<p class=\"fig-paragraph\">En italien privilegio del bianco, cette tradition permet \u00e0 certaines reines et princesses catholiques de porter une tenue blanche accompagn\u00e9e d\u2019une mantille de la m\u00eame teinte lors d\u2019audiences officielles avec le pape. Un usage exceptionnel, r\u00e9serv\u00e9 aujourd\u2019hui \u00e0 seulement sept femmes dans le monde\u00a0: la reine Letizia d\u2019Espagne, la reine Mathilde de Belgique, la princesse Charl\u00e8ne de Monaco, la reine \u00e9m\u00e9rite Sofia d\u2019Espagne, la reine \u00e9m\u00e9rite Paola de Belgique, la grande-duchesse Maria Teresa de Luxembourg et la princesse Marina de Naples.<\/p>\n<p class=\"fig-paragraph\">Les origines du \u00abprivil\u00e8ge du blanc\u00bb remonteraient \u00e0 plusieurs si\u00e8cles. Cette tradition protocolaire s\u2019est ancr\u00e9e au fil du temps, notamment \u00e0 partir du XVI si\u00e8cle, en lien avec les titres honorifiques d\u00e9cern\u00e9s par le Saint-Si\u00e8ge \u00e0 certaines monarchies catholiques. Ainsi, les rois d\u2019Espagne ont re\u00e7u le titre de Rex Catholicissimus (Roi Tr\u00e8s Catholique), une distinction refl\u00e9tant leur fid\u00e9lit\u00e9 historique \u00e0 l\u2019\u00c9glise. Dans ce contexte, le port du blanc est devenu un signe de puret\u00e9, de loyaut\u00e9 envers le pape, et de reconnaissance du lien privil\u00e9gi\u00e9 entre ces monarchies et le catholicisme.<\/p>\n<p class=\"fig-paragraph\">Ce privil\u00e8ge n\u2019a toutefois rien d\u2019obligatoire. En ao\u00fbt 2022, Charl\u00e8ne de Monaco avait, par exemple, choisi de porter une tenue noire fa\u00e7on \u00abveuve sicilienne\u00bb pour rencontrer le pape Fran\u00e7ois.<\/p>\n","protected":false},"excerpt":{"rendered":"Lors de la messe inaugurale du pape L\u00e9on XIV ce dimanche au Vatican, plusieurs reines et princesses ont&hellip;\n","protected":false},"author":2,"featured_media":109661,"comment_status":"","ping_status":"","sticky":false,"template":"","format":"standard","meta":{"footnotes":""},"categories":[5],"tags":[976,11,972,10675,638,1011,27,14,22789,977,13600,12,12672,973,975,974,28],"class_list":{"0":"post-109660","1":"post","2":"type-post","3":"status-publish","4":"format-standard","5":"has-post-thumbnail","7":"category-international","8":"tag-actu-people","9":"tag-actualites","10":"tag-celebrite","11":"tag-charlene-de-monaco","12":"tag-figaro","13":"tag-fr","14":"tag-france","15":"tag-international","16":"tag-letizia-despagne","17":"tag-madame","18":"tag-messe","19":"tag-news","20":"tag-pape","21":"tag-people","22":"tag-potain-de-stars","23":"tag-star","24":"tag-world"},"share_on_mastodon":{"url":"https:\/\/pubeurope.com\/@fr\/114529629853823254","error":""},"_links":{"self":[{"href":"https:\/\/www.europesays.com\/fr\/wp-json\/wp\/v2\/posts\/109660","targetHints":{"allow":["GET"]}}],"collection":[{"href":"https:\/\/www.europesays.com\/fr\/wp-json\/wp\/v2\/posts"}],"about":[{"href":"https:\/\/www.europesays.com\/fr\/wp-json\/wp\/v2\/types\/post"}],"author":[{"embeddable":true,"href":"https:\/\/www.europesays.com\/fr\/wp-json\/wp\/v2\/users\/2"}],"replies":[{"embeddable":true,"href":"https:\/\/www.europesays.com\/fr\/wp-json\/wp\/v2\/comments?post=109660"}],"version-history":[{"count":0,"href":"https:\/\/www.europesays.com\/fr\/wp-json\/wp\/v2\/posts\/109660\/revisions"}],"wp:featuredmedia":[{"embeddable":true,"href":"https:\/\/www.europesays.com\/fr\/wp-json\/wp\/v2\/media\/109661"}],"wp:attachment":[{"href":"https:\/\/www.europesays.com\/fr\/wp-json\/wp\/v2\/media?parent=109660"}],"wp:term":[{"taxonomy":"category","embeddable":true,"href":"https:\/\/www.europesays.com\/fr\/wp-json\/wp\/v2\/categories?post=109660"},{"taxonomy":"post_tag","embeddable":true,"href":"https:\/\/www.europesays.com\/fr\/wp-json\/wp\/v2\/tags?post=109660"}],"curies":[{"name":"wp","href":"https:\/\/api.w.org\/{rel}","templated":true}]}}