{"id":109676,"date":"2025-05-18T16:01:09","date_gmt":"2025-05-18T16:01:09","guid":{"rendered":"https:\/\/www.europesays.com\/fr\/109676\/"},"modified":"2025-05-18T16:01:09","modified_gmt":"2025-05-18T16:01:09","slug":"la-metropole-defend-le-projet-de-14-juillet-de-thomas-jolly-mais-ne-donne-pas-toutes-les-reponses","status":"publish","type":"post","link":"https:\/\/www.europesays.com\/fr\/109676\/","title":{"rendered":"La M\u00e9tropole d\u00e9fend le projet de 14 juillet de Thomas Jolly mais ne donne pas toutes les r\u00e9ponses"},"content":{"rendered":"<p>            Par<br \/>\n        <strong><br \/>\n            <a href=\"https:\/\/actu.fr\/auteur\/julien-bouteiller\" title=\"Consulter tous les articles de Julien Bouteiller\" target=\"_blank\" rel=\"noopener\">Julien Bouteiller<\/a><br \/>\n        <\/strong><\/p>\n<p>        Publi\u00e9 le<\/p>\n<p>            18 mai 2025 \u00e0 17h57        <\/p>\n<p><strong>Aura-t-il lieu ou pas ?<\/strong> Le myst\u00e8re demeure pour <a href=\"https:\/\/actu.fr\/normandie\/rouen_76540\/du-jamais-vu-a-rouen-thomas-jolly-et-nmr-projettent-un-evenement-inedit-pour-le-14-juillet_62614526.html\" target=\"_blank\" rel=\"noopener\">l\u2019\u00e9v\u00e9nement \u00ab\u00a0jamais vu\u00a0\u00bb port\u00e9 par Thomas Jolly pour le 14 juillet \u00e0 Rouen<\/a>. Sit\u00f4t r\u00e9v\u00e9l\u00e9, <a href=\"https:\/\/actu.fr\/normandie\/rouen_76540\/electoraliste-trop-couteux-le-14-juillet-envisage-par-thomas-jolly-fait-bondir-des-elus-de-rouen_62613321.html\" target=\"_blank\" rel=\"noopener\">sit\u00f4t d\u00e9cri\u00e9 par une partie des \u00e9lus locaux<\/a>, <strong>son co\u00fbt et la m\u00e9thode ne fait pas l\u2019unanimit\u00e9<\/strong>. Dans un communiqu\u00e9 publi\u00e9 ce 14 mai 2025, la M\u00e9tropole se d\u00e9fend non sans \u00e9gratigner l\u2019opposition et faire preuve de quelques contradictions.<\/p>\n<p>Une r\u00e9union boycott\u00e9e par l\u2019opposition : c\u2019est faux<\/p>\n<p class=\" wall-content\">Mardi, c\u2019est Marie-Andr\u00e9e Malleville, adjointe \u00e0 la culture \u00e0 la Ville, qui a \u00e9t\u00e9 envoy\u00e9e au charbon pour r\u00e9pondre aux critiques de l\u2019opposition, et plus particuli\u00e8rement Marine Caron (Horizons). \u00ab S\u2019ils [les \u00e9lus d\u2019opposition] \u00e9taient simplement venus \u00e0 la r\u00e9union d\u2019information [lundi], ils auraient eu les bonnes informations. Thomas Jolly \u00e9tait lui-m\u00eame pr\u00e9sent et a donn\u00e9 de nombreux d\u00e9tails. Mais ils ont <strong>pr\u00e9f\u00e9r\u00e9 jouer la politique de la chaise vide <\/strong>\u00bb. Certains soutiens du maire les accusent m\u00eame d\u2019avoir \u00ab\u00a0boycott\u00e9\u00a0\u00bb la r\u00e9union.<\/p>\n<p class=\" wall-content\">\n<p class=\" wall-content\">De fa\u00e7on plus lisse, le communiqu\u00e9 de la M\u00e9tropole rappelle que \u00ab\u00a0les contours du projet ont \u00e9t\u00e9 pr\u00e9sent\u00e9s par Thomas Jolly et Thierry Reboul en personne lundi dernier aux \u00e9lus m\u00e9tropolitains\u00a0\u00bb et d\u00e9plore l\u2019absence de \u00ab\u00a0certains invit\u00e9s\u00a0\u00bb. Sans mentionner que l\u2019ordre du jour de cette r\u00e9union extraordinaire des \u00e9lus, convoqu\u00e9s le mercredi pour le lundi suivant, <strong>n\u2019\u00e9voquait ni Thomas Jolly ni m\u00eame ledit projet \u00e9v\u00e9nementiel<\/strong> comme nous le confirme Marine Caron. \u00ab\u00a0Cette r\u00e9union a pour but de vous informer d\u2019un sujet important pour notre territoire\u00a0\u00bb, \u00e9tait-il simplement \u00e9crit dans le mail transmis aux \u00e9lus.<\/p>\n<p class=\" wall-content\">Quant \u00e0 la politique de la chaise vide dont son groupe est accus\u00e9, Marine Caron r\u00e9torque : <strong>\u00ab\u00a0Six \u00e9lus de notre groupe \u00e9taient pr\u00e9sents\u00a0\u00bb<\/strong>.<\/p>\n<p class=\" wall-content\">Enfin, il faut souligner que le projet est critiqu\u00e9,<strong> y compris par des membres de la majorit\u00e9<\/strong>, dont Jean-Michel B\u00e9r\u00e9govoy, bien pr\u00e9sent \u00e0 la fameuse r\u00e9union d\u2019information.<\/p>\n<p>Un projet concert\u00e9 avec les acteurs du territoire ?<\/p>\n<p class=\" wall-content\">\u00ab\u00a0Ce projet de spectacle culturel, d\u2019envergure nationale et internationale,<strong> associant de nombreux acteurs locaux<\/strong>, repr\u00e9sente une opportunit\u00e9 unique\u00a0\u00bb, argue aussi la collectivit\u00e9. Or, que sait-on de l\u2019association des acteurs locaux depuis le mois de d\u00e9cembre 2024 que ce projet est n\u00e9 ? Peu de choses \u00e0 vrai dire.<\/p>\n<p class=\" wall-content\">Selon nos informations,<strong> des artistes ont bien \u00e9t\u00e9 approch\u00e9s<\/strong>, sans plus d\u2019information. Les \u00e9lus quant \u00e0 eux n\u2019en ont pas eu vent avant ce fameux lundi. C\u2019est Fatima El Khili, \u00e9lue \u00e9cologiste de la majorit\u00e9 de Nicolas Mayer-Rossignol qui l\u2019affirme aupr\u00e8s de\u00a0<a href=\"https:\/\/www.paris-normandie.fr\/id630458\/article\/2025-05-13\/rouen-un-spectacle-grandiose-de-thomas-jolly-pour-le-14-juillet-les-critiques\" target=\"_blank\" rel=\"noopener\">Paris Normandie<\/a>. Et m\u00eame parmi les socialistes, certains ne l\u2019auraient d\u00e9couvert qu\u2019\u00e0 ce moment-l\u00e0 d\u2019apr\u00e8s plusieurs sources.<\/p>\n<p class=\" wall-content\">La M\u00e9tropole promet toutefois que toute enveloppe budg\u00e9taire sera \u00e9videmment, comme le veut la loi, <strong>vot\u00e9e par les \u00e9lus en conseil municipal et m\u00e9tropolitain<\/strong>. Quand ? Lors des prochains conseils municipaux et m\u00e9tropolitains ? Sachant qu\u2019ils ont lieu les 26 et 30 juin, le planning risque d\u2019\u00eatre serr\u00e9. Des assembl\u00e9es extraordinaires semblent plus probables.<\/p>\n<p>Des finances assez solides pour sortir 5 millions d\u2019euros ? \u00c7a se discute\u2026<\/p>\n<p class=\" wall-content\">\u00ab\u00a0Le projet \u201814.7 \u2018, port\u00e9 par les \u00e9quipes organisatrices des c\u00e9r\u00e9monies des Jeux Olympiques et Paralympiques, n\u2019est pas confirm\u00e9 \u00e0 ce jour\u00a0\u00bb, poursuit la M\u00e9tropole.\u00a0<\/p>\n<p class=\" wall-content\">En effet, selon nos informations, <strong>le budget n\u2019est pas boucl\u00e9<\/strong>. Et c\u2019\u00e9tait bien l\u2019objet de la r\u00e9union de lundi aupr\u00e8s des \u00e9lus, puisqu\u2019il faut <strong>les convaincre de sortir 5 millions d\u2019euros d\u2019argent public<\/strong> (partag\u00e9s entre la Ville et la M\u00e9tropole) pour compl\u00e9ter l\u2019enveloppe des m\u00e9c\u00e8nes priv\u00e9s et parvenir <strong>aux 11 millions d\u2019euros de budget<\/strong> <strong>total<\/strong> de l\u2019\u00e9v\u00e9nement.\u00a0<\/p>\n<p class=\" wall-content\">\u00ab Contrairement \u00e0 d\u2019autres m\u00e9tropoles et \u00e0 plusieurs communes dans l\u2019agglom\u00e9ration rouennaise, les finances de la Ville de Rouen et de la M\u00e9tropole rouennaise <strong>sont parfaitement saines<\/strong> \u00bb, avance la M\u00e9tropole dans un communiqu\u00e9.<\/p>\n<p class=\" wall-content\">Pourtant, budg\u00e9tairement,<strong> il est question d\u2019\u00eatre vigilant<\/strong>. Les pr\u00e9visions annoncent un doublement de la dette dans les ann\u00e9es qui viennent. <a href=\"https:\/\/actu.fr\/normandie\/rouen_76540\/endettee-la-metropole-de-rouen-va-devoir-faire-des-choix-sur-ses-grands-projets_61826969.html\" target=\"_blank\" rel=\"noopener\">Cela a \u00e9t\u00e9 pr\u00e9sent\u00e9 il y a quelques mois<\/a> aux \u00e9lus de la M\u00e9tropole. \u00ab\u00a0C\u2019est une photographie th\u00e9orique\u2009!\u2009Cette projection est un exercice de transparence\u00a0\u00bb, nous expliquait Nicolas Rouly, vice-pr\u00e9sident aux finances.<\/p>\n<p class=\" wall-content\">Concr\u00e8tement, l\u2019\u00e9lu voyait plut\u00f4t d\u2019un bon \u0153il l\u2019endettement qui signifie selon lui de l\u2019investissement. Mais, la M\u00e9tropole se refusant \u00e0 augmenter l\u2019imposition locale et fustigeant dans le m\u00eame temps une capacit\u00e9 d\u2019investissement r\u00e9duite \u00e0 cause de d\u00e9cision de l\u2019\u00c9tat, le vice-pr\u00e9sident aux finances tranchait :<strong> \u00ab\u00a0C\u2019est \u00e9vident qu\u2019on va devoir faire des choix\u00a0\u00bb.\u00a0<\/strong><\/p>\n<p>Le budget culture c&rsquo;est&#8230;<\/p>\n<p>\u00c0 la M\u00e9tropole, le budget culture 2025 c&rsquo;est 15,2 millions d&rsquo;euros. Les 2 millions qu&rsquo;elle devrait financer pour le spectacle de Thomas Jolly sont donc loin d&rsquo;\u00eatre une bagatelle. Surtout quand on sait que c&rsquo;est plus que ce que la M\u00e9tropole a donn\u00e9 en 2025 pour le Cirque-Th\u00e9\u00e2tre d&rsquo;Elbeuf (1,7 million), l&rsquo;Esadhar (1,5 million) ou bien le 106 (1,4 million).<\/p>\n<p>C\u00f4t\u00e9 Ville, dans le budget 2025, la culture repr\u00e9sente une recette de 1,5 million d&rsquo;euros. Mais surtout, le budget allou\u00e9 strictement \u00e0 la culture est de 8,07 millions d&rsquo;euros, dont une bonne moiti\u00e9 d\u00e9di\u00e9e au chantier de l&rsquo;abbatiale Saint-Ouen. La culture s&rsquo;inscrit dans une ligne budg\u00e9taire plus large de 31,22 millions, consacr\u00e9e au rayonnement de la ville, incluant aussi le sport, les manifestations publiques et l&rsquo;urbanisme.<\/p>\n<p class=\" wall-content\">Dans son communiqu\u00e9, la M\u00e9tropole vante aussi les budgets allou\u00e9s \u00e0 la culture, \u00ab\u00a0avec <strong>la cr\u00e9ation d\u2019un Fonds FACIL Culture dot\u00e9 de 20 millions d\u2019euros<\/strong> \u00e0 destination des politiques culturelles municipales, ou avec l\u2019engagement pour devenir Capitale europ\u00e9enne de la Culture, dont le budget global \u00e9tait estim\u00e9 \u00e0 80 millions d\u2019euros\u00a0\u00bb (<a href=\"https:\/\/actu.fr\/normandie\/rouen_76540\/manque-de-details-et-de-clarte-pourquoi-rouen-n-est-pas-capitale-europeenne-de-la-culture_60720760.html\" target=\"_blank\" rel=\"noopener\">pour un projet s\u00e8chement \u00e9cart\u00e9<\/a>).<\/p>\n<p>Des questions sans r\u00e9ponses<\/p>\n<p class=\" wall-content\">Enfin, <strong>il reste des questions sans r\u00e9ponses<\/strong> dans ce communiqu\u00e9. Pourquoi les \u00e9lus n\u2019ont \u00e9t\u00e9 avis\u00e9s <strong>que deux mois avant<\/strong> la tenue hypoth\u00e9tique de l\u2019\u00e9v\u00e9nement ? Pourquoi avoir pr\u00f4n\u00e9 une confidentialit\u00e9 extr\u00eame, tenant \u00e0 l\u2019\u00e9cart les habitants de la r\u00e9flexion autour de ce projet ? Pourquoi, dans une commune o\u00f9 on associe les habitants sont r\u00e9guli\u00e8rement associ\u00e9s \u00e0 des choix (oeuvres d\u2019art, noms de rue\u2026), <strong>le parti n\u2019a-t-il pas \u00e9t\u00e9 pris de les consulter ?\u00a0<\/strong><\/p>\n<p class=\" wall-content\">Pour le moment, il ne faut pas chercher de r\u00e9ponses du c\u00f4t\u00e9 de <strong>Nicolas Mayer-Rossignol<\/strong>. Le maire et pr\u00e9sident de la M\u00e9tropole <strong>se tient \u00e0 l\u2019\u00e9cart du sujet<\/strong>, concentrant ses expressions publiques sur les r\u00e9seaux sociaux <a href=\"https:\/\/actu.fr\/normandie\/rouen_76540\/nicolas-mayer-rossignol-le-maire-de-rouen-confirme-qu-il-est-candidat-a-la-tete-du-parti-socialiste_62325730.html\" target=\"_blank\" rel=\"noopener\">sur sa campagne pour prendre la t\u00eate du PS<\/a>. Et sollicit\u00e9e, la M\u00e9tropole nous renvoie \u00e0 ce communiqu\u00e9, et pr\u00e9vient qu\u2019il n\u2019y aura pas d\u2019autres informations avant la confirmation (ou non) du projet \u00ab\u00a014.7\u00a0\u00bb.<\/p>\n<p>Suivez l\u2019actualit\u00e9 de Rouen <a href=\"https:\/\/www.whatsapp.com\/channel\/0029VaKfnf99hXF2ddApFB1D\" target=\"_blank\" rel=\"noopener\">sur notre cha\u00eene WhatsApp<\/a> et <a href=\"https:\/\/www.tiktok.com\/@76actu.fr?lang=fr\" target=\"_blank\" rel=\"noopener\">sur notre compte TikTok<\/a><\/p>\n<p class=\" wall-content\">Suivez toute l\u2019actualit\u00e9 de vos villes et m\u00e9dias favoris en vous inscrivant \u00e0 <a href=\"https:\/\/moncompte.actu.fr\" title=\"D\u00e9couvez Mon Actu\" rel=\"nofollow noopener\" data-trk=\"{&quot;cta&quot;:{&quot;action&quot;:&quot;https:\\\/\\\/moncompte.actu.fr&quot;,&quot;category&quot;:&quot;mon compte&quot;,&quot;from&quot;:&quot;article footer&quot;,&quot;name&quot;:&quot;Mon actu&quot;,&quot;type&quot;:&quot;cta&quot;}}\" target=\"_blank\">Mon Actu<\/a>.<\/p>\n<p>                    <script async src=\"\/\/www.tiktok.com\/embed.js\"><\/script><\/p>\n","protected":false},"excerpt":{"rendered":"Par Julien Bouteiller Publi\u00e9 le 18 mai 2025 \u00e0 17h57 Aura-t-il lieu ou pas ? Le myst\u00e8re demeure&hellip;\n","protected":false},"author":2,"featured_media":109677,"comment_status":"","ping_status":"","sticky":false,"template":"","format":"standard","meta":{"footnotes":""},"categories":[9587],"tags":[1111,11,1777,674,1011,27,1652,9725,12,5161,25,9590],"class_list":{"0":"post-109676","1":"post","2":"type-post","3":"status-publish","4":"format-standard","5":"has-post-thumbnail","7":"category-rouen","8":"tag-actu","9":"tag-actualites","10":"tag-eu","11":"tag-europe","12":"tag-fr","13":"tag-france","14":"tag-loisirs-culture","15":"tag-metropole-rouen","16":"tag-news","17":"tag-normandie","18":"tag-republique-francaise","19":"tag-rouen"},"share_on_mastodon":{"url":"https:\/\/pubeurope.com\/@fr\/114529677271938371","error":""},"_links":{"self":[{"href":"https:\/\/www.europesays.com\/fr\/wp-json\/wp\/v2\/posts\/109676","targetHints":{"allow":["GET"]}}],"collection":[{"href":"https:\/\/www.europesays.com\/fr\/wp-json\/wp\/v2\/posts"}],"about":[{"href":"https:\/\/www.europesays.com\/fr\/wp-json\/wp\/v2\/types\/post"}],"author":[{"embeddable":true,"href":"https:\/\/www.europesays.com\/fr\/wp-json\/wp\/v2\/users\/2"}],"replies":[{"embeddable":true,"href":"https:\/\/www.europesays.com\/fr\/wp-json\/wp\/v2\/comments?post=109676"}],"version-history":[{"count":0,"href":"https:\/\/www.europesays.com\/fr\/wp-json\/wp\/v2\/posts\/109676\/revisions"}],"wp:featuredmedia":[{"embeddable":true,"href":"https:\/\/www.europesays.com\/fr\/wp-json\/wp\/v2\/media\/109677"}],"wp:attachment":[{"href":"https:\/\/www.europesays.com\/fr\/wp-json\/wp\/v2\/media?parent=109676"}],"wp:term":[{"taxonomy":"category","embeddable":true,"href":"https:\/\/www.europesays.com\/fr\/wp-json\/wp\/v2\/categories?post=109676"},{"taxonomy":"post_tag","embeddable":true,"href":"https:\/\/www.europesays.com\/fr\/wp-json\/wp\/v2\/tags?post=109676"}],"curies":[{"name":"wp","href":"https:\/\/api.w.org\/{rel}","templated":true}]}}