{"id":109678,"date":"2025-05-18T16:02:07","date_gmt":"2025-05-18T16:02:07","guid":{"rendered":"https:\/\/www.europesays.com\/fr\/109678\/"},"modified":"2025-05-18T16:02:07","modified_gmt":"2025-05-18T16:02:07","slug":"14-juillet-decrie-lubrizol-epingle-walsheim-fermee-les-infos-de-la-semaine-a-rouen","status":"publish","type":"post","link":"https:\/\/www.europesays.com\/fr\/109678\/","title":{"rendered":"14 juillet d\u00e9cri\u00e9, Lubrizol \u00e9pingl\u00e9, Walsheim ferm\u00e9e&#8230; Les infos de la semaine \u00e0 Rouen"},"content":{"rendered":"<p>            Par<br \/>\n        <strong><br \/>\n            <a href=\"https:\/\/actu.fr\/auteur\/julien-bouteiller\" title=\"Consulter tous les articles de Julien Bouteiller\" target=\"_blank\" rel=\"noopener\">Julien Bouteiller<\/a><br \/>\n        <\/strong><\/p>\n<p>        Publi\u00e9 le<\/p>\n<p>            18 mai 2025 \u00e0 17h42        <\/p>\n<p><strong>On ne s\u2019est clairement pas ennuy\u00e9 \u00e0 Rouen<\/strong>, cette semaine du 12 au 18 mai 2025 ! Pas facile de suivre tout ce qu\u2019il s\u2019est pass\u00e9, alors comme chaque dimanche, <strong>voici notre r\u00e9cap\u2019 des infos<\/strong> de ces dernies jours.<\/p>\n<p>Les infos de la semaine \u00e0 Rouen<\/p>\n<p class=\"expresso-item wall-content\"><a title=\"Lire l&#039;article\" href=\"https:\/\/actu.fr\/normandie\/rouen_76540\/electoraliste-trop-couteux-le-14-juillet-envisage-par-thomas-jolly-fait-bondir-des-elus-de-rouen_62613321.html\" target=\"_blank\" rel=\"noopener\"><strong>\u00ab\u00a0\u00c9lectoraliste \u00bb, trop co\u00fbteux\u2026 Le 14 juillet envisag\u00e9 par Thomas Jolly fait bondir des \u00e9lus de Rouen<\/strong><\/a><br \/>La M\u00e9tropole de Rouen souhaite organiser une immense f\u00eate pour le 14 juillet 2025. Avec en t\u00eate d\u2019affiche, Thomas Jolly. Mais l\u2019id\u00e9e fait grincer des dents.<\/p>\n<p class=\"expresso-item wall-content\"><a title=\"Lire l&#039;article\" href=\"https:\/\/actu.fr\/normandie\/rouen_76540\/des-defaillances-dans-des-zones-a-risque-d-explosion-l-etat-epingle-lubrizol-a-rouen_62626531.html\" target=\"_blank\" rel=\"noopener\"><strong>Des d\u00e9faillances dans des zones \u00e0 risque d\u2019explosion : l\u2019\u00c9tat \u00e9pingle Lubrizol \u00e0 Rouen<\/strong><\/a><br \/>Un nouvel arr\u00eat\u00e9 des services de l\u2019\u00c9tat vient d\u2019\u00eatre publi\u00e9 ce 5 mai 2025. Il met en demeure Lubrizol de mettre des installations en conformit\u00e9 dans des zones sensibles.<\/p>\n<p class=\"expresso-item wall-content\"><a title=\"Lire l&#039;article\" href=\"https:\/\/actu.fr\/normandie\/rouen_76540\/sur-les-hauts-de-rouen-des-habitants-veulent-empecher-l-abattage-d-un-arbre-centenaire_62629021.html\" target=\"_blank\" rel=\"noopener\"><strong>Sur les Hauts de Rouen, il se bat pour sauver un arbre centenaire qui \u00ab fait partie du paysage \u00bb<\/strong><\/a><br \/>Un arbre centenaire est menac\u00e9 d\u2019abattage aux abords de logements sociaux dans le quartier des Hauts de Rouen. Des habitants se mobilisent pour emp\u00eacher sa disparition.<\/p>\n<p class=\"expresso-item wall-content\"><a title=\"Lire l&#039;article\" href=\"https:\/\/actu.fr\/normandie\/rouen_76540\/info-76actu-un-mythique-restaurant-de-rouen-et-d-autres-enseignes-ferment-brutalement_62638329.html\" target=\"_blank\" rel=\"noopener\"><strong>Un mythique restaurant de Rouen et d\u2019autres enseignes ferment brutalement<\/strong><\/a><br \/>En grande difficult\u00e9 financi\u00e8re depuis plusieurs mois, un restaurant embl\u00e9matique de Rouen et d\u2019autres enseignes viennent de fermer brutalement leurs portes. On vous explique.<\/p>\n<p class=\"expresso-item wall-content\"><a title=\"Lire l&#039;article\" href=\"https:\/\/actu.fr\/normandie\/rouen_76540\/bonne-nouvelle-pour-la-prison-de-rouen-gerald-darmanin-annonce-30-millions-d-euros-de-travaux_62624443.html\" target=\"_blank\" rel=\"noopener\"><strong>Bonne nouvelle pour la prison de Rouen : G\u00e9rald Darmanin annonce 30 millions d\u2019euros de travaux<\/strong><\/a><br \/>Le ministre de la Justice G\u00e9rald Darmanin est venu \u00e0 Rouen ce lundi 12 mai 2025 avec une enveloppe de 30 millions d\u2019euros pour r\u00e9nover la v\u00e9tuste prison Bonne Nouvelle.<\/p>\n<p>Bon \u00e0 savoir \u00e0 Rouen<\/p>\n<p class=\"expresso-item wall-content\"><a title=\"Lire l&#039;article\" href=\"https:\/\/actu.fr\/normandie\/rouen_76540\/une-grande-enseigne-de-bazar-discount-va-bientot-ouvrir-a-saint-sever-a-rouen_62646824.html\" target=\"_blank\" rel=\"noopener\"><strong>Une grande enseigne de bazar discount va bient\u00f4t ouvrir \u00e0 Saint-Sever \u00e0 Rouen<\/strong><\/a><br \/>D\u2019ici le deuxi\u00e8me semestre 2025, un magasin d\u2019une grande enseigne de bazar discount va ouvrir ses portes au centre commercial Saint-Sever \u00e0 Rouen.<\/p>\n<p class=\"expresso-item wall-content\"><a title=\"Lire l&#039;article\" href=\"https:\/\/actu.fr\/normandie\/rouen_76540\/le-maitre-sushi-star-de-tiktok-ouvre-un-second-restaurant-a-rouen-je-veux-rendre-les-sushis-accessibles_62647454.html\" target=\"_blank\" rel=\"noopener\"><strong>Le ma\u00eetre sushi star de TikTok ouvre un second restaurant \u00e0 Rouen : \u00ab\u2009Je veux rendre les sushis accessibles\u2009\u00bb<\/strong><\/a><br \/>Si vous avez d\u00e9j\u00e0 fait la queue devant Zoushi, ce restaurant de sushis qui cartonne dans le quartier Saint-Maclou \u00e0 Rouen, bonne nouvelle : Zhou ouvre sa deuxi\u00e8me adresse.<\/p>\n<p class=\"expresso-item wall-content\"><a title=\"Lire l&#039;article\" href=\"https:\/\/actu.fr\/normandie\/rouen_76540\/un-nouveau-magasin-darty-va-bientot-ouvrir-a-rouen-on-vous-dit-ou-et-quand_62646724.html\" target=\"_blank\" rel=\"noopener\"><strong>Un nouveau magasin Darty va bient\u00f4t ouvrir \u00e0 Rouen : on vous dit o\u00f9 et quand<\/strong><\/a><br \/>L\u2019enseigne d\u2019\u00e9lectrom\u00e9nager va bient\u00f4t ouvrir un nouveau magasin sur plus de 1000m\u00b2 \u00e0 Rouen. On vous d\u00e9voile o\u00f9 et quand.<\/p>\n<p class=\"expresso-item wall-content\"><a title=\"Lire l&#039;article\" href=\"https:\/\/actu.fr\/normandie\/rouen_76540\/ce-restaurant-ouvre-une-deuxieme-adresse-dediee-a-la-cuisine-malaisienne-en-plein-coeur-de-rouen_62616518.html\" target=\"_blank\" rel=\"noopener\"><strong>Ce restaurant ouvre une deuxi\u00e8me adresse d\u00e9di\u00e9e \u00e0 la cuisine malaisienne en plein c\u0153ur de Rouen<\/strong><\/a><br \/>Le restaurant malaisien Kopitiam, implant\u00e9 depuis 2023 sur la rive gauche de Rouen (Seine-Maritime), a r\u00e9cemment ouvert une seconde adresse rive droite, dans la rue Cauchoise.<\/p>\n<p class=\"expresso-item wall-content\"><a title=\"Lire l&#039;article\" href=\"https:\/\/actu.fr\/normandie\/rouen_76540\/les-amateurs-de-belles-bougies-ont-une-nouvelle-adresse-dans-le-centre-de-rouen_62632246.html\" target=\"_blank\" rel=\"noopener\"><strong>Les amateurs de belles bougies ont une nouvelle adresse dans le centre de Rouen<\/strong><\/a><br \/>Ce vendredi 16 mai 2025, Layna Trinh ouvre sa boutique d\u00e9di\u00e9e \u00e0 l\u2019univers des bougies, juste \u00e0 c\u00f4t\u00e9 du square Verdrel \u00e0 Rouen.<\/p>\n<p>Suivez l\u2019actualit\u00e9 de Rouen <a href=\"https:\/\/www.whatsapp.com\/channel\/0029VaKfnf99hXF2ddApFB1D\" target=\"_blank\" rel=\"noopener\">sur notre cha\u00eene WhatsApp<\/a> et <a href=\"https:\/\/www.tiktok.com\/@76actu.fr?lang=fr\" target=\"_blank\" rel=\"noopener\">sur notre compte TikTok<\/a><\/p>\n<p class=\" wall-content\">Suivez toute l\u2019actualit\u00e9 de vos villes et m\u00e9dias favoris en vous inscrivant \u00e0 <a href=\"https:\/\/moncompte.actu.fr\" title=\"D\u00e9couvez Mon Actu\" rel=\"nofollow noopener\" data-trk=\"{&quot;cta&quot;:{&quot;action&quot;:&quot;https:\\\/\\\/moncompte.actu.fr&quot;,&quot;category&quot;:&quot;mon compte&quot;,&quot;from&quot;:&quot;article footer&quot;,&quot;name&quot;:&quot;Mon actu&quot;,&quot;type&quot;:&quot;cta&quot;}}\" target=\"_blank\">Mon Actu<\/a>.<\/p>\n<ul class=\"ac-article-tag wall-content\">\n<li><a href=\"https:\/\/actu.fr\/tag\/bon-plan-a-rouen\" data-trk=\"{&quot;cta&quot;:{&quot;action&quot;:&quot;Bon plan \\u00e0 Rouen&quot;,&quot;category&quot;:&quot;tag&quot;,&quot;from&quot;:&quot;article footer&quot;,&quot;name&quot;:&quot;Bon plan \\u00e0 Rouen&quot;,&quot;type&quot;:&quot;cta&quot;}}\" target=\"_blank\" rel=\"noopener\">#Bon plan \u00e0 Rouen<\/a><\/li>\n<li><a href=\"https:\/\/actu.fr\/tag\/lubrizol\" data-trk=\"{&quot;cta&quot;:{&quot;action&quot;:&quot;Lubrizol&quot;,&quot;category&quot;:&quot;tag&quot;,&quot;from&quot;:&quot;article footer&quot;,&quot;name&quot;:&quot;Lubrizol&quot;,&quot;type&quot;:&quot;cta&quot;}}\" target=\"_blank\" rel=\"noopener\">#Lubrizol<\/a><\/li>\n<\/ul>\n<p>                    <script async src=\"\/\/www.tiktok.com\/embed.js\"><\/script><\/p>\n","protected":false},"excerpt":{"rendered":"Par Julien Bouteiller Publi\u00e9 le 18 mai 2025 \u00e0 17h42 On ne s\u2019est clairement pas ennuy\u00e9 \u00e0 Rouen,&hellip;\n","protected":false},"author":2,"featured_media":109679,"comment_status":"","ping_status":"","sticky":false,"template":"","format":"standard","meta":{"footnotes":""},"categories":[9587],"tags":[1111,11,9086,1777,674,1011,27,18327,12,5161,25,9590,104],"class_list":{"0":"post-109678","1":"post","2":"type-post","3":"status-publish","4":"format-standard","5":"has-post-thumbnail","7":"category-rouen","8":"tag-actu","9":"tag-actualites","10":"tag-bon-plan-a-rouen","11":"tag-eu","12":"tag-europe","13":"tag-fr","14":"tag-france","15":"tag-lubrizol","16":"tag-news","17":"tag-normandie","18":"tag-republique-francaise","19":"tag-rouen","20":"tag-societe"},"share_on_mastodon":{"url":"https:\/\/pubeurope.com\/@fr\/114529680984165587","error":""},"_links":{"self":[{"href":"https:\/\/www.europesays.com\/fr\/wp-json\/wp\/v2\/posts\/109678","targetHints":{"allow":["GET"]}}],"collection":[{"href":"https:\/\/www.europesays.com\/fr\/wp-json\/wp\/v2\/posts"}],"about":[{"href":"https:\/\/www.europesays.com\/fr\/wp-json\/wp\/v2\/types\/post"}],"author":[{"embeddable":true,"href":"https:\/\/www.europesays.com\/fr\/wp-json\/wp\/v2\/users\/2"}],"replies":[{"embeddable":true,"href":"https:\/\/www.europesays.com\/fr\/wp-json\/wp\/v2\/comments?post=109678"}],"version-history":[{"count":0,"href":"https:\/\/www.europesays.com\/fr\/wp-json\/wp\/v2\/posts\/109678\/revisions"}],"wp:featuredmedia":[{"embeddable":true,"href":"https:\/\/www.europesays.com\/fr\/wp-json\/wp\/v2\/media\/109679"}],"wp:attachment":[{"href":"https:\/\/www.europesays.com\/fr\/wp-json\/wp\/v2\/media?parent=109678"}],"wp:term":[{"taxonomy":"category","embeddable":true,"href":"https:\/\/www.europesays.com\/fr\/wp-json\/wp\/v2\/categories?post=109678"},{"taxonomy":"post_tag","embeddable":true,"href":"https:\/\/www.europesays.com\/fr\/wp-json\/wp\/v2\/tags?post=109678"}],"curies":[{"name":"wp","href":"https:\/\/api.w.org\/{rel}","templated":true}]}}