{"id":109688,"date":"2025-05-18T16:09:10","date_gmt":"2025-05-18T16:09:10","guid":{"rendered":"https:\/\/www.europesays.com\/fr\/109688\/"},"modified":"2025-05-18T16:09:10","modified_gmt":"2025-05-18T16:09:10","slug":"avant-lincendie-de-2019-une-fleche-deja-restauree-sous-le-second-empire","status":"publish","type":"post","link":"https:\/\/www.europesays.com\/fr\/109688\/","title":{"rendered":"avant l\u2019incendie de 2019, une fl\u00e8che d\u00e9j\u00e0 restaur\u00e9e sous le Second Empire"},"content":{"rendered":"<p>L\u2019\u00e9motion qui a marqu\u00e9 les spectateurs de l\u2019incendie de Notre-Dame de Paris a atteint son paroxysme lorsque <a href=\"https:\/\/www.dna.fr\/actualite\/notre-dame\" target=\"_blank\" rel=\"nofollow noopener\">la fl\u00e8che embras\u00e9e s\u2019est abattue le 15\u00a0avril 2019<\/a>. Un profond soupir d\u2019horreur s\u2019est alors fait entendre comme si tout s\u2019\u00e9tait concentr\u00e9, espoirs perdus et d\u00e9sespoir, \u00e0 ce moment pr\u00e9cis. C\u2019est qu\u2019en effet, la fl\u00e8che entre comme forme architecturale dans la longue s\u00e9rie des arch\u00e9types issus de l\u2019imaginaire de l\u2019humanit\u00e9. En l\u2019occurrence, celui de la tour de Babel, que Nemrod voulait \u00e9difier pour emp\u00eacher Dieu de ch\u00e2tier encore les Hommes par un nouveau D\u00e9luge. On conna\u00eet la suite et la mal\u00e9diction de l\u2019humanit\u00e9 r\u00e9duite \u00e0 l\u2019incommunicabilit\u00e9 par la multiplication des langues. La haute fl\u00e8che de la cath\u00e9drale, celle qui a \u00e9t\u00e9 \u00e9rig\u00e9e \u00e0 la crois\u00e9e du transept, doit pouvoir s\u2019interpr\u00e9ter comme une nouvelle tour de Babel, celle de l\u2019humanit\u00e9 r\u00e9concili\u00e9e avec Dieu apr\u00e8s la Pentec\u00f4te qui substitue le don des langues \u00e0 la biblique division.<\/p>\n<p>  Une interpr\u00e9tation de la reconstruction de la fl\u00e8che<\/p>\n<p>Jean-Michel Leniaud, historien de l\u2019art, archiviste, pal\u00e9ographe se propose d\u2019interpr\u00e9ter sous cet angle la reconstruction de la fl\u00e8che de Notre-Dame, plus haute que jamais, pendant le Second Empire alors que la pr\u00e9c\u00e9dente avait \u00e9t\u00e9 abattue en 1793 pendant la Commune insurrectionnelle de Paris\u00a0; puis son \u00e9rection \u00e0 l\u2019identique apr\u00e8s l\u2019incendie en d\u00e9pit des d\u00e9bats contradictoires qui avaient marqu\u00e9 les lendemains du sinistre.<\/p>\n<p>Il fera d\u00e9couvrir au passage le v\u00e9ritable auteur de la fl\u00e8che dite de Viollet-le-Duc, l\u2019entrepreneur Auguste Bellu, dont l\u2019intense activit\u00e9 a aussi marqu\u00e9 le c\u0153ur du Paris du second Empire.<\/p>\n<p>Ancien inspecteur des monuments historiques et directeur de l\u2019\u00c9cole nationale des chartes de 2011 \u00e0 2016, Jean-Michel Leniaud est depuis 2017, pr\u00e9sident de la Soci\u00e9t\u00e9 des amis de Notre-Dame de Paris.<\/p>\n<p class=\"note\">Rendez-vous le mercredi 21\u00a0mai \u00e0 18\u00a0h &#8211; entr\u00e9e libre &#8211; au M\u00fcnsterhof, 9, rue des Juifs, Strasbourg.<\/p>\n","protected":false},"excerpt":{"rendered":"L\u2019\u00e9motion qui a marqu\u00e9 les spectateurs de l\u2019incendie de Notre-Dame de Paris a atteint son paroxysme lorsque la&hellip;\n","protected":false},"author":2,"featured_media":109689,"comment_status":"","ping_status":"","sticky":false,"template":"","format":"standard","meta":{"footnotes":""},"categories":[2820],"tags":[1111,11,6211,1687,2880,1777,674,107,1011,27,775,12,2661,5486,25,640,2879],"class_list":{"0":"post-109688","1":"post","2":"type-post","3":"status-publish","4":"format-standard","5":"has-post-thumbnail","7":"category-strasbourg","8":"tag-actu","9":"tag-actualites","10":"tag-conference","11":"tag-culture-loisirs","12":"tag-edition-strasbourg","13":"tag-eu","14":"tag-europe","15":"tag-fil-info","16":"tag-fr","17":"tag-france","18":"tag-grand-est","19":"tag-news","20":"tag-patrimoine-culturel","21":"tag-rencontre","22":"tag-republique-francaise","23":"tag-strasbourg","24":"tag-strasbourg-ville"},"share_on_mastodon":{"url":"https:\/\/pubeurope.com\/@fr\/114529708434273345","error":""},"_links":{"self":[{"href":"https:\/\/www.europesays.com\/fr\/wp-json\/wp\/v2\/posts\/109688","targetHints":{"allow":["GET"]}}],"collection":[{"href":"https:\/\/www.europesays.com\/fr\/wp-json\/wp\/v2\/posts"}],"about":[{"href":"https:\/\/www.europesays.com\/fr\/wp-json\/wp\/v2\/types\/post"}],"author":[{"embeddable":true,"href":"https:\/\/www.europesays.com\/fr\/wp-json\/wp\/v2\/users\/2"}],"replies":[{"embeddable":true,"href":"https:\/\/www.europesays.com\/fr\/wp-json\/wp\/v2\/comments?post=109688"}],"version-history":[{"count":0,"href":"https:\/\/www.europesays.com\/fr\/wp-json\/wp\/v2\/posts\/109688\/revisions"}],"wp:featuredmedia":[{"embeddable":true,"href":"https:\/\/www.europesays.com\/fr\/wp-json\/wp\/v2\/media\/109689"}],"wp:attachment":[{"href":"https:\/\/www.europesays.com\/fr\/wp-json\/wp\/v2\/media?parent=109688"}],"wp:term":[{"taxonomy":"category","embeddable":true,"href":"https:\/\/www.europesays.com\/fr\/wp-json\/wp\/v2\/categories?post=109688"},{"taxonomy":"post_tag","embeddable":true,"href":"https:\/\/www.europesays.com\/fr\/wp-json\/wp\/v2\/tags?post=109688"}],"curies":[{"name":"wp","href":"https:\/\/api.w.org\/{rel}","templated":true}]}}