{"id":109692,"date":"2025-05-18T16:12:14","date_gmt":"2025-05-18T16:12:14","guid":{"rendered":"https:\/\/www.europesays.com\/fr\/109692\/"},"modified":"2025-05-18T16:12:14","modified_gmt":"2025-05-18T16:12:14","slug":"aux-petits-joueurs-le-bar-historique-du-quartier-saint-donatien-revit","status":"publish","type":"post","link":"https:\/\/www.europesays.com\/fr\/109692\/","title":{"rendered":"Aux Petits Joueurs, le bar historique du quartier Saint-Donatien revit"},"content":{"rendered":"<p>            Par<br \/>\n        <strong><br \/>\n            <a href=\"https:\/\/actu.fr\/auteur\/thomas-bernard\" title=\"Consulter tous les articles de Thomas Bernard\" target=\"_blank\" rel=\"noopener\">Thomas Bernard<\/a><br \/>\n        <\/strong><\/p>\n<p>        Publi\u00e9 le<\/p>\n<p>            18 mai 2025 \u00e0 17h16        <\/p>\n<p>Le bistrot n\u2019avait pas ouvert ses portes depuis octobre dernier. Bien connu des habitants et passants du <strong>quartier Saint-Donatien<\/strong> \u00e0 Nantes, <a href=\"https:\/\/actu.fr\/pays-de-la-loire\/nantes_44109\/dans-ce-bistrot-de-quartier-les-clients-jouent-a-la-boule-nantaise-je-suis-tombe-amoureux_59755790.html\" target=\"_blank\" rel=\"noopener\">l\u2019illustre bar Aux Petits Joueurs<\/a> est de nouveau accessible au public depuis ce jeudi 15\u00a0mai.<\/p>\n<p class=\" wall-content\">Le fonds de commerce a \u00e9t\u00e9 <strong>repris par deux Nantais<\/strong>, reconnus dans le milieu culturel\u2009: Claire Massonnet, codirectrice de la compagnie Non Nova-Phia M\u00e9nard, et Hordax, ancien journaliste musical et impliqu\u00e9 dans la cr\u00e9ation du <a href=\"https:\/\/www.lehangar-skatepark.com\/\" target=\"_blank\" rel=\"noopener\">Hangar<\/a>.<\/p>\n<p>    <a href=\"https:\/\/www.google.com\/maps\/embed?pb=!1m18!1m12!1m3!1d4908.256531428874!2d-1.5463319460756129!3d47.231739973593555!2m3!1f0!2f0!3f0!3m2!1i1024!2i768!4f13.1!3m3!1m2!1s0x4805ee9216f6ab9f%3A0xe85a432ec12f2454!2sAux%20P%27tits%20Joueurs!5e1!3m2!1sfr!2sfr!4v1747494866061!5m2!1sfr!2sfr\" title=\"Ouvrie le lien\" target=\"_blank\" rel=\"noopener\">Cliquez ici pour visualiser le contenu<\/a><\/p>\n<p>\u00ab\u2009Un lieu trois en un\u2009\u00bb<\/p>\n<p class=\" wall-content\">\u00ab\u2009Nous voulions cr\u00e9er un caf\u00e9 de quartier que nous aurions aim\u00e9 fr\u00e9quenter. <strong>Un lieu trois en un\u2009\u00bb<\/strong>, pr\u00e9sente Hordax. Au 23, rue du Port Guichard, les nouveaux patrons veulent faire du bar un lieu qui soit culturel, de proximit\u00e9 et un espace de jeux.<\/p>\n<p class=\" wall-content\">L\u2019int\u00e9rieur des murs a \u00e9t\u00e9 renouvel\u00e9 avec la participation de peintres. \u00c0 terme, une bo\u00eete \u00e0 livres sera install\u00e9e et les artistes locaux seront mis en avant lors de divers \u00e9v\u00e9nements. Des spectacles culturels (concert, th\u00e9\u00e2tre\u2026) seront \u00e9galement propos\u00e9s en afterwork.<\/p>\n<p>Vid\u00e9os : en ce moment sur Actu<\/p>\n<p class=\" wall-content\">Pour les habitu\u00e9s de l\u2019adresse nantaise, <strong>la piste de boule nantaise<\/strong> a \u00e9t\u00e9 conserv\u00e9e. Des travaux sont encore men\u00e9s derri\u00e8re le bar pour am\u00e9nager une salle de spectacle et le terrain de boule.<\/p>\n<p class=\" wall-content\">\u00ab\u2009Tous les samedis on recouvrira le terrain de boule nantaise d\u2019une maquette synth\u00e9tique afin de faire du palet et du m\u00f6lkky\u2009\u00bb, pr\u00e9cise Hordax. Des jeux d\u2019adresse s\u2019installeront \u00e9galement.<\/p>\n<p>    <img   decoding=\"async\" loading=\"lazy\" src=\"https:\/\/www.europesays.com\/fr\/wp-content\/uploads\/2025\/05\/aux-petits-joueurs-nantes-bar-960x640.jpeg\" alt=\"Des artistes locaux ont particip\u00e9 \u00e0 la d\u00e9coration des lieux. \" width=\"960\" height=\"640\"\/><br \/>\n    Des artistes locaux ont particip\u00e9 \u00e0 la d\u00e9coration des lieux.<\/p>\n<p class=\" wall-content\">L\u2019espace de jeu et la salle de spectacle (pouvant accueillir 200\u00a0personnes maximum) <strong>ouvriront au mois de juin<\/strong>.<\/p>\n<p class=\" wall-content\">\u00ab\u2009\u00c0 petite \u00e9chelle, on va essayer d\u2019apporter un soulagement aux gens dans leur quotidien, afin que l\u2019adresse soit <strong>un lieu de ressources et de rencontres<\/strong> \u00e0 travers de la culture et des jeux\u2009\u2009\u00bb, sourit Hordax, d\u00e9sireux de \u00ab\u2009remettre l\u2019humain\u2009\u00bb au centre de son quotidien.<\/p>\n<p class=\" wall-content\">Au niveau culinaire, le bar proposera une carte simple avec deux entr\u00e9es, deux plats (un carn\u00e9 et un v\u00e9g\u00e9tarien) et deux desserts.<\/p>\n<p class=\" wall-content\">\u00ab\u2009Nous faisons le choix <strong>d\u2019une \u00e9conomie locale, solidaire et \u00e9thique<\/strong> et ne travaillerons qu\u2019avec des artisans, des producteurs et des commer\u00e7ants de proximit\u00e9. Nous misons sur la qualit\u00e9 plus que sur la quantit\u00e9 et nous adapterons au cycle saisonnier\u2009\u00bb, affirme l\u2019\u00e9quipe du bar.<\/p>\n<p>Un lieu de vie du quartier<\/p>\n<p class=\" wall-content\">Nich\u00e9 au c\u0153ur d\u2019un quartier Saint-Donatien depuis plus d\u2019un si\u00e8cle, le bar Aux Petits Joueurs est un caf\u00e9 charg\u00e9 d\u2019histoires. Claire et Hordax veulent perdurer la narration de ce lieu tout en l\u2019ancrant \u00ab\u2009dans une \u00e8re plus contemporaine\u2009\u00bb.<\/p>\n<p class=\" wall-content\">Aux Petits joueurs accueillera une Amap tous les mardis soir et la ruche qui dit oui les mercredis soir pour les habitants du quartier Saint-Donatien. Pour les nouveaux responsables, le bar doit \u00eatre \u00ab\u2009un entremetteur\u2009\u00bb dans le quotidien des habitants.<\/p>\n<blockquote class=\"ac-article-quote wall-content\">\n<p>Nous sommes un caf\u00e9 de quartier, nous sommes tr\u00e8s attach\u00e9s \u00e0 cela. Nous voulons des habitu\u00e9s, que les gens s&rsquo;appellent par leur pr\u00e9nom. Ce qui nous int\u00e9resse, c&rsquo;est d&rsquo;\u00eatre utile et d&rsquo;apporter un service op\u00e9rationnel aux riverains.<\/p>\n<p>    <strong>Hordax<\/strong><br \/>\n        Co-g\u00e9rant Aux Petits Joueurs    <\/p><\/blockquote>\n<p class=\" wall-content\">Un lien entretenu depuis plusieurs mois, avant la r\u00e9ouverture.<\/p>\n<p class=\" wall-content\">Pour faire d\u00e9couvrir leur projet aux habitants du quartier, les nouveaux patrons du bistrot ont organis\u00e9 <strong>un temps convivial lors de la galette des rois alors que le bar \u00e9tait encore en travaux<\/strong>.<\/p>\n<p class=\" wall-content\">\u00ab\u200980\u00a0personnes sont venues. Elles ont bien aim\u00e9 notre projet et de fil en aiguille \u00e9norm\u00e9ment <strong>de riverains sont venus nous aider \u00e0 faire des travaux lourds\u2009\u00bb<\/strong>, confie l\u2019ancien journaliste.<\/p>\n<p class=\" wall-content\">Ce mardi 13\u00a0mai, les nouveaux locataires des lieux ont organis\u00e9 une soir\u00e9e et offert le d\u00eener aux personnes qui ont contribu\u00e9 \u00e0 la r\u00e9ouverture des Petits Joueurs. \u00ab\u2009On se devait de leur montrer notre gratitude et de les remercier\u2009\u00bb, affirme Hordax.<\/p>\n<p class=\" wall-content\"><a href=\"https:\/\/www.instagram.com\/p\/DJo4QTZxGqa\/embed\" title=\"Ouvrir le lien sur Instagram\" target=\"_blank\" rel=\"noopener\">Visualiser le contenu sur Instagram<\/a><\/p>\n<p class=\" wall-content\">Depuis sa cr\u00e9ation, le projet est participatif avec la lev\u00e9e de 150\u2009000\u00a0euros gr\u00e2ce au soutien financier de douze actionnaires. Cette somme a permis au couple nantais d\u2019acqu\u00e9rir le fonds de commerce.<\/p>\n<p class=\" wall-content\">\u00ab\u2009Nous sommes au d\u00e9but de l\u2019aventure. Nous percevons nos intentions mais nous ne les avons pas encore men\u00e9es \u00e0 terme\u2009\u00bb, livre Hordax.<\/p>\n<p><strong>Infos pratiques<\/strong>\u2009:<br \/>Aux Petits Joueurs, 23 rue du Port Guichard, Nantes<br \/>Mardi, mercredi\u2009: 11h-20h30, Jeudi au samedi\u2009: 11h-00h<\/p>\n<p class=\" wall-content\">Suivez toute l\u2019actualit\u00e9 de vos villes et m\u00e9dias favoris en vous inscrivant \u00e0 <a href=\"https:\/\/moncompte.actu.fr\" title=\"D\u00e9couvez Mon Actu\" rel=\"nofollow noopener\" data-trk=\"{&quot;cta&quot;:{&quot;action&quot;:&quot;https:\\\/\\\/moncompte.actu.fr&quot;,&quot;category&quot;:&quot;mon compte&quot;,&quot;from&quot;:&quot;article footer&quot;,&quot;name&quot;:&quot;Mon actu&quot;,&quot;type&quot;:&quot;cta&quot;}}\" target=\"_blank\">Mon Actu<\/a>.<\/p>\n<ul class=\"ac-article-tag wall-content\">\n<li><a href=\"https:\/\/actu.fr\/tag\/commerce\" data-trk=\"{&quot;cta&quot;:{&quot;action&quot;:&quot;Commerce&quot;,&quot;category&quot;:&quot;tag&quot;,&quot;from&quot;:&quot;article footer&quot;,&quot;name&quot;:&quot;Commerce&quot;,&quot;type&quot;:&quot;cta&quot;}}\" target=\"_blank\" rel=\"noopener\">#Commerce<\/a><\/li>\n<li><a href=\"https:\/\/actu.fr\/tag\/nouveaux-commerces\" data-trk=\"{&quot;cta&quot;:{&quot;action&quot;:&quot;Nouveaux commerces&quot;,&quot;category&quot;:&quot;tag&quot;,&quot;from&quot;:&quot;article footer&quot;,&quot;name&quot;:&quot;Nouveaux commerces&quot;,&quot;type&quot;:&quot;cta&quot;}}\" target=\"_blank\" rel=\"noopener\">#Nouveaux commerces<\/a><\/li>\n<\/ul>\n<p>                    <script async src=\"\/\/www.instagram.com\/embed.js\"><\/script><\/p>\n","protected":false},"excerpt":{"rendered":"Par Thomas Bernard Publi\u00e9 le 18 mai 2025 \u00e0 17h16 Le bistrot n\u2019avait pas ouvert ses portes depuis&hellip;\n","protected":false},"author":2,"featured_media":109693,"comment_status":"","ping_status":"","sticky":false,"template":"","format":"standard","meta":{"footnotes":""},"categories":[2818],"tags":[1111,11,215,1777,674,1011,27,766,12,3147,2636,25,104],"class_list":{"0":"post-109692","1":"post","2":"type-post","3":"status-publish","4":"format-standard","5":"has-post-thumbnail","7":"category-nantes","8":"tag-actu","9":"tag-actualites","10":"tag-commerce","11":"tag-eu","12":"tag-europe","13":"tag-fr","14":"tag-france","15":"tag-nantes","16":"tag-news","17":"tag-nouveaux-commerces","18":"tag-pays-de-la-loire","19":"tag-republique-francaise","20":"tag-societe"},"share_on_mastodon":{"url":"https:\/\/pubeurope.com\/@fr\/114529720464337267","error":""},"_links":{"self":[{"href":"https:\/\/www.europesays.com\/fr\/wp-json\/wp\/v2\/posts\/109692","targetHints":{"allow":["GET"]}}],"collection":[{"href":"https:\/\/www.europesays.com\/fr\/wp-json\/wp\/v2\/posts"}],"about":[{"href":"https:\/\/www.europesays.com\/fr\/wp-json\/wp\/v2\/types\/post"}],"author":[{"embeddable":true,"href":"https:\/\/www.europesays.com\/fr\/wp-json\/wp\/v2\/users\/2"}],"replies":[{"embeddable":true,"href":"https:\/\/www.europesays.com\/fr\/wp-json\/wp\/v2\/comments?post=109692"}],"version-history":[{"count":0,"href":"https:\/\/www.europesays.com\/fr\/wp-json\/wp\/v2\/posts\/109692\/revisions"}],"wp:featuredmedia":[{"embeddable":true,"href":"https:\/\/www.europesays.com\/fr\/wp-json\/wp\/v2\/media\/109693"}],"wp:attachment":[{"href":"https:\/\/www.europesays.com\/fr\/wp-json\/wp\/v2\/media?parent=109692"}],"wp:term":[{"taxonomy":"category","embeddable":true,"href":"https:\/\/www.europesays.com\/fr\/wp-json\/wp\/v2\/categories?post=109692"},{"taxonomy":"post_tag","embeddable":true,"href":"https:\/\/www.europesays.com\/fr\/wp-json\/wp\/v2\/tags?post=109692"}],"curies":[{"name":"wp","href":"https:\/\/api.w.org\/{rel}","templated":true}]}}