{"id":109696,"date":"2025-05-18T16:14:10","date_gmt":"2025-05-18T16:14:10","guid":{"rendered":"https:\/\/www.europesays.com\/fr\/109696\/"},"modified":"2025-05-18T16:14:10","modified_gmt":"2025-05-18T16:14:10","slug":"dans-cette-residence-a-bordeaux-les-dealers-font-la-loi","status":"publish","type":"post","link":"https:\/\/www.europesays.com\/fr\/109696\/","title":{"rendered":"dans cette r\u00e9sidence \u00e0 Bordeaux, les dealers font la loi"},"content":{"rendered":"<p>            Par<br \/>\n        <strong><br \/>\n            <a href=\"https:\/\/actu.fr\/auteur\/juliette-cardinale\" title=\"Consulter tous les articles de Juliette Cardinale\" rel=\"nofollow noopener\" target=\"_blank\">Juliette Cardinale<\/a><br \/>\n        <\/strong><\/p>\n<p>        Publi\u00e9 le<\/p>\n<p>            18 mai 2025 \u00e0 17h36        <\/p>\n<p>\u00ab\u2009Avec les chantiers autour et ce qu\u2019on vit, on a l\u2019impression d\u2019\u00eatre un ghetto\u2009\u00bb, lance Anthony*. Depuis quatre ans, il habite dans une r\u00e9sidence d\u2019un quartier en pleine mutation <a href=\"https:\/\/actu.fr\/bordeaux\/\" rel=\"nofollow noopener\" target=\"_blank\">\u00e0 Bordeaux.<\/a> Dans deux des dix b\u00e2timents, <strong>un groupe de dealers a \u00e9lu domicile<\/strong> et squatte les halls d\u2019entr\u00e9e. Entre les nuisances sonores, olfactives et l\u2019ins\u00e9curit\u00e9, Anthony n\u2019en peut plus.\u00a0Et il a vu la situation empirer depuis son arriv\u00e9e.<\/p>\n<p class=\" wall-content\">\u00ab\u2009Ils sont une vingtaine de jeunes hommes, certains mineurs, \u00e0 venir <strong>tous les soirs,<\/strong> relate Anthony. On conna\u00eet leurs t\u00eates \u00e0 force. On sait \u00e0 quoi ils ressemblent et o\u00f9 ils cachent leur matos.\u2009\u00bb Poubelles, bosquets, escaliers\u2026 Dans la r\u00e9sidence, les cachettes sont nombreuses. Les issues aussi, si les forces de l\u2019ordre d\u00e9barquent. Mais d\u2019apr\u00e8s l\u2019habitant, la police vient surtout en journ\u00e9e, le matin, et trouve seulement de petites quantit\u00e9s de stup\u00e9fiants.<\/p>\n<p class=\" wall-content\">Les premiers sont l\u00e0 <strong>d\u00e8s 11\u00a0heures du matin.<\/strong> \u00ab\u2009On voit une ou deux personnes, les premiers clients\u2009\u00bb, affirme le jeune r\u00e9sident. \u00ab\u2009De 17h \u00e0 21h, le groupe se pose, squatte, d\u00e9grade et le trafic bat son plein. On voit d\u00e9filer les consommateurs\u2009: ils sont de tout \u00e2ge et toute classe sociale.\u2009\u00bb<\/p>\n<p>Des d\u00e9gradations constantes<\/p>\n<p class=\" wall-content\">Et <strong>les nuisances<\/strong> ne se comptent plus. \u00ab\u2009On subit le tapage nocturne, les cris. Parfois ils tapent contre les b\u00e2timents\u2009\u00bb, commence Anthony. Mais elles ne sont pas seulement sonores. Les bo\u00eetes aux lettres d\u2019un des b\u00e2timents ont \u00e9t\u00e9 saccag\u00e9es et les colis sont vol\u00e9s, certains facteurs ont \u00e9t\u00e9 agress\u00e9s \u00e0 tel point que les habitants de cet immeuble doivent aller chercher leur courrier \u00e0 un bureau de poste.<\/p>\n<p class=\" wall-content\">Il faut dire que la porte du hall de ce m\u00eame b\u00e2timent est forc\u00e9e et cass\u00e9e en permanence. \u00ab\u2009Depuis quatre ans, elle n\u2019est m\u00eame plus r\u00e9par\u00e9e\u2009\u00bb, soupire l\u2019habitant. Les escaliers sont d\u00e9grad\u00e9s. <strong>\u00ab\u2009Ils d\u00e9f\u00e8quent et urinent dedans,<\/strong> c\u2019est naus\u00e9abond\u2026 Et ce n\u2019est pas le seul endroit o\u00f9 ils font leurs besoins, parfois c\u2019est dehors devant les terrasses.\u2009\u00bb<\/p>\n<p>Vid\u00e9os : en ce moment sur Actu<\/p>\n<p class=\" wall-content\">\u00c0 ce fumet se m\u00eale celui <strong>du cannabis.<\/strong> \u00ab\u2009Les dealers se posent sur les bancs, dans les halls ou devant les potes d\u2019appartement, et fument leur shit\u00a0sans se cacher. Ils n\u2019ont aucune limite.\u2009\u00bb<\/p>\n<p class=\" wall-content\">Les portillons de la r\u00e9sidence sont <strong>cass\u00e9s d\u00e8s qu\u2019ils sont r\u00e9par\u00e9s,<\/strong> \u00e0 coup de disqueuse. Tout comme les quelques cam\u00e9ras install\u00e9es. \u00ab\u2009Parfois, ils mettent le feu aux poubelles ou aux voitures\u2026 C\u2019\u00e9tait pire <a href=\"https:\/\/actu.fr\/tag\/mort-de-nahel\" rel=\"nofollow noopener\" target=\"_blank\">apr\u00e8s la mort de Nahel\u2009\u00bb.<\/a><\/p>\n<p>\u00ab\u2009On n\u2019est plus chez nous\u2009\u00bb<\/p>\n<p class=\" wall-content\">\u00ab\u2009Les habitants ont essay\u00e9 <strong>d\u2019\u00e9tablir un dialogue,<\/strong> quand on a vu qu\u2019appeler les forces de l\u2019ordre ne suffisait pas. On voulait au moins leur demander de ne pas tout d\u00e9truire ni laisser leurs d\u00e9chets partout. Au d\u00e9but, ils \u00e9taient ouverts mais \u00e7a ne marchait pas. Ils ont fini par agresser l\u2019une des habitantes\u2009qui leur parlait \u00bb, se rem\u00e9more le jeune homme.<\/p>\n<p class=\" wall-content\">Depuis, les menaces sont fr\u00e9quentes quand un habitant essaie de leur parler. Notamment d\u2019incendier les v\u00e9hicules ou de visiter le logement. <strong>\u00ab\u2009Ils nous connaissent.<\/strong> Ils savent quels sont nos appartements, nos voitures, nos horaires\u2026\u2009\u00bb, d\u00e9crit Anthony. Un climat d\u2019ins\u00e9curit\u00e9 r\u00e8gne. \u00ab\u2009On n\u2019est plus chez nous, on est chez eux. Ils se sont appropri\u00e9 les lieux.\u2009\u00bb<\/p>\n<p class=\" wall-content\">Les femmes sont d\u2019autant plus impact\u00e9es, souligne l\u2019habitant. Elles se font draguer avec insistance, et parfois agresser. Deux femmes, seules sur leur terrasse se seraient faites lourdement draguer un soir. La sc\u00e8ne a d\u00e9g\u00e9n\u00e9r\u00e9 et face \u00e0 l\u2019attitude des individus, elles se sont r\u00e9fugi\u00e9es dans le logement. Ils ont alors tambourin\u00e9 et essay\u00e9 de <strong>d\u00e9foncer la porte.\u00a0<\/strong>Heureusement sans succ\u00e8s.<\/p>\n<p>Le prix de l\u2019immobilier impact\u00e9<\/p>\n<p class=\" wall-content\">Le gardiennage n\u2019a jamais \u00e9t\u00e9 vot\u00e9 par les copropri\u00e9taires, pour des questions d\u2019argent. Car <strong>tout le monde n\u2019est pas impact\u00e9.<\/strong> \u00ab\u2009La r\u00e9sidence est \u00e9tal\u00e9e, et ils se concentrent sur les deux b\u00e2timents du fond\u2009\u00bb, explique Anthony. Proches d\u2019un arr\u00eat de tram et avec un parking gratuit sur une grande rue, ils sont dans un endroit plus faciles d\u2019acc\u00e8s \u2013 et pratique pour partir en vitesse. \u00ab\u2009Les voisins des autres b\u00e2timents ne viennent pas ici et ne prennent pas conscience de la situation.\u2009\u00bb<\/p>\n<p class=\" wall-content\">Pourtant, Anthony affirme que de nombreuses plaintes ont \u00e9t\u00e9 d\u00e9pos\u00e9es. Et que le prix du march\u00e9 est impact\u00e9. \u00ab\u2009Les logements ne se vendent plus ou <strong>les prix sont brad\u00e9s.\u2009\u00bb<\/strong> De m\u00eame pour les locations, malgr\u00e9 le flux tendu \u00e0 Bordeaux. \u00ab\u2009On pensait arriver dans un quartier en devenir, mais la vie se d\u00e9grade sans cesse.\u2009\u00bb<\/p>\n<p>*pr\u00e9nom modifi\u00e9 par souci d\u2019anonymat et de s\u00e9curit\u00e9.<\/p>\n<p class=\" wall-content\">Suivez toute l\u2019actualit\u00e9 de vos villes et m\u00e9dias favoris en vous inscrivant \u00e0 <a href=\"https:\/\/moncompte.actu.fr\" title=\"D\u00e9couvez Mon Actu\" rel=\"nofollow noopener\" data-trk=\"{&quot;cta&quot;:{&quot;action&quot;:&quot;https:\\\/\\\/moncompte.actu.fr&quot;,&quot;category&quot;:&quot;mon compte&quot;,&quot;from&quot;:&quot;article footer&quot;,&quot;name&quot;:&quot;Mon actu&quot;,&quot;type&quot;:&quot;cta&quot;}}\" target=\"_blank\">Mon Actu<\/a>.<\/p>\n","protected":false},"excerpt":{"rendered":"Par Juliette Cardinale Publi\u00e9 le 18 mai 2025 \u00e0 17h36 \u00ab\u2009Avec les chantiers autour et ce qu\u2019on vit,&hellip;\n","protected":false},"author":2,"featured_media":109697,"comment_status":"","ping_status":"","sticky":false,"template":"","format":"standard","meta":{"footnotes":""},"categories":[2817],"tags":[1111,11,1997,1052,1777,674,1011,27,12,2219,1072,25,104],"class_list":{"0":"post-109696","1":"post","2":"type-post","3":"status-publish","4":"format-standard","5":"has-post-thumbnail","7":"category-bordeaux","8":"tag-actu","9":"tag-actualites","10":"tag-bordeaux","11":"tag-drogue","12":"tag-eu","13":"tag-europe","14":"tag-fr","15":"tag-france","16":"tag-news","17":"tag-nouvelle-aquitaine","18":"tag-police","19":"tag-republique-francaise","20":"tag-societe"},"share_on_mastodon":{"url":"https:\/\/pubeurope.com\/@fr\/114529728167905790","error":""},"_links":{"self":[{"href":"https:\/\/www.europesays.com\/fr\/wp-json\/wp\/v2\/posts\/109696","targetHints":{"allow":["GET"]}}],"collection":[{"href":"https:\/\/www.europesays.com\/fr\/wp-json\/wp\/v2\/posts"}],"about":[{"href":"https:\/\/www.europesays.com\/fr\/wp-json\/wp\/v2\/types\/post"}],"author":[{"embeddable":true,"href":"https:\/\/www.europesays.com\/fr\/wp-json\/wp\/v2\/users\/2"}],"replies":[{"embeddable":true,"href":"https:\/\/www.europesays.com\/fr\/wp-json\/wp\/v2\/comments?post=109696"}],"version-history":[{"count":0,"href":"https:\/\/www.europesays.com\/fr\/wp-json\/wp\/v2\/posts\/109696\/revisions"}],"wp:featuredmedia":[{"embeddable":true,"href":"https:\/\/www.europesays.com\/fr\/wp-json\/wp\/v2\/media\/109697"}],"wp:attachment":[{"href":"https:\/\/www.europesays.com\/fr\/wp-json\/wp\/v2\/media?parent=109696"}],"wp:term":[{"taxonomy":"category","embeddable":true,"href":"https:\/\/www.europesays.com\/fr\/wp-json\/wp\/v2\/categories?post=109696"},{"taxonomy":"post_tag","embeddable":true,"href":"https:\/\/www.europesays.com\/fr\/wp-json\/wp\/v2\/tags?post=109696"}],"curies":[{"name":"wp","href":"https:\/\/api.w.org\/{rel}","templated":true}]}}