{"id":1097017,"date":"2026-07-30T12:51:13","date_gmt":"2026-07-30T12:51:13","guid":{"rendered":"https:\/\/www.europesays.com\/fr\/1097017\/"},"modified":"2026-07-30T12:51:13","modified_gmt":"2026-07-30T12:51:13","slug":"rennes-sur-les-traces-de-laffaire-dreyfus-120-ans-apres-sa-rehabilitation","status":"publish","type":"post","link":"https:\/\/www.europesays.com\/fr\/1097017\/","title":{"rendered":"Rennes : sur les traces de l&rsquo;affaire Dreyfus, 120 ans apr\u00e8s sa r\u00e9habilitation"},"content":{"rendered":"<p>Choisie \u00e0 l&rsquo;\u00e9poque pour accueillir le proc\u00e8s en raison de son calme suppos\u00e9, Rennes fut pourtant le th\u00e9\u00e2tre d&rsquo;une intense agitation. Des centaines de journalistes venus du monde entier envahirent la ville, les h\u00f4tels affich\u00e8rent complet, les t\u00e9l\u00e9grammes se multipli\u00e8rent et les tensions gagn\u00e8rent les rues. Le 9 septembre 1899, pr\u00e8s de 3 000 t\u00e9l\u00e9grammes furent exp\u00e9di\u00e9s pour annoncer la nouvelle condamnation d&rsquo;Alfred Dreyfus, un record pour l&rsquo;\u00e9poque.<\/p>\n<p>La visite relie les principaux lieux de cette histoire. Du lyc\u00e9e \u00c9mile Zola, o\u00f9 se tint le proc\u00e8s, \u00e0 la place de la R\u00e9publique, les participants d\u00e9couvrent notamment le Palais du Commerce, d&rsquo;o\u00f9 \u00e9taient envoy\u00e9s les t\u00e9l\u00e9grammes de la presse internationale, le Caf\u00e9 de la Paix, fr\u00e9quent\u00e9 par les journalistes et les officiers, ainsi que les anciens locaux de L&rsquo;Ouest-\u00c9clair, futur Ouest-France, n\u00e9 durant le proc\u00e8s.<\/p>\n<p>Le parcours permet \u00e9galement d&rsquo;\u00e9voquer l&rsquo;actualit\u00e9 m\u00e9morielle autour de l&rsquo;officier. Cette ann\u00e9e, la rue du Capitaine-Alfred-Dreyfus a \u00e9t\u00e9 officiellement rebaptis\u00e9e rue du G\u00e9n\u00e9ral Alfred Dreyfus, afin de prendre en compte la loi du 17 novembre 2025 lui accordant, \u00e0 titre posthume, le grade de g\u00e9n\u00e9ral de brigade.<\/p>\n<p>La visite s&rsquo;ach\u00e8ve au Mus\u00e9e de Bretagne, aux Champs Libres, o\u00f9 une nouvelle exposition permanente, <strong>L&rsquo;affaire Dreyfus \u00e0 Rennes<\/strong>, retrace les \u00e9v\u00e9nements \u00e0 partir d&rsquo;une collection de plus de 8 000 documents r\u00e9unis depuis 1899. Photographies, lettres et archives, dont certaines sont pr\u00e9sent\u00e9es au public pour la premi\u00e8re fois, permettent de replacer le proc\u00e8s rennais dans son contexte historique. Labellis\u00e9e \u00ab Exposition d&rsquo;int\u00e9r\u00eat national \u00bb, cette pr\u00e9sentation a \u00e9t\u00e9 con\u00e7ue avec un conseil scientifique r\u00e9unissant historiens, conservateurs et descendants d&rsquo;Alfred et Lucie Dreyfus.<\/p>\n<p>Le 12 juillet dernier, date anniversaire de la r\u00e9habilitation de 1906, Rennes a \u00e9galement accueilli une c\u00e9r\u00e9monie nationale de comm\u00e9moration, appel\u00e9e \u00e0 devenir un rendez-vous annuel.<\/p>\n<p><strong>Informations pratiques :<\/strong> visite guid\u00e9e <strong>\u00ab <a href=\"https:\/\/www.tourisme-rennes.com\/sortir\/rennes-et-laffaire-dreyfus\/\" rel=\"nofollow noopener\" target=\"_blank\">Rennes et l&rsquo;affaire Dreyfus <\/a>\u00bb<\/strong> tous les vendredis jusqu&rsquo;au 4 septembre 2026, puis une fois par mois jusqu&rsquo;en d\u00e9cembre. Dur\u00e9e : 2 heures. Tarifs \u00e0 partir de 6,50 \u20ac. D\u00e9part place de la R\u00e9publique. R\u00e9servation obligatoire sur le site de Destination Rennes. L&rsquo;exposition permanente <strong>\u00ab L&rsquo;affaire Dreyfus \u00e0 Rennes \u00bb<\/strong> est pr\u00e9sent\u00e9e au Mus\u00e9e de Bretagne, aux Champs Libres. Entr\u00e9e libre et gratuite.<\/p>\n<p>                                          Agrandir l\u2019image : Illustration 1        <\/p>\n","protected":false},"excerpt":{"rendered":"Choisie \u00e0 l&rsquo;\u00e9poque pour accueillir le proc\u00e8s en raison de son calme suppos\u00e9, Rennes fut pourtant le th\u00e9\u00e2tre&hellip;\n","protected":false},"author":2,"featured_media":1097018,"comment_status":"","ping_status":"","sticky":false,"template":"","format":"standard","meta":{"footnotes":"","_share_on_mastodon":"0"},"categories":[2821],"tags":[1111,11,113003,829,1777,674,3293,1011,27,12,584,25],"class_list":["post-1097017","post","type-post","status-publish","format-standard","has-post-thumbnail","category-rennes","tag-actu","tag-actualites","tag-affairedreyfus","tag-bretagne","tag-eu","tag-europe","tag-exposition","tag-fr","tag-france","tag-news","tag-rennes","tag-republique-francaise"],"share_on_mastodon":{"url":"https:\/\/pubeurope.com\/@fr\/117009022092549838","error":""},"_links":{"self":[{"href":"https:\/\/www.europesays.com\/fr\/wp-json\/wp\/v2\/posts\/1097017","targetHints":{"allow":["GET"]}}],"collection":[{"href":"https:\/\/www.europesays.com\/fr\/wp-json\/wp\/v2\/posts"}],"about":[{"href":"https:\/\/www.europesays.com\/fr\/wp-json\/wp\/v2\/types\/post"}],"author":[{"embeddable":true,"href":"https:\/\/www.europesays.com\/fr\/wp-json\/wp\/v2\/users\/2"}],"replies":[{"embeddable":true,"href":"https:\/\/www.europesays.com\/fr\/wp-json\/wp\/v2\/comments?post=1097017"}],"version-history":[{"count":0,"href":"https:\/\/www.europesays.com\/fr\/wp-json\/wp\/v2\/posts\/1097017\/revisions"}],"wp:featuredmedia":[{"embeddable":true,"href":"https:\/\/www.europesays.com\/fr\/wp-json\/wp\/v2\/media\/1097018"}],"wp:attachment":[{"href":"https:\/\/www.europesays.com\/fr\/wp-json\/wp\/v2\/media?parent=1097017"}],"wp:term":[{"taxonomy":"category","embeddable":true,"href":"https:\/\/www.europesays.com\/fr\/wp-json\/wp\/v2\/categories?post=1097017"},{"taxonomy":"post_tag","embeddable":true,"href":"https:\/\/www.europesays.com\/fr\/wp-json\/wp\/v2\/tags?post=1097017"}],"curies":[{"name":"wp","href":"https:\/\/api.w.org\/{rel}","templated":true}]}}