{"id":109707,"date":"2025-05-18T16:20:11","date_gmt":"2025-05-18T16:20:11","guid":{"rendered":"https:\/\/www.europesays.com\/fr\/109707\/"},"modified":"2025-05-18T16:20:11","modified_gmt":"2025-05-18T16:20:11","slug":"un-nouveau-train-de-nuit-va-relier-marseille-et-rome-tous-les-week-ends-cet-ete","status":"publish","type":"post","link":"https:\/\/www.europesays.com\/fr\/109707\/","title":{"rendered":"Un nouveau train de nuit va relier Marseille et Rome tous les week-ends cet \u00e9t\u00e9"},"content":{"rendered":"<p>\u00ab\u00a0De Rome \u00e0 <a href=\"https:\/\/www.laprovence.com\/bouches-du-rhone\/marseille-13055\" target=\"_blank\" rel=\"noopener\">Marseille<\/a>, un voyage entre Riviera dei Fiori et C\u00f4te d&rsquo;Azur\u00a0\u00bb\u00a0: une nouvelle ligne nomm\u00e9e \u00ab\u00a0<a href=\"https:\/\/www.fstrenituristici.it\/content\/fs_treni_turistici\/it\/destinazioni\/TreniTuristici\/EspressoRiviera.html\" target=\"_blank\" rel=\"noopener\">Espresso Riviera<\/a>\u00a0\u00bb va relier les deux villes en train de nuit r\u00e9tro tous les week-ends cet \u00e9t\u00e9, du vendredi 4\u00a0juillet au dimanche 31\u00a0ao\u00fbt 2025. <a href=\"https:\/\/www.laprovence.com\/\" target=\"_blank\" rel=\"noopener\">La Provence<\/a> fait le point.<\/p>\n<p>Qui exploite cette ligne\u00a0?<\/p>\n<p>La ligne sera exploit\u00e9e par la compagnie italienne d\u00e9di\u00e9e aux trains touristiques nomm\u00e9e <a href=\"https:\/\/www.fstrenituristici.it\/content\/fs_treni_turistici\/it\/destinazioni\/TreniTuristici\/EspressoRiviera.html\" target=\"_blank\" rel=\"noopener\">\u00ab\u00a0Treni Turistici Italiani\u00a0\u00bb<\/a>. Cr\u00e9\u00e9e en\u00a02023, elle est une filiale du groupe national italien \u00ab\u00a0<a href=\"https:\/\/www.fsitaliane.it\/\" target=\"_blank\" rel=\"noopener\">Ferrovie dello Stato Italiane (FS)<\/a>\u00ab\u00a0, soci\u00e9t\u00e9 m\u00e8re de <a href=\"https:\/\/www.laprovence.com\/article\/societe\/7093117094422414\/ligne-tgv-paris-marseille-trenitalia-met-en-vente-ses-premiers-billets-des-trajets-a-partir-de-27-euros\" target=\"_blank\" rel=\"noopener\">Trenitalia<\/a>.<\/p>\n<p>\u00ab\u00a0Cette soci\u00e9t\u00e9 a pour but de valoriser le tourisme ferroviaire en offrant des exp\u00e9riences uniques dignes des grands trains internationaux d\u2019antan, d\u00e9taille le site sp\u00e9cialis\u00e9 <a href=\"https:\/\/www.voyagerentrain.fr\/espresso-riviera\/\" target=\"_blank\" rel=\"noopener\">Voyager en train<\/a>. Pour cela, elle restaure et fait circuler d\u2019anciens mat\u00e9riels de la compagnie ferroviaire.\u00a0\u00bb<\/p>\n<p>Quelles villes sont desservies et \u00e0 quelle heure\u00a0?<\/p>\n<p>Un aller-retour sera effectu\u00e9 chaque week-end de cet \u00e9t\u00e9\u00a02025, du vendredi 4\u00a0juillet au dimanche 31\u00a0ao\u00fbt. D\u00e9part de Rome le vendredi soir \u00e0 19h57 (exception du 4\u00a0juillet o\u00f9 l\u2019heure est fix\u00e9e \u00e0 21h45, NDLR) pour arriver le samedi \u00e0 G\u00eanes aux alentours de 6h39\/41.<\/p>\n<blockquote class=\"twitter-tweet\"><p>&#13;<\/p>\n<p>\ud83c\uddeb\ud83c\uddf7\ud83c\uddf2\ud83c\udde8\ud83c\uddee\ud83c\uddf9 Riviera Express \ud83c\udf7d\ufe0f\ud83c\udf77\ud83d\udecc<br \/>Treni Turistici finaly announces first trips of 2025, from \u20ac24.90\u00a0!<\/p>\n<p>Rome &#8211; Monaco, Nice, Cannes, Toulon &amp; Marseille &#8211; restored dining &amp; sleeper trains.<br \/>Every Fri 4 July-Sept Rome-Monaco.<br \/>Every Sat 5 July Monaco-Rome<br \/>\u2139\ufe0f\u00a0: <a href=\"https:\/\/t.co\/10Tsa1laAR\" target=\"_blank\">https:\/\/t.co\/10Tsa1laAR<\/a> <a href=\"https:\/\/t.co\/EiSuQFbcYW\" target=\"_blank\">pic.twitter.com\/EiSuQFbcYW<\/a><\/p>\n<p>&#13;<br \/>\n\u2014 Chris Ogilvie (@Ogilvie_CJ) <a href=\"https:\/\/twitter.com\/Ogilvie_CJ\/status\/1922673744855568838?ref_src=twsrc%5Etfw\" target=\"_blank\" rel=\"noopener\">May 14, 2025<\/a><\/p><\/blockquote>\n<p>Le train continue ensuite son trajet vers la cit\u00e9 phoc\u00e9enne en passant par <strong>Savone<\/strong>, Alassio, Imperia, Sanremo, Vintimille, <strong>Menton<\/strong>, Monaco &#8211; Monte Carlo, <strong>Nice<\/strong>, <strong>Cannes<\/strong>, Saint-Rapha\u00ebl &#8211; Valescure et <strong>Toulon<\/strong>. L\u2019arriv\u00e9e \u00e0 Marseille est pr\u00e9vue pour 13h57, toujours le samedi.<\/p>\n<p>\u00c0 partir de la cit\u00e9 phoc\u00e9enne, le d\u00e9part s\u2019effectue \u00e0 14h46 le samedi apr\u00e8s-midi pour une arriv\u00e9e \u00e0 Rome \u00e0 6h48 le dimanche matin (en passant par les m\u00eames villes que dans l\u2019autre sens).<\/p>\n<p>Quelle est la configuration du train\u00a0?<\/p>\n<p>Le trajet se d\u00e9coupe en 2 parties. Entre Rome et G\u00eanes, le train est en configuration nuit, avec des cabines en \u00ab\u00a0voitures\/lits\u00a0\u00bb et des compartiments de 4 couchettes. \u00c0 partir de G\u00eanes, la configuration du train change, passant \u00e0 des voitures de premi\u00e8re et seconde classe ainsi que des \u00ab\u00a0voitures-salon\u00a0\u00bb et une \u00ab\u00a0voiture-restaurant\u00a0\u00bb.<\/p>\n<p>Quand seront disponibles les billets\u00a0? \u00c0 quel prix\u00a0?<\/p>\n<p>Les billets de ce train de nuit seront mis en vente sur <a href=\"https:\/\/www.fstrenituristici.it\/content\/fs_treni_turistici\/it\/destinazioni\/TreniTuristici\/EspressoRiviera.html\" target=\"_blank\" rel=\"noopener\">le site de \u00ab\u00a0Treni Turistici Italiani\u00a0\u00bb<\/a> le samedi 24\u00a0mai prochain.<\/p>\n<p>La compagnie italienne n\u2019a pas communiqu\u00e9 officiellement sur ses tarifs, elle indique juste sur son site\u00a0: \u00ab\u00a0Installez-vous confortablement dans nos espaces con\u00e7us pour un voyage de d\u00e9tente et de qualit\u00e9, \u00e0 partir de 44,90\u00a0\u20ac\u00a0!\u00a0\u00bb<\/p>\n<p>D\u2019apr\u00e8s <a href=\"https:\/\/www.voyagerentrain.fr\/espresso-riviera\/\" target=\"_blank\" rel=\"noopener\">le site sp\u00e9cialis\u00e9 Voyager en train<\/a>, \u00ab\u00a0les tarifs devraient \u00eatre sensiblement les m\u00eames que l\u2019ann\u00e9e derni\u00e8re (quand ce train circulait entre Nice et Milan) soit d\u00e8s 44,50\u00a0\u20ac l\u2019aller simple en seconde classe et 59,50\u00a0\u20ac en premi\u00e8re classe.\u00a0\u00bb<\/p>\n<p>Tous les horaires de passage de l\u2019Espresso Riviera dans le sens Marseille &#8211; Rome\u00a0:<\/p>\n<ul>&#13;<\/p>\n<li><strong>Marseille\u00a0: 14h46 <\/strong>(le samedi)<\/li>\n<p>&#13;<\/p>\n<li>Toulon\u00a0: 15h36 (arriv\u00e9e) \/15h48 (d\u00e9part)<\/li>\n<p>&#13;<\/p>\n<li>Saint-Rapha\u00ebl\u00a0: 16h50\/16h53<\/li>\n<p>&#13;<\/p>\n<li>Cannes\u00a0: 17h26\/17h29<\/li>\n<p>&#13;<\/p>\n<li>Nice\u00a0: 18h09\/18h12<\/li>\n<p>&#13;<\/p>\n<li>Monaco\u00a0: 18h36\/18h52<\/li>\n<p>&#13;<\/p>\n<li>Menton\u00a0: 19h04\/19h06<\/li>\n<p>&#13;<\/p>\n<li>Vintimille\u00a0: 19h22\/20h45<\/li>\n<p>&#13;<\/p>\n<li>Sanremo\u00a0: 20h56\/20h58<\/li>\n<p>&#13;<\/p>\n<li>Imperia\u00a0: 21h10\/21h11<\/li>\n<p>&#13;<\/p>\n<li>Alassio\u00a0: 21h25\/21h27<\/li>\n<p>&#13;<\/p>\n<li>Savone\u00a0: 22h00\/22h02<\/li>\n<p>&#13;<\/p>\n<li>G\u00eanes Piazza Principe\u00a0: 22h38\/22h41<\/li>\n<p>&#13;<\/p>\n<li><strong>Rome Termini\u00a0: 6h48<\/strong> (le dimanche).<\/li>\n<p>&#13;\n<\/ul>\n<p>Tous les horaires de passage de l\u2019Espresso Riviera dans le sens Rome &#8211; Marseille\u00a0:<\/p>\n<ul>&#13;<\/p>\n<li><strong>Rome Termini\u00a0: 19h57<\/strong> (le vendredi)<\/li>\n<p>&#13;<\/p>\n<li>G\u00eanes Piazza Principe\u00a0: 6h39 (arriv\u00e9e) \/6h41 (d\u00e9part)<\/li>\n<p>&#13;<\/p>\n<li>Savone\u00a0: 7h33\/7h35<\/li>\n<p>&#13;<\/p>\n<li>Alassio\u00a0: 8h22\/8h24<\/li>\n<p>&#13;<\/p>\n<li>Imperia\u00a0: 8h39\/8h41<\/li>\n<p>&#13;<\/p>\n<li>Sanremo\u00a0: 8h57\/8h59<\/li>\n<p>&#13;<\/p>\n<li>Vintimille\u00a0: 9 h10\/10h00<\/li>\n<p>&#13;<\/p>\n<li>Menton\u00a0: 10h27\/10h30<\/li>\n<p>&#13;<\/p>\n<li>Monaco\u00a0: 10h39\/10h42<\/li>\n<p>&#13;<\/p>\n<li>Nice\u00a0: 11h07\/11h10<\/li>\n<p>&#13;<\/p>\n<li>Cannes\u00a0: 11h42\/11h44<\/li>\n<p>&#13;<\/p>\n<li>Saint-Rapha\u00ebl\u00a0: 12h06\/12h09<\/li>\n<p>&#13;<\/p>\n<li>Toulon\u00a0: 13h04\/\/ 13h07<\/li>\n<p>&#13;<\/p>\n<li><strong>Marseille\u00a0: 13h57<\/strong> (le samedi).<\/li>\n<p>&#13;\n<\/ul>\n<p><script async src=\"https:\/\/platform.twitter.com\/widgets.js\" charset=\"utf-8\"><\/script><\/p>\n","protected":false},"excerpt":{"rendered":"\u00ab\u00a0De Rome \u00e0 Marseille, un voyage entre Riviera dei Fiori et C\u00f4te d&rsquo;Azur\u00a0\u00bb\u00a0: une nouvelle ligne nomm\u00e9e \u00ab\u00a0Espresso&hellip;\n","protected":false},"author":2,"featured_media":109708,"comment_status":"","ping_status":"","sticky":false,"template":"","format":"standard","meta":{"footnotes":""},"categories":[2814],"tags":[17,1111,11,1777,674,1011,27,884,12,4565,293,882,22791,25,3499,104,3387,926],"class_list":{"0":"post-109707","1":"post","2":"type-post","3":"status-publish","4":"format-standard","5":"has-post-thumbnail","7":"category-marseille","8":"tag-17","9":"tag-actu","10":"tag-actualites","11":"tag-eu","12":"tag-europe","13":"tag-fr","14":"tag-france","15":"tag-marseille","16":"tag-news","17":"tag-nouveau","18":"tag-nuit","19":"tag-provence-alpes-cote-dazur","20":"tag-relier","21":"tag-republique-francaise","22":"tag-rome","23":"tag-societe","24":"tag-tous","25":"tag-train"},"share_on_mastodon":{"url":"https:\/\/pubeurope.com\/@fr\/114529751731675864","error":""},"_links":{"self":[{"href":"https:\/\/www.europesays.com\/fr\/wp-json\/wp\/v2\/posts\/109707","targetHints":{"allow":["GET"]}}],"collection":[{"href":"https:\/\/www.europesays.com\/fr\/wp-json\/wp\/v2\/posts"}],"about":[{"href":"https:\/\/www.europesays.com\/fr\/wp-json\/wp\/v2\/types\/post"}],"author":[{"embeddable":true,"href":"https:\/\/www.europesays.com\/fr\/wp-json\/wp\/v2\/users\/2"}],"replies":[{"embeddable":true,"href":"https:\/\/www.europesays.com\/fr\/wp-json\/wp\/v2\/comments?post=109707"}],"version-history":[{"count":0,"href":"https:\/\/www.europesays.com\/fr\/wp-json\/wp\/v2\/posts\/109707\/revisions"}],"wp:featuredmedia":[{"embeddable":true,"href":"https:\/\/www.europesays.com\/fr\/wp-json\/wp\/v2\/media\/109708"}],"wp:attachment":[{"href":"https:\/\/www.europesays.com\/fr\/wp-json\/wp\/v2\/media?parent=109707"}],"wp:term":[{"taxonomy":"category","embeddable":true,"href":"https:\/\/www.europesays.com\/fr\/wp-json\/wp\/v2\/categories?post=109707"},{"taxonomy":"post_tag","embeddable":true,"href":"https:\/\/www.europesays.com\/fr\/wp-json\/wp\/v2\/tags?post=109707"}],"curies":[{"name":"wp","href":"https:\/\/api.w.org\/{rel}","templated":true}]}}