{"id":109719,"date":"2025-05-18T16:26:08","date_gmt":"2025-05-18T16:26:08","guid":{"rendered":"https:\/\/www.europesays.com\/fr\/109719\/"},"modified":"2025-05-18T16:26:08","modified_gmt":"2025-05-18T16:26:08","slug":"mort-du-rappeur-werenoi-le-plus-gros-vendeur-de-musique-de-france-aux-millions-dalbums","status":"publish","type":"post","link":"https:\/\/www.europesays.com\/fr\/109719\/","title":{"rendered":"Mort du rappeur Werenoi, le plus gros vendeur de musique de France aux millions d&rsquo;albums"},"content":{"rendered":"<p>            Par<br \/>\n        <strong><br \/>\n            <a href=\"https:\/\/actu.fr\/auteur\/thomas-martin\" title=\"Consulter tous les articles de Thomas Martin\" target=\"_blank\" rel=\"noopener\">Thomas Martin<\/a><br \/>\n        <\/strong><\/p>\n<p>        Publi\u00e9 le<\/p>\n<p>            17 mai 2025 \u00e0 12h31        <\/p>\n<p>Le <a href=\"https:\/\/actu.fr\/tag\/rap\" target=\"_blank\" rel=\"noopener\">rappeur<\/a> J\u00e9r\u00e9my Bana Owona, dit <a href=\"https:\/\/actu.fr\/ile-de-france\/clamart_92023\/werenoi-plk-les-rappeurs-d-ile-de-france-champions-des-ventes-d-albums-en-france-en-2024_62093213.html\" target=\"_blank\" rel=\"noopener\">Werenoi<\/a>, originaire de Montreuil (Seine-Saint-Denis),\u00a0 est mort ce samedi 17 mai 2025, selon plusieurs m\u00e9dias. Une information confirm\u00e9e par son producteur sur X et diff\u00e9rents artistes dont SCH et M\u00e9dine.\u00a0 Il aurait succomb\u00e9 \u00e0 une d\u00e9faillance cardiaque apr\u00e8s avoir \u00e9t\u00e9 hospitalis\u00e9 en urgence \u00e0 la <a href=\"https:\/\/actu.fr\/tag\/hopital-de-la-pitie-salpetriere\" target=\"_blank\" rel=\"noopener\">Piti\u00e9-Salp\u00eatri\u00e8re<\/a> \u00e0 Paris. \u00c2g\u00e9 de 31 ans, il avait \u00e9t\u00e9 sacr\u00e9 <strong>R\u00e9v\u00e9lation masculine<\/strong> de l\u2019ann\u00e9e \u00e0 la C\u00e9r\u00e9monie des Flammes en 2023 et num\u00e9ro un des ventes d\u2019albums en France en 2023 et 2024<\/p>\n<p class=\" wall-content\">\n<p>Une ascension fulgurante<\/p>\n<p class=\" wall-content\">Sa carri\u00e8re aura \u00e9t\u00e9 fulgurante depuis Guadalajara, son tout premier morceau. Ses quatre clips avaient totalis\u00e9 en quelques semaines 800 000 vues sur YouTube<\/p>\n<p class=\" wall-content\">Ses deux premiers albums, Carr\u00e9 et Pyramide ont \u00e9t\u00e9 triple platine soit plus de 300 000 ventes chacun. Ses singles, dont Chemin d\u2019or, Laboratoire et Solitaire, ont \u00e9t\u00e9 diamants soit l\u2019\u00e9quivalent de 50 millions de streams premium. Il comptait par ailleurs 41 singles d\u2019or et 21 de platine comme le rappelait r\u00e9cemment <a href=\"https:\/\/www.lefigaro.fr\/culture\/werenoi-dans-les-secrets-de-l-ascension-fulgurante-du-plus-gros-vendeur-de-musique-de-france-20250411\" target=\"_blank\" rel=\"noopener\">Le Figaro<\/a>.\u00a0<\/p>\n<p class=\" wall-content\">\u00ab En trois ans de carri\u00e8re, Werenoi a vendu pr\u00e8s d\u2019un million d\u2019albums en France dont 5 % en physique. En 2023 et en 2024, il est le premier vendeur de disques en France. Depuis Orelsan, on n\u2019avait jamais vu \u00e7a pour un rappeur. Cela veut dire quelque chose. Cela arrive une seule fois par d\u00e9cennie, soulignait Henri Jamet directeur g\u00e9n\u00e9ral de Believe France, aupr\u00e8s de nos confr\u00e8res.\u00a0<\/p>\n<p class=\" wall-content\">Des chansons dans lesquels l\u2019artiste tr\u00e8s discret, n\u00e9 \u00e0 Melun (Seine-et-Marne), racontait la vie \u00e0 Montreuil\u00a0 o\u00f9 il a grandi, dans le quartier Jean-Moulin.\u00a0<\/p>\n<p>Vid\u00e9os : en ce moment sur Actu<\/p>\n<p class=\" wall-content\">Si, malgr\u00e9 ce succ\u00e8s immense, il est assez m\u00e9connu en dehors des amateurs de rap, c\u2019est qu\u2019il a cultiv\u00e9 une tr\u00e8s grande discr\u00e9tion m\u00e9diatique. Werenoi a revendiqu\u00e9 un go\u00fbt pour la modestie, la r\u00e9serve et le travail, qui lui aurait \u00e9t\u00e9 inculqu\u00e9 par sa famille camerounaise.<\/p>\n<p class=\" wall-content\">Etre l\u2019artiste qui vend le mieux, expliquait-il au Parisien en janvier 2024, \u00ab\u00a0c\u2019est quand m\u00eame une surprise, mais cela veut dire qu\u2019on a fait du bon travail\u00a0\u00bb. \u00ab\u00a0On ne l\u2019a pas f\u00eat\u00e9. Il faut garder la t\u00eate sur les \u00e9paules, dans la vie en g\u00e9n\u00e9ral. C\u2019est l\u2019\u00e9ducation que j\u2019ai re\u00e7ue\u00a0\u00bb, ajoutait-il.<\/p>\n<p class=\" wall-content\">\u00ab\u00a0Le succ\u00e8s est arriv\u00e9 vite, c\u2019est vrai. C\u2019est d\u00fb, je pense, \u00e0 beaucoup de travail. Je passe quasiment ma vie en studio\u00a0\u00bb, confiait-il.<br \/>Werenoi s\u2019exposait avec une expression neutre et des lunettes de soleil. L\u2019expression de ses \u00e9motions \u00e9tait r\u00e9serv\u00e9e au public de ses concerts.<\/p>\n<p class=\" wall-content\">\u00ab\u00a0Je pr\u00e9f\u00e8re garder ma vie priv\u00e9e pour moi. A trop parler, tu peux dire ce que tu n\u2019as pas envie de dire. Je pr\u00e9f\u00e8re le myst\u00e8re. J\u2019en dis assez sur moi dans mes textes\u00a0\u00bb, l\u00e2chait-il.<\/p>\n<p class=\" wall-content\">Ce samedi, tous ses clips ont disparu de sa cha\u00eene You Tube.\u00a0<\/p>\n<p class=\" wall-content\"><strong>Avec AFP<\/strong><\/p>\n<p class=\" wall-content\">Suivez toute l\u2019actualit\u00e9 de vos villes et m\u00e9dias favoris en vous inscrivant \u00e0 <a href=\"https:\/\/moncompte.actu.fr\" title=\"D\u00e9couvez Mon Actu\" rel=\"nofollow noopener\" data-trk=\"{&quot;cta&quot;:{&quot;action&quot;:&quot;https:\\\/\\\/moncompte.actu.fr&quot;,&quot;category&quot;:&quot;mon compte&quot;,&quot;from&quot;:&quot;article footer&quot;,&quot;name&quot;:&quot;Mon actu&quot;,&quot;type&quot;:&quot;cta&quot;}}\" target=\"_blank\">Mon Actu<\/a>.<\/p>\n","protected":false},"excerpt":{"rendered":"Par Thomas Martin Publi\u00e9 le 17 mai 2025 \u00e0 12h31 Le rappeur J\u00e9r\u00e9my Bana Owona, dit Werenoi, originaire&hellip;\n","protected":false},"author":2,"featured_media":109720,"comment_status":"","ping_status":"","sticky":false,"template":"","format":"standard","meta":{"footnotes":""},"categories":[1888],"tags":[1111,1928,11,1927,1777,674,1011,27,22576,1652,1391,12,1926,626,1925,3616,25],"class_list":{"0":"post-109719","1":"post","2":"type-post","3":"status-publish","4":"format-standard","5":"has-post-thumbnail","7":"category-paris","8":"tag-actu","9":"tag-actu-paris","10":"tag-actualites","11":"tag-actualites-paris","12":"tag-eu","13":"tag-europe","14":"tag-fr","15":"tag-france","16":"tag-hopital-de-la-pitie-salpetriere","17":"tag-loisirs-culture","18":"tag-necrologie","19":"tag-news","20":"tag-news-paris","21":"tag-paris","22":"tag-paris-news","23":"tag-rap","24":"tag-republique-francaise"},"share_on_mastodon":{"url":"https:\/\/pubeurope.com\/@fr\/114529775394633500","error":""},"_links":{"self":[{"href":"https:\/\/www.europesays.com\/fr\/wp-json\/wp\/v2\/posts\/109719","targetHints":{"allow":["GET"]}}],"collection":[{"href":"https:\/\/www.europesays.com\/fr\/wp-json\/wp\/v2\/posts"}],"about":[{"href":"https:\/\/www.europesays.com\/fr\/wp-json\/wp\/v2\/types\/post"}],"author":[{"embeddable":true,"href":"https:\/\/www.europesays.com\/fr\/wp-json\/wp\/v2\/users\/2"}],"replies":[{"embeddable":true,"href":"https:\/\/www.europesays.com\/fr\/wp-json\/wp\/v2\/comments?post=109719"}],"version-history":[{"count":0,"href":"https:\/\/www.europesays.com\/fr\/wp-json\/wp\/v2\/posts\/109719\/revisions"}],"wp:featuredmedia":[{"embeddable":true,"href":"https:\/\/www.europesays.com\/fr\/wp-json\/wp\/v2\/media\/109720"}],"wp:attachment":[{"href":"https:\/\/www.europesays.com\/fr\/wp-json\/wp\/v2\/media?parent=109719"}],"wp:term":[{"taxonomy":"category","embeddable":true,"href":"https:\/\/www.europesays.com\/fr\/wp-json\/wp\/v2\/categories?post=109719"},{"taxonomy":"post_tag","embeddable":true,"href":"https:\/\/www.europesays.com\/fr\/wp-json\/wp\/v2\/tags?post=109719"}],"curies":[{"name":"wp","href":"https:\/\/api.w.org\/{rel}","templated":true}]}}