{"id":109721,"date":"2025-05-18T16:27:11","date_gmt":"2025-05-18T16:27:11","guid":{"rendered":"https:\/\/www.europesays.com\/fr\/109721\/"},"modified":"2025-05-18T16:27:11","modified_gmt":"2025-05-18T16:27:11","slug":"rachida-dati-cash-sur-les-municipales-2026-a-paris","status":"publish","type":"post","link":"https:\/\/www.europesays.com\/fr\/109721\/","title":{"rendered":"Rachida Dati cash sur les municipales 2026 \u00e0 Paris"},"content":{"rendered":"<p>\u00ab\u00a0Le changement, ce sera maintenant\u00a0\u00bb, une expression qui n&rsquo;est pas sans faire \u00e9cho au slogan de campagne de Fran\u00e7ois Hollande en 2012, mais qui, cette fois-ci, penche vers un autre bord politique. Dans un entretien \u00e0 <a class=\"link \" href=\"https:\/\/www.latribune.fr\/la-tribune-dimanche\/politique\/rachida-dati-ministre-de-la-culture-quand-je-serai-elue-a-paris-le-changement-ce-sera-maintenant-1025223.html\" rel=\"nofollow noopener\" target=\"_blank\" data-ylk=\"slk:La Tribune du dimanche;elm:context_link;itc:0;sec:content-canvas\">La Tribune du dimanche<\/a>, Rachida Dati se r\u00e9affirme confiance sur l&rsquo;issue des \u00e9lections municipales de Paris en 2026.<\/p>\n<p>La ministre de la Culture explique\u00a0: \u00ab\u00a0J&rsquo;ai la certitude que j&rsquo;arriverai \u00e0 rassembler une majorit\u00e9 de Parisiens. Je ressens chez eux une volont\u00e9 d&rsquo;alternance qui se retrouve dans toutes les sensibilit\u00e9s politiques.\u00a0\u00bb Son projet pour la capitale fran\u00e7aise et ses deux millions d&rsquo;habitants\u00a0? \u00ab\u00a0L&rsquo;enjeu est \u00e0 la fois de redynamiser la ville et d&rsquo;apaiser l&rsquo;espace public.\u00a0\u00bb<\/p>\n<p>\u00c0 LIRE AUSSI <strong class=\"strong\"><a href=\"https:\/\/www.lepoint.fr\/politique\/municipales-a-paris-pourquoi-la-reforme-du-scrutin-seme-la-zizanie-11-04-2025-2587065_20.php\" rel=\"nofollow noopener\" target=\"_blank\" data-ylk=\"slk:Municipales \u00e0 Paris\u00a0: pourquoi la\u00a0r\u00e9forme du scrutin s\u00e8me la zizanie;elm:context_link;itc:0;sec:content-canvas\" class=\"link \">Municipales \u00e0 Paris\u00a0: pourquoi la\u00a0r\u00e9forme du scrutin s\u00e8me la zizanie<\/a><\/strong>Elle l&rsquo;assure, c&rsquo;est un plan qui a d\u00e9j\u00e0 fonctionn\u00e9 par ses diff\u00e9rentes fonctions pr\u00e9c\u00e9dentes\u00a0: \u00ab\u00a0Je souhaite pour Paris ce que j&rsquo;ai r\u00e9ussi \u00e0 faire dans le 7e arrondissement et dans toutes les fonctions et missions que j&rsquo;ai exerc\u00e9es.\u00a0\u00bb Avant d&rsquo;\u00eatre ministre de la Culture, Rachida Dati a \u00e9t\u00e9 garde des Sceaux sous la pr\u00e9sidence de Nicolas Sarkozy, maire du 7e arrondissement de Paris et d\u00e9put\u00e9e au Parlement europ\u00e9en.<\/p>\n<p>Faire face aux socialistes<\/p>\n<p>\u00ab\u00a0Apr\u00e8s vingt-cinq ans de gestion calamiteuse par la m\u00eame \u00e9quipe municipale, il y a une attente \u00e9norme de changement chez les Parisiens, de droite comme de gauche\u00a0\u00bb, d\u00e9clare-t-elle aussi, attaquant directement <a class=\"link \" href=\"https:\/\/www.lepoint.fr\/politique\/anne-hidalgo-vise-un-prestigieux-poste-a-l-onu-avec-le-soutien-d-emmanuel-macron-20-04-2025-2587771_20.php\" rel=\"nofollow noopener\" target=\"_blank\" data-ylk=\"slk:la maire Anne Hidalgo;elm:context_link;itc:0;sec:content-canvas\">la maire Anne Hidalgo<\/a> et les socialistes. Ses [&#8230;] <a href=\"https:\/\/www.lepoint.fr\/politique\/le-changement-ce-sera-maintenant-rachida-dati-cash-sur-les-municipales-2026-a-paris-18-05-2025-2589842_20.php\" rel=\"nofollow noopener\" target=\"_blank\" data-ylk=\"slk:Lire la suite;elm:context_link;itc:0;sec:content-canvas\" class=\"link \">Lire la suite<\/a><\/p>\n","protected":false},"excerpt":{"rendered":"\u00ab\u00a0Le changement, ce sera maintenant\u00a0\u00bb, une expression qui n&rsquo;est pas sans faire \u00e9cho au slogan de campagne de&hellip;\n","protected":false},"author":2,"featured_media":109722,"comment_status":"","ping_status":"","sticky":false,"template":"","format":"standard","meta":{"footnotes":""},"categories":[1888],"tags":[22794,1111,1928,11,1927,4188,1777,674,1011,27,2616,12,1926,3091,626,1925,8552,417,25],"class_list":{"0":"post-109721","1":"post","2":"type-post","3":"status-publish","4":"format-standard","5":"has-post-thumbnail","7":"category-paris","8":"tag-7e-arrondissement-de-paris","9":"tag-actu","10":"tag-actu-paris","11":"tag-actualites","12":"tag-actualites-paris","13":"tag-elections-municipales","14":"tag-eu","15":"tag-europe","16":"tag-fr","17":"tag-france","18":"tag-ministre-de-la-culture","19":"tag-news","20":"tag-news-paris","21":"tag-nicolas-sarkozy","22":"tag-paris","23":"tag-paris-news","24":"tag-parlement-europeen","25":"tag-rachida-dati","26":"tag-republique-francaise"},"share_on_mastodon":{"url":"https:\/\/pubeurope.com\/@fr\/114529779389533941","error":""},"_links":{"self":[{"href":"https:\/\/www.europesays.com\/fr\/wp-json\/wp\/v2\/posts\/109721","targetHints":{"allow":["GET"]}}],"collection":[{"href":"https:\/\/www.europesays.com\/fr\/wp-json\/wp\/v2\/posts"}],"about":[{"href":"https:\/\/www.europesays.com\/fr\/wp-json\/wp\/v2\/types\/post"}],"author":[{"embeddable":true,"href":"https:\/\/www.europesays.com\/fr\/wp-json\/wp\/v2\/users\/2"}],"replies":[{"embeddable":true,"href":"https:\/\/www.europesays.com\/fr\/wp-json\/wp\/v2\/comments?post=109721"}],"version-history":[{"count":0,"href":"https:\/\/www.europesays.com\/fr\/wp-json\/wp\/v2\/posts\/109721\/revisions"}],"wp:featuredmedia":[{"embeddable":true,"href":"https:\/\/www.europesays.com\/fr\/wp-json\/wp\/v2\/media\/109722"}],"wp:attachment":[{"href":"https:\/\/www.europesays.com\/fr\/wp-json\/wp\/v2\/media?parent=109721"}],"wp:term":[{"taxonomy":"category","embeddable":true,"href":"https:\/\/www.europesays.com\/fr\/wp-json\/wp\/v2\/categories?post=109721"},{"taxonomy":"post_tag","embeddable":true,"href":"https:\/\/www.europesays.com\/fr\/wp-json\/wp\/v2\/tags?post=109721"}],"curies":[{"name":"wp","href":"https:\/\/api.w.org\/{rel}","templated":true}]}}