{"id":109723,"date":"2025-05-18T16:28:12","date_gmt":"2025-05-18T16:28:12","guid":{"rendered":"https:\/\/www.europesays.com\/fr\/109723\/"},"modified":"2025-05-18T16:28:12","modified_gmt":"2025-05-18T16:28:12","slug":"ce-que-reserve-ledition-2025-de-la-nuit-blanche-a-paris","status":"publish","type":"post","link":"https:\/\/www.europesays.com\/fr\/109723\/","title":{"rendered":"ce que r\u00e9serve l&rsquo;\u00e9dition 2025 de la Nuit Blanche \u00e0 Paris"},"content":{"rendered":"<p>            Par<br \/>\n        <strong><br \/>\n            <a href=\"https:\/\/actu.fr\/auteur\/dorinegoth\" title=\"Consulter tous les articles de Dorine Goth\" target=\"_blank\" rel=\"noopener\">Dorine Goth<\/a><br \/>\n        <\/strong><\/p>\n<p>        Publi\u00e9 le<\/p>\n<p>            18 mai 2025 \u00e0 17h32        <\/p>\n<p>C\u2019est le nouveau rendez-vous du mois de juin. Apr\u00e8s avoir anim\u00e9 pendant une vingtaine d\u2019ann\u00e9es les nuits automnales, le festival <strong><a href=\"https:\/\/actu.fr\/ile-de-france\/paris_75056\/nuit-blanche-2024-ce-que-vous-reserve-le-programme-a-paris-et-en-petite-couronne_61063916.html\" target=\"_blank\" rel=\"noopener\">Nuit Blanche<\/a><\/strong> revient le samedi 7\u00a0juin 2025 dans les rues de <strong>Paris<\/strong> et aussi<strong> une trentaine de communes<\/strong> du Grand Paris. Cette ann\u00e9e, c\u2019est le 7e art et \u00ab\u2009la r\u00e9sistance\u2009\u00bb qui sont \u00e0 l\u2019honneur avec la r\u00e9alisatrice <a href=\"https:\/\/actu.fr\/normandie\/saint-aubin-sur-mer_14562\/cinema-valerie-donzelli-presente-lamour-et-les-forets-sur-la-cote-de-nacre_59983396.html\" target=\"_blank\" rel=\"noopener\">Val\u00e9rie Donzelli<\/a> \u00e0 la direction artistique. \u00ab\u2009C\u2019est pour tous, toute la nuit et 100\u2009% gratuit. On a voulu cette \u00e9dition dans une forme d\u2019humilit\u00e9, sans snobisme\u2009\u00bb, pr\u00e9sente-t-elle, jeudi 15\u00a0mai 2025.<\/p>\n<p>    <a href=\"https:\/\/email.publihebdos.com\/form?lid=Mqc7o19yVDtMEo2FE8aUtw2\" title=\"Ouvrie le lien\" target=\"_blank\" rel=\"noopener\">Cliquez ici pour visualiser le contenu<\/a><\/p>\n<p>Michel Gondry en invit\u00e9 d\u2019honneur<\/p>\n<p class=\" wall-content\">Pour cette nouvelle \u00e9dition c\u2019est le r\u00e9alisateur et sc\u00e9nariste<strong> <a href=\"https:\/\/actu.fr\/auvergne-rhone-alpes\/annecy_74010\/ce-realisateur-connu-mondialement-sera-l-invite-d-honneur-du-festival-du-film-d-animation-d-annecy_62127394.html\" target=\"_blank\" rel=\"noopener\">Michel Gondry<\/a> qui est \u00e0 l\u2019honneur.<\/strong> \u00ab\u2009C\u2019est la premi\u00e8re personne que j\u2019ai invit\u00e9e\u2009\u00bb, pr\u00e9cise Val\u00e9rie Donzelli. Pour la premi\u00e8re fois, le r\u00e9alisateur pr\u00e9sentera <strong>un film d\u2019animation Quelle Nuit Blanche\u2009! <\/strong>pens\u00e9 sp\u00e9cialement pour l\u2019\u00e9v\u00e9nement. Le court-m\u00e9trage de 10\u00a0minutes, racontera l\u2019histoire d\u2019une garagiste bricoleuse qui se retrouve \u00e0 la t\u00eate d\u2019une manifestation. Il sera diffus\u00e9 entre 19\u00a0heures et 2\u00a0heures du matin, sur le parvis de la gare Montparnasse.<\/p>\n<p class=\" wall-content\">Plus au nord, sur la place de la bataille Stalingrad dans le 19e arrondissement, <strong>la bo\u00eete \u00e0 musique<\/strong> cr\u00e9\u00e9e pour la r\u00e9alisation de son film prendra vie. Normalement de petite taille, elle deviendra un instrument <strong>imposant<\/strong> et diffusera en parall\u00e8le de la diffusion du film <a href=\"https:\/\/actu.fr\/hauts-de-france\/lille_59350\/le-saviez-vous-l-internationale-a-ete-chantee-pour-la-premiere-fois-a-lille-il-y-a-133-ans_43646268.html\" target=\"_blank\" rel=\"noopener\">L\u2019Internationale<\/a>, hymne de la lutte sociale. Et au sud, \u00e0 Villejuif, c\u2019est l\u2019Usine de films amateurs, inspir\u00e9 du film <a href=\"https:\/\/actu.fr\/pays-de-la-loire\/vallet_44212\/le-cinema-de-vallet-vous-invite-a-realiser-un-petit-film-en-48-h_49476374.html\" target=\"_blank\" rel=\"noopener\">Soyez sympas, rembobinez<\/a>, qui proposera aux habitants de cr\u00e9er collectivement un court-m\u00e9trage en 3\u00a0heures. Les ateliers sont sur r\u00e9servation \u00e0 partir du <a href=\"https:\/\/demarches.villejuif.fr\/famille\/nuit-blanche\/\" target=\"_blank\" rel=\"noopener\">20\u00a0mai<\/a>.<\/p>\n<p>Une centaine d\u2019installations<\/p>\n<p class=\" wall-content\">Ailleurs dans la ville, six films de r\u00e9alisatrices, d\u2019<a href=\"https:\/\/actu.fr\/ile-de-france\/paris_75056\/paris-jr-rend-hommage-a-son-amie-agnes-varda-avec-un-collage-xxl-sur-la-cinematheque-francaise_60187105.html\" target=\"_blank\" rel=\"noopener\">Agn\u00e8s Varda<\/a> \u00e0 Germaine Dulac permettront aux habitants de (re) d\u00e9couvrir les classiques du cin\u00e9ma fran\u00e7ais. Sur le <a href=\"https:\/\/actu.fr\/ile-de-france\/paris_75056\/paris-decouvrez-a-quoi-ressemblera-le-canal-saint-martin-en-2026_60361901.html\" target=\"_blank\" rel=\"noopener\">quai de Valmy<\/a> (10e arrondissement) un <strong>sound system<\/strong> install\u00e9 par Down town P\u00e9rigord s\u2019interrompra toutes les 15\u00a0minutes pour relancer \u00ab\u2009le quart d\u2019heure am\u00e9ricain\u2009\u00bb. \u00ab\u2009Prendre le temps de danser le slow\u2009\u00bb, sourit Val\u00e9rie Donzelli. Au total, plus d\u2019une centaine d\u2019installations seront propos\u00e9es aux visiteurs.<\/p>\n<p>Vid\u00e9os : en ce moment sur Actu<\/p>\n<p class=\" wall-content\">\u00ab\u2009Tout vaut la peine d\u2019\u00eatre vu et le plus compliqu\u00e9, c\u2019est qu\u2019on ne pourra pas tout voir. Il va falloir faire des choix\u2009\u00bb, pr\u00e9vient la directrice artistique. Un coup de pouce sera donn\u00e9 aux spectateurs. Pour voir un maximum de choses, la M\u00e9tropole du Grand Paris a d\u00e9cid\u00e9 de rendre<strong> <a href=\"https:\/\/actu.fr\/ile-de-france\/paris_75056\/le-velib-a-15-ans-l-evolution-de-ces-velos-partages-a-paris-et-en-ile-de-france_52479545.html\" target=\"_blank\" rel=\"noopener\">les V\u00e9lib\u2019<\/a> gratuits<\/strong> cette nuit-l\u00e0 avec le code MGP 2025. L\u2019opportunit\u00e9 aussi de passer le p\u00e9riph\u00e9rique o\u00f9 d\u2019importantes installations seront mises en place, notamment \u00e0 Saint-Ouen avec un spectacle de Benjamin Millepied ou encore \u00e0 Montreuil o\u00f9 la Maison populaire pr\u00e9sentera un spectacle de catch.<\/p>\n<p class=\" wall-content\">Suivez toute l\u2019actualit\u00e9 de vos villes et m\u00e9dias favoris en vous inscrivant \u00e0 <a href=\"https:\/\/moncompte.actu.fr\" title=\"D\u00e9couvez Mon Actu\" rel=\"nofollow noopener\" data-trk=\"{&quot;cta&quot;:{&quot;action&quot;:&quot;https:\\\/\\\/moncompte.actu.fr&quot;,&quot;category&quot;:&quot;mon compte&quot;,&quot;from&quot;:&quot;article footer&quot;,&quot;name&quot;:&quot;Mon actu&quot;,&quot;type&quot;:&quot;cta&quot;}}\" target=\"_blank\">Mon Actu<\/a>.<\/p>\n","protected":false},"excerpt":{"rendered":"Par Dorine Goth Publi\u00e9 le 18 mai 2025 \u00e0 17h32 C\u2019est le nouveau rendez-vous du mois de juin.&hellip;\n","protected":false},"author":2,"featured_media":109724,"comment_status":"","ping_status":"","sticky":false,"template":"","format":"standard","meta":{"footnotes":""},"categories":[1888],"tags":[11,650,1777,674,1011,27,1652,12,14156,626,25],"class_list":{"0":"post-109723","1":"post","2":"type-post","3":"status-publish","4":"format-standard","5":"has-post-thumbnail","7":"category-paris","8":"tag-actualites","9":"tag-cinema","10":"tag-eu","11":"tag-europe","12":"tag-fr","13":"tag-france","14":"tag-loisirs-culture","15":"tag-news","16":"tag-nuit-blanche","17":"tag-paris","18":"tag-republique-francaise"},"share_on_mastodon":{"url":"https:\/\/pubeurope.com\/@fr\/114529783223439787","error":""},"_links":{"self":[{"href":"https:\/\/www.europesays.com\/fr\/wp-json\/wp\/v2\/posts\/109723","targetHints":{"allow":["GET"]}}],"collection":[{"href":"https:\/\/www.europesays.com\/fr\/wp-json\/wp\/v2\/posts"}],"about":[{"href":"https:\/\/www.europesays.com\/fr\/wp-json\/wp\/v2\/types\/post"}],"author":[{"embeddable":true,"href":"https:\/\/www.europesays.com\/fr\/wp-json\/wp\/v2\/users\/2"}],"replies":[{"embeddable":true,"href":"https:\/\/www.europesays.com\/fr\/wp-json\/wp\/v2\/comments?post=109723"}],"version-history":[{"count":0,"href":"https:\/\/www.europesays.com\/fr\/wp-json\/wp\/v2\/posts\/109723\/revisions"}],"wp:featuredmedia":[{"embeddable":true,"href":"https:\/\/www.europesays.com\/fr\/wp-json\/wp\/v2\/media\/109724"}],"wp:attachment":[{"href":"https:\/\/www.europesays.com\/fr\/wp-json\/wp\/v2\/media?parent=109723"}],"wp:term":[{"taxonomy":"category","embeddable":true,"href":"https:\/\/www.europesays.com\/fr\/wp-json\/wp\/v2\/categories?post=109723"},{"taxonomy":"post_tag","embeddable":true,"href":"https:\/\/www.europesays.com\/fr\/wp-json\/wp\/v2\/tags?post=109723"}],"curies":[{"name":"wp","href":"https:\/\/api.w.org\/{rel}","templated":true}]}}