{"id":1097250,"date":"2026-07-30T15:30:23","date_gmt":"2026-07-30T15:30:23","guid":{"rendered":"https:\/\/www.europesays.com\/fr\/1097250\/"},"modified":"2026-07-30T15:30:23","modified_gmt":"2026-07-30T15:30:23","slug":"rennes-veut-nayef-aguerd-facundo-medina-et-leonardo-balerdi-aussi-sur-le-depart","status":"publish","type":"post","link":"https:\/\/www.europesays.com\/fr\/1097250\/","title":{"rendered":"Rennes veut Nayef Aguerd, Facundo Medina et Leonardo Balerdi aussi sur le d\u00e9part"},"content":{"rendered":"<p style=\"text-align: justify;\"><strong>TRANSFERTS LIGUE 1 \u2013 Selon <a href=\"https:\/\/www.footmercato.net\/a4287138541507009461-aguerd-medina-balerdi-lom-est-attaque-pour-sa-defense\" rel=\"nofollow noopener\" target=\"_blank\">Foot Mercato<\/a>, plusieurs d\u00e9fenseurs de l\u2019Olympique de Marseille sont courtis\u00e9s et pourraient quitter le club.<\/strong><\/p>\n<p style=\"text-align: justify;\">Un an apr\u00e8s son arriv\u00e9e au club, <strong>Nayef Aguerd<\/strong> est encore sous contrat pour les quatre prochaines saisons, mais son avenir reste incertain. Le d\u00e9fenseur marocain dispose d\u2019une clause de d\u00e9part fix\u00e9e \u00e0 15 millions d\u2019euros, activable jusqu\u2019au 31 juillet. Le <strong>Stade Rennais<\/strong> est tr\u00e8s int\u00e9ress\u00e9 par un retour de son ancien joueur, mais le dossier est compliqu\u00e9, notamment en raison du salaire de ce dernier.<\/p>\n<p><a href=\"https:\/\/dicodusport.fr\/blog\/mercato-om-2026-2027-le-tableau-complet-des-transferts-arrivees-et-departs\/\" class=\"vlp-link\" title=\"Mercato OM 2026-2027 : Le tableau complet des transferts, arriv\u00e9es et d\u00e9parts\" rel=\"nofollow noopener\" target=\"_blank\"><img loading=\"lazy\" decoding=\"async\" style=\"max-width: 792px;\" width=\"792\" height=\"445\" class=\"attachment-800x445 size-800x445 perfmatters-lazy\" alt=\"Mercato OM 2026-2027 Le tableau complet des transferts, arriv\u00e9es et d\u00e9parts\" src=\"https:\/\/www.europesays.com\/fr\/wp-content\/uploads\/2026\/07\/Mercato-OM-2026-2027-Le-tableau-complet-des-transferts-arrivees-et-departs.png\"  data-\/><\/p>\n<p>Mercato OM 2026-2027 : Le tableau complet des transferts, arriv\u00e9es et d\u00e9parts<\/p>\n<p>TRANSERTS OM &#8211; Retrouvez tous les mouvements de l&rsquo;Olympique de Marseille pour l&rsquo;intersaison 2026 en Ligue 1. Arriv\u00e9es, d\u00e9parts, pr\u00eats, transferts d\u00e9finitifs, ne ratez rien du mercato estival.\u00a0<\/p>\n<p>Lire l&rsquo;article<\/p>\n<p>dicodusport.fr<\/p>\n<p>Leonardo Balerdi aussi sur le d\u00e9part ?<\/p>\n<p style=\"text-align: justify;\"><strong>Facundo Medina<\/strong> est, lui aussi, courtis\u00e9 par le Bayer Leverkusen et a fait part \u00e0 ses dirigeants de son envie de rejoindre le club allemand. L\u2019<strong>OM<\/strong> tente de trouver un accord avec ses homologues. Rien n\u2019est encore act\u00e9, car le Bayer Leverkusen travaille sur deux pistes en parall\u00e8le. <strong>Miguel Guti\u00e9rrez<\/strong>, lat\u00e9ral de Naples, est \u00e9galement cibl\u00e9. Un choix entre les deux joueurs devrait \u00eatre effectu\u00e9 d\u2019ici 24 heures.<\/p>\n<p style=\"text-align: justify;\"><strong>Leonardo Balerdi<\/strong> est de retour \u00e0 <strong>Marseille<\/strong> et devrait disputer quelques minutes face \u00e0 <strong>N\u00eemes<\/strong>. Si son avenir reste incertain, il aurait comme m\u00eame envie de quitter l\u2019<strong>Olympique de Marseille<\/strong>. Plusieurs clubs italiens, dont le nom n\u2019a pas encore filtr\u00e9, sont sur les rangs pour le recruter. La <strong>Serie A<\/strong> pla\u00eet au d\u00e9fenseur argentin, qui verrait donc ce nouveau challenge d\u2019un bon \u0153il.<\/p>\n","protected":false},"excerpt":{"rendered":"TRANSFERTS LIGUE 1 \u2013 Selon Foot Mercato, plusieurs d\u00e9fenseurs de l\u2019Olympique de Marseille sont courtis\u00e9s et pourraient quitter&hellip;\n","protected":false},"author":2,"featured_media":1097251,"comment_status":"","ping_status":"","sticky":false,"template":"","format":"standard","meta":{"footnotes":"","_share_on_mastodon":"0"},"categories":[2821],"tags":[1111,11,829,2113,1777,674,1011,27,884,12,149,584,25,112495,48444,33137],"class_list":["post-1097250","post","type-post","status-publish","format-standard","has-post-thumbnail","category-rennes","tag-actu","tag-actualites","tag-bretagne","tag-breve","tag-eu","tag-europe","tag-fr","tag-france","tag-marseille","tag-news","tag-om","tag-rennes","tag-republique-francaise","tag-transferts-ligue-1","tag-transferts-om","tag-transferts-football"],"share_on_mastodon":{"url":"https:\/\/pubeurope.com\/@fr\/117009648887244936","error":""},"_links":{"self":[{"href":"https:\/\/www.europesays.com\/fr\/wp-json\/wp\/v2\/posts\/1097250","targetHints":{"allow":["GET"]}}],"collection":[{"href":"https:\/\/www.europesays.com\/fr\/wp-json\/wp\/v2\/posts"}],"about":[{"href":"https:\/\/www.europesays.com\/fr\/wp-json\/wp\/v2\/types\/post"}],"author":[{"embeddable":true,"href":"https:\/\/www.europesays.com\/fr\/wp-json\/wp\/v2\/users\/2"}],"replies":[{"embeddable":true,"href":"https:\/\/www.europesays.com\/fr\/wp-json\/wp\/v2\/comments?post=1097250"}],"version-history":[{"count":0,"href":"https:\/\/www.europesays.com\/fr\/wp-json\/wp\/v2\/posts\/1097250\/revisions"}],"wp:featuredmedia":[{"embeddable":true,"href":"https:\/\/www.europesays.com\/fr\/wp-json\/wp\/v2\/media\/1097251"}],"wp:attachment":[{"href":"https:\/\/www.europesays.com\/fr\/wp-json\/wp\/v2\/media?parent=1097250"}],"wp:term":[{"taxonomy":"category","embeddable":true,"href":"https:\/\/www.europesays.com\/fr\/wp-json\/wp\/v2\/categories?post=1097250"},{"taxonomy":"post_tag","embeddable":true,"href":"https:\/\/www.europesays.com\/fr\/wp-json\/wp\/v2\/tags?post=1097250"}],"curies":[{"name":"wp","href":"https:\/\/api.w.org\/{rel}","templated":true}]}}