{"id":109733,"date":"2025-05-18T16:33:15","date_gmt":"2025-05-18T16:33:15","guid":{"rendered":"https:\/\/www.europesays.com\/fr\/109733\/"},"modified":"2025-05-18T16:33:15","modified_gmt":"2025-05-18T16:33:15","slug":"entree-du-royaume-uni-rappelez-vous-lundi-partager-une-declaration-emotionnelle-apres-un-score-deurovision-decevant","status":"publish","type":"post","link":"https:\/\/www.europesays.com\/fr\/109733\/","title":{"rendered":"Entr\u00e9e du Royaume-Uni Rappelez-vous lundi partager une d\u00e9claration \u00e9motionnelle apr\u00e8s un score d&rsquo;Eurovision d\u00e9cevant"},"content":{"rendered":"<p>Les candidats britanniques de l&rsquo;Eurovision se souviennent de lundi ont partag\u00e9 une d\u00e9claration suite \u00e0 leur score d\u00e9cevant.<\/p>\n<p>Compos\u00e9 de Lauren Byrne, Holly-Anne Hull et Charlotte Steele, le groupe a \u00e9t\u00e9 le premier groupe de filles \u00e0 repr\u00e9senter le Royaume-Uni \u00e0 l&rsquo;Eurovision depuis 1999 lors de la grande finale de la nuit derni\u00e8re (17 mai) \u00e0 B\u00e2le, en Suisse.<\/p>\n<p>Apr\u00e8s leur performance de \u00ab\u00a0 What the Hell Hight They \u00a0\u00bb, les choses semblaient se d\u00e9rouler au d\u00e9but pendant le vote du jury, quand on leur a donn\u00e9 dix points de l&rsquo;Ukraine et de la R\u00e9publique tch\u00e8que, ainsi que les \u00abpoints de Douze\u00bb convoit\u00e9s d&rsquo;Italie.<\/p>\n<p>Cependant, les choses se sont rapidement d\u00e9roul\u00e9es lorsque le vote du public a \u00e9t\u00e9 annonc\u00e9 et qu&rsquo;ils ont re\u00e7u les \u00abpoints NUL\u00bb redout\u00e9s, ce qui fait son score total 88 et les a d\u00e9croch\u00e9s \u00e0 la 19e place.<\/p>\n<p><a href=\"https:\/\/www.youtube.com\/watch?v=S3X6K5PZU0\" target=\"_blank\" rel=\"noopener\">https:\/\/www.youtube.com\/watch?v=S3X6K5PZU0<\/a><\/p>\n<p>Maintenant, ils ont r\u00e9pondu au snob dans une d\u00e9claration nouvellement partag\u00e9e. \u00ab\u00a0Wow \u2013 quel trajet! Trois meilleurs amis sont mont\u00e9s sur la plus grande sc\u00e8ne de musique du monde et sont sortis avec un top 10 du score du jury, des num\u00e9ros de streaming massifs et des souvenirs qui dureront toute une vie\u00a0\u00bb, ont-ils \u00e9crit.<\/p>\n<p>\u00abPerformer en Eurovision a \u00e9t\u00e9 l&rsquo;un des moments les plus surr\u00e9alistes et \u00e9motionnels de notre vie. L&rsquo;amour que nous avons ressenti des fans, notre incroyable \u00e9quipe et tous ceux qui ont diffus\u00e9, vot\u00e9 et cru en nous ont \u00e9t\u00e9 \u00e9crasants.<\/p>\n<p>\u00ab\u00a0Ce n&rsquo;est que le d\u00e9but de Remember lundi\u00a0\u00bb, ont-ils poursuivi. \u00abNous avons de nouvelles musiques \u00e0 venir, une tourn\u00e9e britannique et en Irlande cette ann\u00e9e, un \u00e9t\u00e9 rempli de festivals, et nous allons monter sur sc\u00e8ne au stade Wembley pour le bal d&rsquo;\u00e9t\u00e9\u2026 pas de gros probl\u00e8me!<\/p>\n<p>\u00abNous sommes tr\u00e8s reconnaissants pour la plate-forme, le soutien des m\u00e9dias et chaque nouveau fan qui nous a rejoint dans ce voyage sauvage. Eurovision?<\/p>\n<p><a href=\"https:\/\/www.youtube.com\/watch?v=ur5qrh0bahk\" target=\"_blank\" rel=\"noopener\">https:\/\/www.youtube.com\/watch?v=ur5qrh0bahk<\/a><\/p>\n<p>C&rsquo;est loin de la premi\u00e8re fois que le Royaume-Uni a atterri dans la moiti\u00e9 inf\u00e9rieure du classement. En 2023, Mae Muller a termin\u00e9 25e sur 26 lors de la grande finale \u2013 puis Olly Alexander a endur\u00e9 une d\u00e9ception similaire un an plus tard lorsqu&rsquo;il a termin\u00e9 18e apr\u00e8s avoir marqu\u00e9 \u00abNul Points\u00bb lors du vote public.<\/p>\n<p>Parler \u00e0 ZikNation Plus t\u00f4t ce mois-ci, le groupe a r\u00e9v\u00e9l\u00e9 que la \u00abBohemian Rhapsody\u00bb de la reine a eu une influence majeure sur leur chanson de puissance \u00abchaotique\u00bb \u00ab\u00a0 What the Hell Issued? \u00a0\u00bb, et a \u00e9galement dit qu&rsquo;ils ne seraient pas supprim\u00e9s par une partition faible.<\/p>\n<p>\u00ab\u00a0Nous avons d\u00e9j\u00e0 de grands projets apr\u00e8s l&rsquo;Eurovision\u00a0\u00bb, a d\u00e9clar\u00e9 Lauren, pointant vers des ensembles de festivals d&rsquo;\u00e9t\u00e9 \u00e0 la latitude et au grand festival. \u00ab\u00a0Et il ne s&rsquo;agit pas seulement de ce qui se passe en finale le 17 mai. Tant de moments de liste de seaux sont d\u00e9j\u00e0 coch\u00e9s pour nous.\u00a0\u00bb<\/p>\n<p>L&rsquo;Autriche a remport\u00e9 le troph\u00e9e cette ann\u00e9e avec 436 voix pour l&rsquo;auteur-compositeur-interpr\u00e8te JJ et sa chanson \u00abWasted Love\u00bb, qui a battu Yuval Raphael d&rsquo;Isra\u00ebl.<\/p>\n<p>Cela fait la troisi\u00e8me victoire du pays apr\u00e8s les victoires pr\u00e9c\u00e9dentes en 1966 et 2014 \u2013 cela fait de l&rsquo;Autriche le pays avec l&rsquo;\u00e9cart le plus long entre des ann\u00e9es \u00e0 48.<\/p>\n<p>Plus t\u00f4t cette semaine, ZikNation ont rapport\u00e9 les chances des bookers de l&rsquo;Eurovision 2025, avec JJ d&rsquo;Autriche \u00e0 21% en deuxi\u00e8me place. Le Kaj en Su\u00e8de \u00e9tait les favoris des Bookers, bien que les r\u00e9sultats finaux les ont plac\u00e9s \u00e0 la quatri\u00e8me place avec 321 points.<\/p>\n<p><a href=\"https:\/\/www.youtube.com\/watch?v=onoex2wxjba\" target=\"_blank\" rel=\"noopener\">https:\/\/www.youtube.com\/watch?v=onoex2wxjba<\/a><\/p>\n<p>Il y a eu une controverse entourant l&rsquo;\u00e9v\u00e9nement de cette ann\u00e9e apr\u00e8s que plus de 70 anciens candidats \u00e0 l&rsquo;Eurovision ont sign\u00e9 une lettre appelant \u00e0 l&rsquo;interdiction d&rsquo;Isra\u00ebl. La lettre a indiqu\u00e9 que l&rsquo;inclusion d&rsquo;Isra\u00ebl dans l&rsquo;\u00e9dition 2024 a conduit \u00e0 \u00eatre \u00able plus politis\u00e9, chaotique et d\u00e9sagr\u00e9able dans l&rsquo;histoire de la comp\u00e9tition\u00bb.<\/p>\n<p>Il a \u00e9galement accus\u00e9 (diffuseur isra\u00e9lien) Kan d&rsquo;\u00eatre \u00abcomplice du g\u00e9nocide d&rsquo;Isra\u00ebl contre les Palestiniens \u00e0 Gaza et du r\u00e9gime de plusieurs d\u00e9cennies d&rsquo;occupation d&rsquo;apartheid et militaire contre tout le peuple palestinien\u00bb, et a affirm\u00e9 que l&rsquo;EBU \u00e9tait \u00abnormalisant et blanchissait ses crimes\u00bb.<\/p>\n<p>Le diffuseur irlandais RT\u00c9 a \u00e9galement demand\u00e9 \u00e0 Eurovision une discussion sur l&rsquo;implication d&rsquo;Isra\u00ebl dans le concours de chansons.<\/p>\n<p>Au cours de la c\u00e9r\u00e9monie, un membre d&rsquo;\u00e9quipage aurait \u00e9t\u00e9 frapp\u00e9 de peinture apr\u00e8s que deux personnes ont tent\u00e9 de perturber la performance d&rsquo;Isra\u00ebl. Un homme et une femme ont \u00e9t\u00e9 escort\u00e9s de la salle et remis \u00e0 la police.<\/p>\n","protected":false},"excerpt":{"rendered":"Les candidats britanniques de l&rsquo;Eurovision se souviennent de lundi ont partag\u00e9 une d\u00e9claration suite \u00e0 leur score d\u00e9cevant.&hellip;\n","protected":false},"author":2,"featured_media":6228,"comment_status":"","ping_status":"","sticky":false,"template":"","format":"standard","meta":{"footnotes":""},"categories":[1588],"tags":[11,150,22796,22797,8773,22795,11594,1777,674,9865,12,20958,22798,473,1853,1873,2259,1851,96,1850,1852],"class_list":{"0":"post-109733","1":"post","2":"type-post","3":"status-publish","4":"format-standard","5":"has-post-thumbnail","7":"category-royaume-uni","8":"tag-actualites","9":"tag-apres","10":"tag-d39eurovision","11":"tag-decevant","12":"tag-declaration","13":"tag-emotionnelle","14":"tag-entree","15":"tag-eu","16":"tag-europe","17":"tag-lundi","18":"tag-news","19":"tag-partager","20":"tag-rappelezvous","21":"tag-royaume-uni","22":"tag-royaume-uni-de-grande-bretagne-et-dirlande-du-nord","23":"tag-royaumeuni","24":"tag-score","25":"tag-uk","26":"tag-une","27":"tag-united-kingdom","28":"tag-united-kingdom-of-great-britain-and-northern-ireland"},"share_on_mastodon":{"url":"https:\/\/pubeurope.com\/@fr\/114529802861372155","error":""},"_links":{"self":[{"href":"https:\/\/www.europesays.com\/fr\/wp-json\/wp\/v2\/posts\/109733","targetHints":{"allow":["GET"]}}],"collection":[{"href":"https:\/\/www.europesays.com\/fr\/wp-json\/wp\/v2\/posts"}],"about":[{"href":"https:\/\/www.europesays.com\/fr\/wp-json\/wp\/v2\/types\/post"}],"author":[{"embeddable":true,"href":"https:\/\/www.europesays.com\/fr\/wp-json\/wp\/v2\/users\/2"}],"replies":[{"embeddable":true,"href":"https:\/\/www.europesays.com\/fr\/wp-json\/wp\/v2\/comments?post=109733"}],"version-history":[{"count":0,"href":"https:\/\/www.europesays.com\/fr\/wp-json\/wp\/v2\/posts\/109733\/revisions"}],"wp:featuredmedia":[{"embeddable":true,"href":"https:\/\/www.europesays.com\/fr\/wp-json\/wp\/v2\/media\/6228"}],"wp:attachment":[{"href":"https:\/\/www.europesays.com\/fr\/wp-json\/wp\/v2\/media?parent=109733"}],"wp:term":[{"taxonomy":"category","embeddable":true,"href":"https:\/\/www.europesays.com\/fr\/wp-json\/wp\/v2\/categories?post=109733"},{"taxonomy":"post_tag","embeddable":true,"href":"https:\/\/www.europesays.com\/fr\/wp-json\/wp\/v2\/tags?post=109733"}],"curies":[{"name":"wp","href":"https:\/\/api.w.org\/{rel}","templated":true}]}}