{"id":109738,"date":"2025-05-18T16:36:09","date_gmt":"2025-05-18T16:36:09","guid":{"rendered":"https:\/\/www.europesays.com\/fr\/109738\/"},"modified":"2025-05-18T16:36:09","modified_gmt":"2025-05-18T16:36:09","slug":"le-portugal-pour-exiger-lue-exerce-une-pression-sur-la-france-sur-les-connecteurs-dalimentation","status":"publish","type":"post","link":"https:\/\/www.europesays.com\/fr\/109738\/","title":{"rendered":"Le Portugal pour exiger l&rsquo;UE exerce une pression sur la France sur les connecteurs d&rsquo;alimentation"},"content":{"rendered":"<p>Le Portugal exigera que la Commission europ\u00e9enne pousse la France pour de meilleures liens \u00e9lectriques avec la p\u00e9ninsule ib\u00e9rique apr\u00e8s la panne de courant paralysant le mois dernier, a d\u00e9clar\u00e9 la ministre portugaise de l\u2019\u00c9nergie, Maria Da Gra\u00e7a Carvalho.<\/p>\n<p>Le faible nombre de c\u00e2bles transfrontaliers signifie qu\u2019il y a moins de capacit\u00e9 de r\u00e9seau pour \u00e9quilibrer les pannes de courant comme celle massive qui paralysait l\u2019Espagne et le Portugal fin avril. Carvalho a d\u00e9clar\u00e9 qu\u2019elle voit un probl\u00e8me de march\u00e9 unique europ\u00e9en.<\/p>\n<p>\u00ab\u00a0Nous impliquerons le pr\u00e9sident de la Commission europ\u00e9enne \u00e0 ce sujet pour nous assurer que nous sommes tous int\u00e9gr\u00e9s et \u2026 nous nous aidons mutuellement \u00e0 r\u00e9soudre les probl\u00e8mes\u00a0\u00bb, a d\u00e9clar\u00e9 Carvalho dans une interview avec le Financial Times publi\u00e9 dimanche. \u00abIl s\u2019agit d\u2019une question europ\u00e9enne; ce n\u2019est pas une question entre les trois pays.\u00bb<\/p>\n<p>Le r\u00e9seau du Portugal est fortement int\u00e9gr\u00e9 \u00e0 son voisin espagnol, c\u2019est ainsi que la panne de courant s\u2019est r\u00e9pandue facilement vers l\u2019ouest. L\u2019Espagne, \u00e0 son tour, est connect\u00e9e par quelques lignes \u00e0 la France. <\/p>\n<p>Selon l\u2019Espagne et le Portugal, conviviale nucl\u00e9aire sont, selon le Portugal, retardent les nouveaux liens pour emp\u00eacher l\u2019\u00e9nergie solaire et \u00e9olienne bon march\u00e9 d\u2019inonder le march\u00e9 fran\u00e7ais. L\u2019op\u00e9rateur de la grille fran\u00e7aise RTE le nie. Un c\u00e2ble via la baie de Bisque et une ligne \u00e9lectrique terrestre devraient r\u00e9pondre \u00e0 la p\u00e9nurie.<\/p>\n<p>\u00ab\u00a0La France n\u2019a aucun int\u00e9r\u00eat \u00e0 acc\u00e9l\u00e9rer nos interconnexions pour son \u00e9nergie nucl\u00e9aire\u00a0\u00bb, a d\u00e9clar\u00e9 Carvalho \u00e0 El Pa\u00eds la semaine derni\u00e8re dans une interview o\u00f9 elle a \u00e9galement appel\u00e9 \u00e0 la pression de Bruxelles.<\/p>\n<p>\u00ab\u00a0Avoir un syst\u00e8me interconnect\u00e9 est bon pour tout le monde\u00a0\u00bb, a expliqu\u00e9 un haut responsable de l\u2019UE le mois dernier, ajoutant que les connexions facilitent la gestion des changements dramatiques d\u2019approvisionnement en puissance.<\/p>\n<p>La semaine derni\u00e8re, le Parlement europ\u00e9en a vot\u00e9 en faveur d\u2019une r\u00e9solution appelant \u00e0 une expansion majeure des connexions de pouvoir \u00e0 travers le bloc. \u00ab\u00a0La panne de courant ib\u00e9rique montre douloureusement \u00e0 quel point nos grilles sont vuln\u00e9rables\u00a0\u00bb, a d\u00e9clar\u00e9 \u00e0 L\u2019Observatoire de l\u2019Europe Anna St\u00fcrgkh, le d\u00e9put\u00e9 principal du d\u00e9put\u00e9 du dossier.<\/p>\n<p>Le lib\u00e9ral autrichien a appel\u00e9 la commission \u00e0 Bruxelles \u00e0 \u00abagir de mani\u00e8re d\u00e9cisive pour prioriser la planification et la coordination sur les r\u00e9seaux et le stockage\u00bb. Sinon, \u00abnous continuerons \u00e0 se pr\u00e9cipiter d\u2019une crise \u00e0 l\u2019autre\u00bb, a-t-elle d\u00e9clar\u00e9. <\/p>\n<p>  (Tagstotranslate) Crisis <\/p>\n","protected":false},"excerpt":{"rendered":"Le Portugal exigera que la Commission europ\u00e9enne pousse la France pour de meilleures liens \u00e9lectriques avec la p\u00e9ninsule&hellip;\n","protected":false},"author":2,"featured_media":109739,"comment_status":"","ping_status":"","sticky":false,"template":"","format":"standard","meta":{"footnotes":""},"categories":[1586],"tags":[11,579,893,1777,674,1779,1011,27,22799,635,22800,12,17749,13811,22801,22802,22803,25,1778,364],"class_list":{"0":"post-109738","1":"post","2":"type-post","3":"status-publish","4":"format-standard","5":"has-post-thumbnail","7":"category-europe","8":"tag-actualites","9":"tag-electricite","10":"tag-energie","11":"tag-eu","12":"tag-europe","13":"tag-european-union","14":"tag-fr","15":"tag-france","16":"tag-marche-unique-t-politique-espagnole-t-france-t-portugal-t-espagne-t-maria-da-graca-carvalho","17":"tag-marches","18":"tag-meps","19":"tag-news","20":"tag-politique-europeenne","21":"tag-politique-francaise","22":"tag-politique-nucleaire","23":"tag-politique-portugaise","24":"tag-repowereu","25":"tag-republique-francaise","26":"tag-ue","27":"tag-union-europeenne"},"share_on_mastodon":{"url":"https:\/\/pubeurope.com\/@fr\/114529814676893945","error":""},"_links":{"self":[{"href":"https:\/\/www.europesays.com\/fr\/wp-json\/wp\/v2\/posts\/109738","targetHints":{"allow":["GET"]}}],"collection":[{"href":"https:\/\/www.europesays.com\/fr\/wp-json\/wp\/v2\/posts"}],"about":[{"href":"https:\/\/www.europesays.com\/fr\/wp-json\/wp\/v2\/types\/post"}],"author":[{"embeddable":true,"href":"https:\/\/www.europesays.com\/fr\/wp-json\/wp\/v2\/users\/2"}],"replies":[{"embeddable":true,"href":"https:\/\/www.europesays.com\/fr\/wp-json\/wp\/v2\/comments?post=109738"}],"version-history":[{"count":0,"href":"https:\/\/www.europesays.com\/fr\/wp-json\/wp\/v2\/posts\/109738\/revisions"}],"wp:featuredmedia":[{"embeddable":true,"href":"https:\/\/www.europesays.com\/fr\/wp-json\/wp\/v2\/media\/109739"}],"wp:attachment":[{"href":"https:\/\/www.europesays.com\/fr\/wp-json\/wp\/v2\/media?parent=109738"}],"wp:term":[{"taxonomy":"category","embeddable":true,"href":"https:\/\/www.europesays.com\/fr\/wp-json\/wp\/v2\/categories?post=109738"},{"taxonomy":"post_tag","embeddable":true,"href":"https:\/\/www.europesays.com\/fr\/wp-json\/wp\/v2\/tags?post=109738"}],"curies":[{"name":"wp","href":"https:\/\/api.w.org\/{rel}","templated":true}]}}