{"id":109747,"date":"2025-05-18T16:43:13","date_gmt":"2025-05-18T16:43:13","guid":{"rendered":"https:\/\/www.europesays.com\/fr\/109747\/"},"modified":"2025-05-18T16:43:13","modified_gmt":"2025-05-18T16:43:13","slug":"atp-stan-wawrinka-jai-perdu-plus-de-20-fois-contre-roger-federer-rafael-nadal-novak-djokovic-et-andy-murray-je-savais-que-meme-dans-mon-meilleur-jour-il-netait-pas-certain-que-je-puisse-les","status":"publish","type":"post","link":"https:\/\/www.europesays.com\/fr\/109747\/","title":{"rendered":"ATP > Stan Wawrinka : \u00ab\u00a0J&rsquo;ai perdu plus de 20 fois contre Roger Federer, Rafael Nadal, Novak Djokovic et Andy Murray. Je savais que m\u00eame dans mon meilleur jour, il n&rsquo;\u00e9tait pas certain que je puisse les battre\u00a0\u00bb"},"content":{"rendered":"<p>Des ann\u00e9es 2000, jusqu\u2019au d\u00e9but des ann\u00e9es 2020, la plan\u00e8te tennis a connu une domi\u00adna\u00adtion sans partage, avec Roger Federer, Novak Djokovic et Rafael Nadal. Il est commun d\u2019ajouter \u00e0 ces trois monstres sacr\u00e9s, Andy Murray, dans ce qu\u2019on appel le \u00ab\u202fBig\u00a0Four\u202f\u00bb.<\/p>\n<p>Stan Wawrinka a eu l\u2019oc\u00adca\u00adsion de tenir t\u00eate \u00e0 ces joueurs pendant sa carri\u00e8re. Rafael Nadal en finale de l\u2019Open d\u2019Australie 2014, et Novak Djokovic, deux fois pour remporter un Grand Chelem, \u00e0 Roland\u2010Garros en 2015, et \u00e0 l\u2019US Open en\u00a02016.<\/p>\n<p>Dans une vid\u00e9o publi\u00e9e sur la cha\u00eene YouTube du Grand Chelem austra\u00adlien, l\u2019an\u00adcien num\u00e9ro trois mondial est revenu sur ce que signifie \u00e9voluer sur le court contre ces immenses cham\u00adpions. Il estime que m\u00eame \u00e0 son apog\u00e9e, il n\u2019en\u00adtrait pas dans le stade avec la certi\u00adtude de gagner.<\/p>\n<p><strong>\u00ab\u202fJ\u2019ai eu la chance d\u2019af\u00adfronter les meilleurs joueurs du monde, comme Roger [Federer], Novak [Djokovic], Rafa [Nadal], Andy [Murray], ce qui a toujours \u00e9t\u00e9 l\u2019un des d\u00e9fis les plus diffi\u00adciles \u00e0 relever. J\u2019ai perdu plus de 20 fois contre eux, comme beau\u00adcoup de joueurs, mais quand vous affrontez ces joueurs extra\u00ador\u00addi\u00adnaires, vous essayez toujours de vous regarder et de voir o\u00f9 vous pouvez vous am\u00e9liorer. Je savais que m\u00eame dans mon meilleur jour, il n\u2019\u00e9tait pas certain que je puisse les battre, car ils sont telle\u00adment bons, ils ont accompli telle\u00adment de choses au cours de ces 15 \u00e0 20 ann\u00e9es. Jouer contre eux a toujours \u00e9t\u00e9\u00a0un\u00a0grand\u00a0d\u00e9fi\u202f\u00bb.<\/strong><\/p>\n<p class=\"post-published-date\" style=\"color: silver; font-size: 75%; text-align: left;\">Publi\u00e9 le dimanche 18 mai 2025 \u00e0 16:45<\/p>\n","protected":false},"excerpt":{"rendered":"Des ann\u00e9es 2000, jusqu\u2019au d\u00e9but des ann\u00e9es 2020, la plan\u00e8te tennis a connu une domi\u00adna\u00adtion sans partage, avec&hellip;\n","protected":false},"author":2,"featured_media":78005,"comment_status":"","ping_status":"","sticky":false,"template":"","format":"standard","meta":{"footnotes":""},"categories":[1415],"tags":[4737,105,2199,1011,27,1960,60,1754,1467],"class_list":{"0":"post-109747","1":"post","2":"type-post","3":"status-publish","4":"format-standard","5":"has-post-thumbnail","7":"category-tennis","8":"tag-andy-murray","9":"tag-djokovic","10":"tag-federer","11":"tag-fr","12":"tag-france","13":"tag-nadal","14":"tag-sports","15":"tag-stan-wawrinka","16":"tag-tennis"},"share_on_mastodon":{"url":"https:\/\/pubeurope.com\/@fr\/114529842170478735","error":""},"_links":{"self":[{"href":"https:\/\/www.europesays.com\/fr\/wp-json\/wp\/v2\/posts\/109747","targetHints":{"allow":["GET"]}}],"collection":[{"href":"https:\/\/www.europesays.com\/fr\/wp-json\/wp\/v2\/posts"}],"about":[{"href":"https:\/\/www.europesays.com\/fr\/wp-json\/wp\/v2\/types\/post"}],"author":[{"embeddable":true,"href":"https:\/\/www.europesays.com\/fr\/wp-json\/wp\/v2\/users\/2"}],"replies":[{"embeddable":true,"href":"https:\/\/www.europesays.com\/fr\/wp-json\/wp\/v2\/comments?post=109747"}],"version-history":[{"count":0,"href":"https:\/\/www.europesays.com\/fr\/wp-json\/wp\/v2\/posts\/109747\/revisions"}],"wp:featuredmedia":[{"embeddable":true,"href":"https:\/\/www.europesays.com\/fr\/wp-json\/wp\/v2\/media\/78005"}],"wp:attachment":[{"href":"https:\/\/www.europesays.com\/fr\/wp-json\/wp\/v2\/media?parent=109747"}],"wp:term":[{"taxonomy":"category","embeddable":true,"href":"https:\/\/www.europesays.com\/fr\/wp-json\/wp\/v2\/categories?post=109747"},{"taxonomy":"post_tag","embeddable":true,"href":"https:\/\/www.europesays.com\/fr\/wp-json\/wp\/v2\/tags?post=109747"}],"curies":[{"name":"wp","href":"https:\/\/api.w.org\/{rel}","templated":true}]}}