{"id":109748,"date":"2025-05-18T16:44:07","date_gmt":"2025-05-18T16:44:07","guid":{"rendered":"https:\/\/www.europesays.com\/fr\/109748\/"},"modified":"2025-05-18T16:44:07","modified_gmt":"2025-05-18T16:44:07","slug":"mondial-2026-team-france-basketball-feminin-la-ffbb-sactive","status":"publish","type":"post","link":"https:\/\/www.europesays.com\/fr\/109748\/","title":{"rendered":"Mondial 2026, Team France Basketball f\u00e9minin&#8230; La FFBB s&rsquo;active"},"content":{"rendered":"<p>Apr\u00e8s un \u00e9t\u00e9 2024 faste, ponctu\u00e9 par trois m\u00e9dailles olympiques, la F\u00e9d\u00e9ration fran\u00e7aise de basket-ball (FFBB) continue de travailler en coulisses. <\/p>\n<p>Selon un document interne que Basket Europe a pu consulter, le pr\u00e9sident f\u00e9d\u00e9ral, Jean-Pierre Hunckler, a propos\u00e9, lors du bureau f\u00e9d\u00e9ral du 4 avril dernier, qu&rsquo;une \u00ab lettre d&rsquo;intention soit envoy\u00e9e [\u00e0 la FIBA] pour l&rsquo;organisation du tournoi de qualification \u00e0 la Coupe du monde f\u00e9minine en 2026 \u00bb, comp\u00e9tition organis\u00e9e en Allemagne du 4 au 13 septembre. \u00ab La FIBA souhaite que la France devienne un acteur important de l&rsquo;organisation d&rsquo;\u00e9v\u00e8nements internationaux pour les ann\u00e9es \u00e0 venir \u00bb, y est-il encore \u00e9crit. <\/p>\n<p>Organisatrice de l&rsquo;EuroBasket f\u00e9minin 2013 puis d&rsquo;une partie de l&rsquo;\u00e9dition 2021 \u00e0 Strasbourg et co-h\u00f4te du championnat d&rsquo;Europe masculin en 2015, la FFFB n&rsquo;a plus organis\u00e9 de comp\u00e9titions 5&#215;5 depuis quatre ans.<\/p>\n<p>De son c\u00f4t\u00e9, l&rsquo;\u00e9quipe de France f\u00e9minine, vice-championne olympique l&rsquo;\u00e9t\u00e9 dernier, partira \u00e0 la conqu\u00eate d&rsquo;un troisi\u00e8me sacre continental, apr\u00e8s 2001 et 2009, avec une \u00e9quipe amoindrie par les forfaits en cascade en raison de la WNBA, la s\u0153ur de la NBA. <\/p>\n<p>Un groupe de 35 joueuses<\/p>\n<p>En attendant le coup d&rsquo;envoi de la pr\u00e9paration et le traditionnel media day du 10 juin \u00e0 l&rsquo;Institut national du sport, de l&rsquo;expertise et de la performance (Insep), la F\u00e9d\u00e9ration devrait annoncer la cr\u00e9ation &#8211; tant attendue par certaines joueuses &#8211; d&rsquo;un Team France Basketball f\u00e9minin. <\/p>\n<p>Devant \u00ab s&rsquo;adapter \u00e0 la nouvelle organisation mondiale du basket f\u00e9minin mondial \u00bb, la FFBB souhaite \u00ab impliquer un nombre toujours plus important de joueuses lors des fen\u00eatres de qualification ainsi que lors des grandes comp\u00e9titions internationales de r\u00e9f\u00e9rence \u00bb, est-il \u00e9crit dans un autre document interne consult\u00e9 par Basket Europe. Pour ce faire, un Team France Basketball f\u00e9minin &#8211; dont \u00ab la communication [&#8230;] est pr\u00e9vue prochainement \u00bb &#8211;  \u00ab repr\u00e9sentera un groupe de 35 joueuses susceptibles d&rsquo;\u00eatre appel\u00e9 en \u00e9quipe de France. \u00bb<\/p>\n","protected":false},"excerpt":{"rendered":"Apr\u00e8s un \u00e9t\u00e9 2024 faste, ponctu\u00e9 par trois m\u00e9dailles olympiques, la F\u00e9d\u00e9ration fran\u00e7aise de basket-ball (FFBB) continue de&hellip;\n","protected":false},"author":2,"featured_media":109749,"comment_status":"","ping_status":"","sticky":false,"template":"","format":"standard","meta":{"footnotes":""},"categories":[1414],"tags":[1465,1464,1011,27,60],"class_list":{"0":"post-109748","1":"post","2":"type-post","3":"status-publish","4":"format-standard","5":"has-post-thumbnail","7":"category-basket","8":"tag-basket","9":"tag-basketball","10":"tag-fr","11":"tag-france","12":"tag-sports"},"share_on_mastodon":{"url":"https:\/\/pubeurope.com\/@fr\/114529846253466290","error":""},"_links":{"self":[{"href":"https:\/\/www.europesays.com\/fr\/wp-json\/wp\/v2\/posts\/109748","targetHints":{"allow":["GET"]}}],"collection":[{"href":"https:\/\/www.europesays.com\/fr\/wp-json\/wp\/v2\/posts"}],"about":[{"href":"https:\/\/www.europesays.com\/fr\/wp-json\/wp\/v2\/types\/post"}],"author":[{"embeddable":true,"href":"https:\/\/www.europesays.com\/fr\/wp-json\/wp\/v2\/users\/2"}],"replies":[{"embeddable":true,"href":"https:\/\/www.europesays.com\/fr\/wp-json\/wp\/v2\/comments?post=109748"}],"version-history":[{"count":0,"href":"https:\/\/www.europesays.com\/fr\/wp-json\/wp\/v2\/posts\/109748\/revisions"}],"wp:featuredmedia":[{"embeddable":true,"href":"https:\/\/www.europesays.com\/fr\/wp-json\/wp\/v2\/media\/109749"}],"wp:attachment":[{"href":"https:\/\/www.europesays.com\/fr\/wp-json\/wp\/v2\/media?parent=109748"}],"wp:term":[{"taxonomy":"category","embeddable":true,"href":"https:\/\/www.europesays.com\/fr\/wp-json\/wp\/v2\/categories?post=109748"},{"taxonomy":"post_tag","embeddable":true,"href":"https:\/\/www.europesays.com\/fr\/wp-json\/wp\/v2\/tags?post=109748"}],"curies":[{"name":"wp","href":"https:\/\/api.w.org\/{rel}","templated":true}]}}