{"id":10975,"date":"2025-04-08T19:28:10","date_gmt":"2025-04-08T19:28:10","guid":{"rendered":"https:\/\/www.europesays.com\/fr\/10975\/"},"modified":"2025-04-08T19:28:10","modified_gmt":"2025-04-08T19:28:10","slug":"manuel-valls-lance-la-campagne-de-vaccination-contre-le-chikungunya-a-la-reunion-actualites","status":"publish","type":"post","link":"https:\/\/www.europesays.com\/fr\/10975\/","title":{"rendered":"Manuel Valls lance la campagne de vaccination contre le chikungunya \u00e0 La R\u00e9union : Actualit\u00e9s"},"content":{"rendered":"<p class=\"lead \">Le ministre des Outre-mer Manuel Valls, en d\u00e9placement \u00e0 La R\u00e9union, a lanc\u00e9 lundi la campagne de vaccination contre le chikungunya dans une pharmacie de L&rsquo;Etang\u2013Sal\u00e9, dans le sud de l&rsquo;\u00eele, la zone la plus touch\u00e9e par l&rsquo;\u00e9pid\u00e9mie.<\/p>\n<p class=\"lead \">Autoris\u00e9 depuis juin 2024 au niveau europ\u00e9en, le vaccin Ixchiq est le premier disponible contre cette maladie virale transmise par les moustiques tigres. Quarante mille doses sont arriv\u00e9es sur l&rsquo;\u00eele la semaine derni\u00e8re, en priorit\u00e9 \u00e0 destination des personnes de 65 ans et plus pr\u00e9sentant des comorbidit\u00e9s.<\/p>\n<p class=\"lead \">\u00ab\u00a050.000 autres doses vont arriver d&rsquo;ici fin avril\u00a0\u00bb, a d\u00e9clar\u00e9 le ministre aux journalistes en marge de la premi\u00e8re vaccination, pr\u00e9cisant que \u00ab\u00a0le vrai sujet est la capacit\u00e9 de l&rsquo;industriel \u00e0 fabriquer\u00a0\u00bb rapidement les vaccins.<\/p>\n<p class=\"lead \">La campagne de vaccination sera \u00e9largie aux plus de 18 ans ayant des comorbidit\u00e9s d\u00e8s la r\u00e9ception des nouvelles doses, a pr\u00e9cis\u00e9 \u00e0 la presse G\u00e9rard Cotellon, le directeur de l&rsquo;Agence r\u00e9gionale de sant\u00e9 (ARS) de La R\u00e9union, qui a chiffr\u00e9 \u00e0 15 millions d&rsquo;euros les d\u00e9penses engag\u00e9es au premier trimestre pour la lutte anti-vectorielle.<\/p>\n<p class=\"lead \">Depuis janvier, plus de 20.000 cas de chikungunya ont \u00e9t\u00e9 recens\u00e9s \u00e0 La R\u00e9union mais \u00ab\u00a0sachant que tout le monde n&rsquo;a pas d\u00e9clar\u00e9 le fait qu&rsquo;il \u00e9tait touch\u00e9, on peut consid\u00e9rer qu&rsquo;entre 50.000, 60.000, 70.000 personnes auraient \u00e9t\u00e9 atteintes\u00a0\u00bb, selon Manuel Valls.<\/p>\n<p class=\"lead \">Apr\u00e8s le lancement de la campagne de vaccination, le ministre s&rsquo;est rendu au centre hospitalier ouest R\u00e9union (CHOR) \u00e0 Saint-Paul (ouest), o\u00f9 il a visit\u00e9 plusieurs services accueillant des malades du chikungunya.<\/p>\n<p class=\"lead \">Deux d\u00e9c\u00e8s, des personnes \u00e2g\u00e9es de 86 et 96 ans, ont \u00e9t\u00e9 confirm\u00e9s et plusieurs autres sont en cours d&rsquo;investigations, selon les autorit\u00e9s. Selon l&rsquo;ARS, pr\u00e8s de 6.000 nouveaux cas ont \u00e9t\u00e9 enregistr\u00e9s entre le 17 et le 23 mars, le dernier bilan publi\u00e9.<\/p>\n<p class=\"lead \">Vendredi, le CHU de La R\u00e9union a activ\u00e9 un \u00ab\u00a0plan blanc\u00a0\u00bb pour faire face \u00e0 une forte pression sur les urgences. L&rsquo;\u00eele Maurice, proche de La R\u00e9union, a pour sa part annonc\u00e9 vendredi qu&rsquo;il imposerait un test PCR n\u00e9gatif au chikungunya pour les voyageurs en provenance de l&rsquo;\u00eele \u00e0 partir du 9 avril et jusqu&rsquo;au 8 mai.<\/p>\n<p class=\"small font-weight-bold text-gray3 \"> publi\u00e9 le 7 avril \u00e0 16h19, AFP<\/p>\n<p>                             Partager<\/p>\n","protected":false},"excerpt":{"rendered":"Le ministre des Outre-mer Manuel Valls, en d\u00e9placement \u00e0 La R\u00e9union, a lanc\u00e9 lundi la campagne de vaccination&hellip;\n","protected":false},"author":2,"featured_media":10976,"comment_status":"","ping_status":"","sticky":false,"template":"","format":"standard","meta":{"footnotes":""},"categories":[10],"tags":[4009,1011,27,72,4166,5337,585,71,4008,5336],"class_list":{"0":"post-10975","1":"post","2":"type-post","3":"status-publish","4":"format-standard","5":"has-post-thumbnail","7":"category-sante","8":"tag-pidmie","9":"tag-fr","10":"tag-france","11":"tag-health","12":"tag-outre-mer","13":"tag-runion","14":"tag-sant","15":"tag-sante","16":"tag-vaccins","17":"tag-virus"},"share_on_mastodon":{"url":"https:\/\/pubeurope.com\/@fr\/114303998769700128","error":""},"_links":{"self":[{"href":"https:\/\/www.europesays.com\/fr\/wp-json\/wp\/v2\/posts\/10975","targetHints":{"allow":["GET"]}}],"collection":[{"href":"https:\/\/www.europesays.com\/fr\/wp-json\/wp\/v2\/posts"}],"about":[{"href":"https:\/\/www.europesays.com\/fr\/wp-json\/wp\/v2\/types\/post"}],"author":[{"embeddable":true,"href":"https:\/\/www.europesays.com\/fr\/wp-json\/wp\/v2\/users\/2"}],"replies":[{"embeddable":true,"href":"https:\/\/www.europesays.com\/fr\/wp-json\/wp\/v2\/comments?post=10975"}],"version-history":[{"count":0,"href":"https:\/\/www.europesays.com\/fr\/wp-json\/wp\/v2\/posts\/10975\/revisions"}],"wp:featuredmedia":[{"embeddable":true,"href":"https:\/\/www.europesays.com\/fr\/wp-json\/wp\/v2\/media\/10976"}],"wp:attachment":[{"href":"https:\/\/www.europesays.com\/fr\/wp-json\/wp\/v2\/media?parent=10975"}],"wp:term":[{"taxonomy":"category","embeddable":true,"href":"https:\/\/www.europesays.com\/fr\/wp-json\/wp\/v2\/categories?post=10975"},{"taxonomy":"post_tag","embeddable":true,"href":"https:\/\/www.europesays.com\/fr\/wp-json\/wp\/v2\/tags?post=10975"}],"curies":[{"name":"wp","href":"https:\/\/api.w.org\/{rel}","templated":true}]}}