{"id":1097509,"date":"2026-07-30T18:18:58","date_gmt":"2026-07-30T18:18:58","guid":{"rendered":"https:\/\/www.europesays.com\/fr\/1097509\/"},"modified":"2026-07-30T18:18:58","modified_gmt":"2026-07-30T18:18:58","slug":"trente-ans-de-retournements-de-situation-de-drames-et-de-souffrance-collective-a-marquette-la-delicate-renaissance-des-grands-moulins-de-paris","status":"publish","type":"post","link":"https:\/\/www.europesays.com\/fr\/1097509\/","title":{"rendered":"\u00ab\u202fTrente ans de retournements de situation, de drames et de souffrance collective\u202f\u00bb\u00a0: \u00c0 Marquette, la d\u00e9licate renaissance des Grands Moulins de\u00a0Paris"},"content":{"rendered":"<p class=\"single__lede\"><b>[S\u00e9rie 3\/6 &#8211; Friches industrielles : la ru\u00e9e vers l\u2019or foncier de la MEL] Fiert\u00e9 de Marquette-lez-Lille pendant plus d\u2019un demi-si\u00e8cle, les Grands Moulins de Paris sont ensuite longtemps rest\u00e9s \u00ab une verrue \u00bb\u2026 avant leur transformation r\u00e9ussie en un ensemble r\u00e9sidentiel. Dans le troisi\u00e8me \u00e9pisode de cette s\u00e9rie, Mediacit\u00e9s retrace une reconversion sem\u00e9e d&#8217;emb\u00fbches, embl\u00e9matique des d\u00e9fis \u00e0 relever pour r\u00e9sorber les d\u00e9laiss\u00e9s urbains qui criblent la m\u00e9tropole. &#13;<br \/>\n<\/b><\/p>\n<p>\t\t<img width=\"1200\" height=\"800\" src=\"https:\/\/www.europesays.com\/fr\/wp-content\/uploads\/2026\/07\/GMP-Une-.jpg\" class=\"position-center wp-post-image\" alt=\"\" decoding=\"async\" fetchpriority=\"high\"  \/>\t\t\t\t\tFerm\u00e9s \u00e0 la fin des ann\u00e9es 1980, il aura fallu 30 ans pour que les Grands Moulins de Paris, embl\u00e8me industriel de Marquette-lez-Lille soient r\u00e9habilit\u00e9s en logements. Photos : Archives Marquette-lez-Lille ; M.S. <\/p>\n<p>Depuis le chemin de halage des bords de De\u00fble, c\u2019est une b\u00e2tisse impossible \u00e0 manquer. Un ensemble massif, en briques rouges bien s\u00fbr, mais aussi en b\u00e9ton, pour les immenses silos \u00e0 grains qui font toute la singularit\u00e9 de ce \u00ab\u202fmoulin moderne\u202f\u00bb construit au lendemain de la Grande guerre.<\/p>\n<p>Pendant un demi\u2010si\u00e8cle, le site, d\u2019abord nomm\u00e9 La meunerie lilloise, et rapidement acquis par le puissant groupe Les Grands Moulins de Paris (GMP), comptera parmi les plus importantes minoteries du pays. Difficile de se le figurer aujourd\u2019hui, mais entre les ann\u00e9es 1920 et 1980, les p\u00e9niches multipliaient les trajets sur le canal afin de fournir en bl\u00e9 cet outil industriel qui comptera \u00e0 son apog\u00e9e plus de 600 employ\u00e9s.<\/p>\n<p>Nous vous offrons l\u2019acc\u00e8s \u00e0 cet article<\/p>\n<p>Et \u00e0 toutes nos enqu\u00eates pendant deux jours\u00a0\u00a0! <br \/>Oui, on est g\u00e9n\u00e9reux \ud83d\ude09 Mais pensez aussi \u00e0 <a href=\"https:\/\/www.mediacites.fr\/sabonner\/\" target=\"_blank\" style=\"color:#fff\" rel=\"nofollow noopener\">vous abonner<\/a>\u00a0\u00a0!<\/p>\n<p>\t\tEn renseignant votre adresse, vous acceptez nos <a href=\"https:\/\/www.mediacites.fr\/conditions-generales-d-utilisation\/\" target=\"_blank\" rel=\"nofollow noopener\">conditions g\u00e9n\u00e9rales d\u2019utilisation<\/a>. <br \/>Mediacit\u00e9s s\u2019engage \u00e0 ne pas c\u00e9der votre adresse \u00e0 des tiers. En cas d\u2019\u00e9chec, \u00e9crivez \u00e0 <a href=\"https:\/\/www.mediacites.fr\/serie-dete\/lille\/2026\/07\/30\/trente-ans-de-retournements-de-situation-de-drames-et-de-souffrance-collective-a-marquette-la-delicate-renaissance-des-grands-moulins-de-paris\/mailto:contact@mediacites.fr\" rel=\"nofollow noopener\" target=\"_blank\">contact@mediacites.fr<\/a><\/p>\n<ul>\n<li>J\u2019acc\u00e8de aux 4 \u00e9ditions de Mediacit\u00e9s (Lille, Lyon, Nantes et Toulouse)<\/li>\n<li>Je d\u00e9couvre un m\u00e9dia 100 % ind\u00e9pendant, avec 0 % de publicit\u00e9<\/li>\n<\/ul>\n<p>Envie de lire la\u00a0suite\u202f?<\/p>\n<p>Depuis neuf ans, Mediacit\u00e9s enqu\u00eate en toute ind\u00e9pendance dans votre ville. Gr\u00e2ce \u00e0 ses lecteurs\u202f! Abonnez\u2010vous pour ne rien manquer de nos enqu\u00eates, suivre les \u00e9lections municipales et soutenir un journal local d\u2019investigation.<\/p>\n<ul>\n<li>Acc\u00e8s aux 4 \u00e9ditions de Mediacit\u00e9s (Lille, Lyon, Nantes et Toulouse)<\/li>\n<li>100 % ind\u00e9pendant, avec 0 % de publicit\u00e9<\/li>\n<li>R\u00e9siliation facile \u00e0 tout moment<\/li>\n<\/ul>\n<p>Mediacit\u00e9s offre l\u2019acc\u00e8s \u00e0 cet article aux lecteurs de News2Com<\/p>\n<p>Et \u00e0 toutes nos enqu\u00eates pendant deux jours\u00a0\u00a0! <br \/>Oui, on est g\u00e9n\u00e9reux \ud83d\ude09 Mais pensez aussi \u00e0 <a href=\"https:\/\/www.mediacites.fr\/sabonner\/\" target=\"_blank\" style=\"color:#fff\" rel=\"nofollow noopener\">vous abonner<\/a>\u00a0\u00a0!<\/p>\n<p>\t\tEn renseignant votre adresse, vous acceptez nos <a href=\"https:\/\/www.mediacites.fr\/conditions-generales-d-utilisation\/\" target=\"_blank\" rel=\"nofollow noopener\">conditions g\u00e9n\u00e9rales d\u2019utilisation<\/a>. <br \/>Mediacit\u00e9s s\u2019engage \u00e0 ne pas c\u00e9der votre adresse \u00e0 des tiers. En cas d\u2019\u00e9chec, \u00e9crivez \u00e0 <a href=\"https:\/\/www.mediacites.fr\/serie-dete\/lille\/2026\/07\/30\/trente-ans-de-retournements-de-situation-de-drames-et-de-souffrance-collective-a-marquette-la-delicate-renaissance-des-grands-moulins-de-paris\/mailto:contact@mediacites.fr\" rel=\"nofollow noopener\" target=\"_blank\">contact@mediacites.fr<\/a><\/p>\n<ul>\n<li>J\u2019acc\u00e8de aux 4 \u00e9ditions de Mediacit\u00e9s (Lille, Lyon, Nantes et Toulouse)<\/li>\n<li>Je d\u00e9couvre un m\u00e9dia 100 % ind\u00e9pendant, avec 0 % de publicit\u00e9<\/li>\n<\/ul>\n<p>\tD\u00e9couvrez aussi <strong>nos derni\u00e8res enqu\u00eates<\/strong><\/p>\n","protected":false},"excerpt":{"rendered":"[S\u00e9rie 3\/6 &#8211; Friches industrielles : la ru\u00e9e vers l\u2019or foncier de la MEL] Fiert\u00e9 de Marquette-lez-Lille pendant&hellip;\n","protected":false},"author":2,"featured_media":1097510,"comment_status":"","ping_status":"","sticky":false,"template":"","format":"standard","meta":{"footnotes":"","_share_on_mastodon":"0"},"categories":[2815],"tags":[1111,11,1777,674,1011,27,14694,113033,811,1307,113034,12,25,41407],"class_list":["post-1097509","post","type-post","status-publish","format-standard","has-post-thumbnail","category-lille","tag-actu","tag-actualites","tag-eu","tag-europe","tag-fr","tag-france","tag-friches","tag-grands-moulins-de-paris","tag-hauts-de-france","tag-lille","tag-marquette","tag-news","tag-republique-francaise","tag-serie-dete"],"share_on_mastodon":{"url":"https:\/\/pubeurope.com\/@fr\/117010313494067912","error":""},"_links":{"self":[{"href":"https:\/\/www.europesays.com\/fr\/wp-json\/wp\/v2\/posts\/1097509","targetHints":{"allow":["GET"]}}],"collection":[{"href":"https:\/\/www.europesays.com\/fr\/wp-json\/wp\/v2\/posts"}],"about":[{"href":"https:\/\/www.europesays.com\/fr\/wp-json\/wp\/v2\/types\/post"}],"author":[{"embeddable":true,"href":"https:\/\/www.europesays.com\/fr\/wp-json\/wp\/v2\/users\/2"}],"replies":[{"embeddable":true,"href":"https:\/\/www.europesays.com\/fr\/wp-json\/wp\/v2\/comments?post=1097509"}],"version-history":[{"count":0,"href":"https:\/\/www.europesays.com\/fr\/wp-json\/wp\/v2\/posts\/1097509\/revisions"}],"wp:featuredmedia":[{"embeddable":true,"href":"https:\/\/www.europesays.com\/fr\/wp-json\/wp\/v2\/media\/1097510"}],"wp:attachment":[{"href":"https:\/\/www.europesays.com\/fr\/wp-json\/wp\/v2\/media?parent=1097509"}],"wp:term":[{"taxonomy":"category","embeddable":true,"href":"https:\/\/www.europesays.com\/fr\/wp-json\/wp\/v2\/categories?post=1097509"},{"taxonomy":"post_tag","embeddable":true,"href":"https:\/\/www.europesays.com\/fr\/wp-json\/wp\/v2\/tags?post=1097509"}],"curies":[{"name":"wp","href":"https:\/\/api.w.org\/{rel}","templated":true}]}}