{"id":109758,"date":"2025-05-18T16:49:12","date_gmt":"2025-05-18T16:49:12","guid":{"rendered":"https:\/\/www.europesays.com\/fr\/109758\/"},"modified":"2025-05-18T16:49:12","modified_gmt":"2025-05-18T16:49:12","slug":"ca-va-pas-tu-veux-quon-arrete-anne-elisabeth-lemoine-enchaine-les-bourdes-dans-c-a-vous-ramzy-bedia-se-moque","status":"publish","type":"post","link":"https:\/\/www.europesays.com\/fr\/109758\/","title":{"rendered":"\u00ab\u00a0\u00c7a va pas, tu veux qu&rsquo;on arr\u00eate ?\u00a0\u00bb Anne-Elisabeth Lemoine encha\u00eene les bourdes dans C \u00e0 vous, Ramzy B\u00e9dia se moque"},"content":{"rendered":"<p>Festival de Cannes oblige, Anne-\u00c9lisabeth Lemoine \u00e9tait exceptionnellement aux commandes de C \u00e0 vous un samedi, ce 17 mai. Les invit\u00e9s ont d\u00e9fil\u00e9 sur le pateau install\u00e9 sur la Croisette et l&rsquo;animatrice s&rsquo;est m\u00e9lang\u00e9 les pinceaux, confondant notamment Sami Outalbali et Ramzy Bedia. <\/p>\n<p>Petit moment de g\u00eane pour Anne-\u00c9lisabeth Lemoine\u2026 Lorsqu\u2019elle est aux commandes de C \u00e0 Vous, l\u2019animatrice fait souvent <a href=\"https:\/\/www.programme-tv.net\/news\/tv\/309871-pile-la-question-quil-ne-fallait-pas-poser-anne-elisabeth-lemoine-enchaine-les-bourdes-dans-c-a-vous-petits-malaises-en-plateau-video\/\" data-api-deeplink=\"teleloisirs:\/\/news\/309871\" target=\"_blank\" rel=\"noopener\">quelques petites bourdes \u00e0 l\u2019antenne<\/a>. Des petites erreurs qu\u2019elle assume pleinement et <a href=\"https:\/\/www.programme-tv.net\/news\/tv\/295198-je-suis-la-premiere-a-accepter-quon-se-moque-de-moi-anne-elisabeth-lemoine-revient-sur-ses-bourdes-a-repetition-a-lantenne\/\" data-api-deeplink=\"teleloisirs:\/\/news\/295198\" target=\"_blank\" rel=\"noopener\">qu\u2019elle prend toujours avec humour<\/a>. Ce samedi 17\u00a0mai, l&rsquo;animatrice \u00e9tait aux commandes d&rsquo;un num\u00e9ro sp\u00e9cial de C \u00e0 vous en direct du Festival de Cannes 2025 et les stars ont d\u00e9fil\u00e9 sur son plateau, la for\u00e7ant \u00e0 jongler entre ses fiches, et \u00e0 se tromper parfois. Elle a ainsi confondu l\u2019acteur fran\u00e7ais Sami Outalbali et le com\u00e9dien Ramzy Bedia. Et le moins que l\u2019on puisse dire, c\u2019est que <a href=\"https:\/\/www.programme-tv.net\/news\/people\/364319-un-mec-est-sorti-avec-moi-parce-que-j-etais-sa-soeur-melha-bedia-raconte-avoir-souffert-de-la-notoriete-de-son-frere-ramzy-bedia-dans-sa-vie-sentimentale\/\" data-api-deeplink=\"teleloisirs:\/\/news\/364319\" target=\"_blank\" rel=\"noopener\">le fr\u00e8re de Melha Bedia<\/a> n\u2019avait clairement pas l\u2019intention de l\u2019aider. Bien au contraire, face \u00e0 l\u2019embarras de l\u2019animatrice, <a href=\"https:\/\/www.programme-tv.net\/news\/tv\/356574-comedy-class-avec-eric-judor-et-ramzy-bedia-revient-pour-une-saison-2-sur-prime-video\/\" data-api-deeplink=\"teleloisirs:\/\/news\/356574\" target=\"_blank\" rel=\"noopener\">le bin\u00f4me d&rsquo;Eric Judor<\/a> s&rsquo;est fait un malin plaisir d&rsquo;en rajouter une couche.<\/p>\n<p>Ramzy Bedia taquine Anne-\u00c9lisabeth Lemoine dans C \u00e0 vous\u00a0: \u00ab\u00a0Tu veux qu\u2019on arr\u00eate\u00a0?\u00a0\u00bb<\/p>\n<p>En effet, durant l\u2019\u00e9mission, Anne-\u00c9lisabeth Lemoine a rappel\u00e9 \u00e0 Sami Outalbali qu\u2019un soir, il aurait crois\u00e9 et discut\u00e9 avec le r\u00e9alisateur Quentin Tarantino. Face \u00e0 l&rsquo;incompr\u00e9hension de son invit\u00e9, l\u2019animatrice s\u2019est vite corrig\u00e9e. \u00ab\u00a0Ah non, c\u2019est Ramzy\u00a0! Merde\u00a0!\u00a0\u00bb, s&rsquo;est-elle exclam\u00e9e. Une confusion qui a beaucoup amus\u00e9 les autres invit\u00e9s et que Ramzy Bedia n\u2019a pas laiss\u00e9 passer. \u00ab\u00a0\u00c7a va Babeth\u00a0? \u00c7a va pas\u00a0?\u00a0\u00bb, a-t-il alors demand\u00e9, taquin. Avant de poursuivre, avec humour\u00a0: \u00ab\u00a0Tu veux qu\u2019on arr\u00eate\u00a0?\u00a0\u00bb \u00ab\u00a0Non, \u00e7a ne va pas [&#8230;] J\u2019ai du mal \u00e0 r\u00e9fl\u00e9chir, j\u2019ai le cerveau congel\u00e9\u00a0\u00bb, a alors confi\u00e9 l&rsquo;int\u00e9ress\u00e9e, l\u00e9g\u00e8rement embarrass\u00e9e. Le com\u00e9dien a alors rench\u00e9ri : \u00ab\u00a0On le voit. \u00c7a, on le voit\u00a0!\u00a0\u00bb<\/p>\n<p>                        Mais au fait, quand est-ce que Ramzy Bedia a crois\u00e9 Quentin Tarantino\u00a0?<\/p>\n<p>Lors du Festival de Cannes, en 2023, Ramzy Bedia (alors membre du jury des films courts #TikTokShortFilm) s\u2019\u00e9tait entretenu avec le <a href=\"https:\/\/www.nouvelobs.com\/videos\/x8l9tx2.DMT\/a-cannes-ramzy-raconte-son-moment-privilegie-avec-quentin-tarantino.html\" target=\"_blank\" rel=\"noopener\">Nouvel Obs<\/a> et avait racont\u00e9 le jour o\u00f9, sans le savoir, il avait \u00e9chang\u00e9 avec Quentin Tarantino. \u00ab\u00a0Un soir, il y a 15 ou 20 ans, j\u2019ai crois\u00e9 Quentin Tarantino [&#8230;] \u00e0 l\u2019entr\u00e9e du Carlton\u00a0\u00bb, avait-il ainsi r\u00e9v\u00e9l\u00e9. Une discussion qui aurait dur\u00e9 pr\u00e8s d\u2019une bonne vingtaine de minutes et qui a v\u00e9ritablement beaucoup marqu\u00e9 le com\u00e9dien. \u00ab\u00a0Je me rappellerai toujours de ce moment et de la sympathie de ce gars\u00a0\u00bb, avait-il ajout\u00e9. Mais comme il \u00ab\u00a0sortait de bo\u00eete de nuit\u00a0\u00bb, l\u2019acolyte d\u2019\u00c9ric Judor ne se souvenait plus exactement de cette conversation\u2026<\/p>\n<p>Article \u00e9crit en collaboration avec 6M\u00e9dias.<\/p>\n","protected":false},"excerpt":{"rendered":"Festival de Cannes oblige, Anne-\u00c9lisabeth Lemoine \u00e9tait exceptionnellement aux commandes de C \u00e0 vous un samedi, ce 17&hellip;\n","protected":false},"author":2,"featured_media":109759,"comment_status":"","ping_status":"","sticky":false,"template":"","format":"standard","meta":{"footnotes":""},"categories":[1359],"tags":[5631,22804,4470,244,58,59,1011,27,973,22805,1630],"class_list":{"0":"post-109758","1":"post","2":"type-post","3":"status-publish","4":"format-standard","5":"has-post-thumbnail","7":"category-people","8":"tag-anne-elisabeth-lemoine","9":"tag-bourde","10":"tag-c-u00e0-vous","11":"tag-commentaire","12":"tag-divertissement","13":"tag-entertainment","14":"tag-fr","15":"tag-france","16":"tag-people","17":"tag-ramzy-bu00e9dia","18":"tag-zapping"},"share_on_mastodon":{"url":"https:\/\/pubeurope.com\/@fr\/114529865738332493","error":""},"_links":{"self":[{"href":"https:\/\/www.europesays.com\/fr\/wp-json\/wp\/v2\/posts\/109758","targetHints":{"allow":["GET"]}}],"collection":[{"href":"https:\/\/www.europesays.com\/fr\/wp-json\/wp\/v2\/posts"}],"about":[{"href":"https:\/\/www.europesays.com\/fr\/wp-json\/wp\/v2\/types\/post"}],"author":[{"embeddable":true,"href":"https:\/\/www.europesays.com\/fr\/wp-json\/wp\/v2\/users\/2"}],"replies":[{"embeddable":true,"href":"https:\/\/www.europesays.com\/fr\/wp-json\/wp\/v2\/comments?post=109758"}],"version-history":[{"count":0,"href":"https:\/\/www.europesays.com\/fr\/wp-json\/wp\/v2\/posts\/109758\/revisions"}],"wp:featuredmedia":[{"embeddable":true,"href":"https:\/\/www.europesays.com\/fr\/wp-json\/wp\/v2\/media\/109759"}],"wp:attachment":[{"href":"https:\/\/www.europesays.com\/fr\/wp-json\/wp\/v2\/media?parent=109758"}],"wp:term":[{"taxonomy":"category","embeddable":true,"href":"https:\/\/www.europesays.com\/fr\/wp-json\/wp\/v2\/categories?post=109758"},{"taxonomy":"post_tag","embeddable":true,"href":"https:\/\/www.europesays.com\/fr\/wp-json\/wp\/v2\/tags?post=109758"}],"curies":[{"name":"wp","href":"https:\/\/api.w.org\/{rel}","templated":true}]}}