{"id":109762,"date":"2025-05-18T16:51:14","date_gmt":"2025-05-18T16:51:14","guid":{"rendered":"https:\/\/www.europesays.com\/fr\/109762\/"},"modified":"2025-05-18T16:51:14","modified_gmt":"2025-05-18T16:51:14","slug":"bourg-en-bresse-l-ancien-policier-christophe-gavat-livre-son-heritage-aux-amis-du-francais","status":"publish","type":"post","link":"https:\/\/www.europesays.com\/fr\/109762\/","title":{"rendered":"Bourg-en-Bresse. L \u2019ancien policier Christophe Gavat livre son H\u00e9ritage aux Amis du Fran\u00e7ais"},"content":{"rendered":"<p>Apr\u00e8s cinq pr\u00e9c\u00e9dents romans dont Cap Canaille , qui a obtenu le prix du Quai des Orf\u00e8vres en 2021 et s\u2019est vendu \u00e0 plus de 145\u00a0000 exemplaires, Christophe Gavat, auteur de polars et ancien patron de la Brigade de r\u00e9pression du banditisme (BRB) de la police judiciaire de Marseille (Bouches-du-Rh\u00f4ne) est venu, jeudi 15\u00a0mai, rencontrer les\u00a0\u00a0Amis du Fran\u00e7ais.<\/p>\n<p>Il a pr\u00e9sent\u00e9 son dernier roman, H\u00e9ritage , sorti en avril aux \u00c9ditions Fayard. Sur son parcours d\u2019\u00e9crivain, l\u2019auteur a expliqu\u00e9 qu\u2019il a toujours aim\u00e9 \u00e9crire&#8230;<\/p>\n","protected":false},"excerpt":{"rendered":"Apr\u00e8s cinq pr\u00e9c\u00e9dents romans dont Cap Canaille , qui a obtenu le prix du Quai des Orf\u00e8vres en&hellip;\n","protected":false},"author":2,"featured_media":109763,"comment_status":"","ping_status":"","sticky":false,"template":"","format":"standard","meta":{"footnotes":""},"categories":[1357],"tags":[1379,6749,6750,58,6751,59,1011,27,1380,104,1631],"class_list":{"0":"post-109762","1":"post","2":"type-post","3":"status-publish","4":"format-standard","5":"has-post-thumbnail","7":"category-livres","8":"tag-books","9":"tag-bourg-en-bresse","10":"tag-bourg-en-bresse-ville","11":"tag-divertissement","12":"tag-edition-ain-ouest","13":"tag-entertainment","14":"tag-fr","15":"tag-france","16":"tag-livres","17":"tag-societe","18":"tag-vie-associative"},"share_on_mastodon":{"url":"https:\/\/pubeurope.com\/@fr\/114529873685131316","error":""},"_links":{"self":[{"href":"https:\/\/www.europesays.com\/fr\/wp-json\/wp\/v2\/posts\/109762","targetHints":{"allow":["GET"]}}],"collection":[{"href":"https:\/\/www.europesays.com\/fr\/wp-json\/wp\/v2\/posts"}],"about":[{"href":"https:\/\/www.europesays.com\/fr\/wp-json\/wp\/v2\/types\/post"}],"author":[{"embeddable":true,"href":"https:\/\/www.europesays.com\/fr\/wp-json\/wp\/v2\/users\/2"}],"replies":[{"embeddable":true,"href":"https:\/\/www.europesays.com\/fr\/wp-json\/wp\/v2\/comments?post=109762"}],"version-history":[{"count":0,"href":"https:\/\/www.europesays.com\/fr\/wp-json\/wp\/v2\/posts\/109762\/revisions"}],"wp:featuredmedia":[{"embeddable":true,"href":"https:\/\/www.europesays.com\/fr\/wp-json\/wp\/v2\/media\/109763"}],"wp:attachment":[{"href":"https:\/\/www.europesays.com\/fr\/wp-json\/wp\/v2\/media?parent=109762"}],"wp:term":[{"taxonomy":"category","embeddable":true,"href":"https:\/\/www.europesays.com\/fr\/wp-json\/wp\/v2\/categories?post=109762"},{"taxonomy":"post_tag","embeddable":true,"href":"https:\/\/www.europesays.com\/fr\/wp-json\/wp\/v2\/tags?post=109762"}],"curies":[{"name":"wp","href":"https:\/\/api.w.org\/{rel}","templated":true}]}}