{"id":109764,"date":"2025-05-18T16:52:14","date_gmt":"2025-05-18T16:52:14","guid":{"rendered":"https:\/\/www.europesays.com\/fr\/109764\/"},"modified":"2025-05-18T16:52:14","modified_gmt":"2025-05-18T16:52:14","slug":"bayrou-a-t-il-convaincu-sur-betharram-le-verdict-du-premier-sondage-apres-son-audition","status":"publish","type":"post","link":"https:\/\/www.europesays.com\/fr\/109764\/","title":{"rendered":"Bayrou a-t-il convaincu sur B\u00e9tharram\u00a0? Le verdict du premier sondage apr\u00e8s son audition"},"content":{"rendered":"<p>        <img decoding=\"async\" loading=\"lazy\" src=\"https:\/\/www.europesays.com\/fr\/wp-content\/uploads\/2025\/05\/9a7b05c_sirius-fs-upload-1-3eumfl9oeil6-1747254496258-000-46nu8pd.jpg\"  width=\"728\" height=\"410\" alt=\"Bayrou a-t-il convaincu sur B\u00e9tharram\u00a0? Le verdict du premier sondage apr\u00e8s son audition\"\/>  <\/p>\n<p>ALAIN JOCARD \/ AFP<\/p>\n<p>Bayrou a-t-il convaincu sur B\u00e9tharram\u00a0? Le verdict du premier sondage apr\u00e8s son audition<\/p>\n<p class=\"asset asset-text\">POLITIQUE &#8211;\u00a0\u00c9chec aux points\u00a0? Le Premier ministre <a href=\"https:\/\/www.huffingtonpost.fr\/life\/article\/quoi-qu-en-dise-francois-bayrou-ni-les-gifles-ni-les-tapes-ne-peuvent-etre-educatives-clx1_250049.html\" rel=\"nofollow noopener\" target=\"_blank\">Fran\u00e7ois Bayrou,<\/a> d\u00e9j\u00e0 englu\u00e9 dans une impopularit\u00e9 record, n\u2019a manifestement pas convaincu l\u2019opinion lors de son audition \u00e0 l\u2019Assembl\u00e9e nationale sur <a href=\"https:\/\/www.huffingtonpost.fr\/politique\/video\/affaire-betharram-l-audition-de-bayrou-tourne-au-bazar-entre-mises-en-cause-video-et-bug-technique_250029.html\" rel=\"nofollow noopener\" target=\"_blank\">l\u2019affaire B\u00e9tharram<\/a>. C\u2019est en tout cas l\u2019enseignement d\u2019un sondage r\u00e9alis\u00e9 apr\u00e8s le <a href=\"https:\/\/www.huffingtonpost.fr\/politique\/article\/francois-bayrou-a-muscle-sa-defense-sur-betharram-mais-sans-faire-oublier-ses-contradictions_250034.html\" rel=\"nofollow noopener\" target=\"_blank\">passage du Premier ministre sur le gril de la commission d\u2019enqu\u00eate<\/a> et publi\u00e9 ce dimanche 18\u00a0mai.<\/p>\n<p class=\"asset asset-text\">Dans le barom\u00e8tre r\u00e9alis\u00e9 par Ipsos pour <a href=\"https:\/\/www.latribune.fr\/la-tribune-dimanche\/politique\/barometre-exclusif-macron-reste-stable-bayrou-devisse-1025290.html\" target=\"_blank\" rel=\"noopener nofollow\" title=\"Nouvelle fen\u00eatre\">La Tribune dimanche<\/a>, entre mercredi et vendredi, l\u2019action du Premier ministre enregistre 20\u00a0% d\u2019opinions favorables, contre 24\u00a0% au mois d\u2019avril.\u00a0Un nouveau gadin, donc, difficile de ne pas lier au passage \u2013 tr\u00e8s tendu \u2013 de Fran\u00e7ois Bayrou \u00e0 l\u2019Assembl\u00e9e, et ses explications difficiles pendant 5\u00a0heures.<\/p>\n<p class=\"asset asset-text\">\u00ab\u00a0\u00c0 l\u2019\u00e9vidence, l\u2019affaire B\u00e9tharram joue, ne serait-ce que parce qu\u2019il est oblig\u00e9 de se justifier alors que les Fran\u00e7ais attendent de lui qu\u2019il soit totalement focalis\u00e9 sur leurs probl\u00e8mes\u00a0\u00bb, explique ainsi Brice Teinturier, le directeur g\u00e9n\u00e9ral de l\u2019Ipsos, dans les colonnes de l\u2019hebdomadaire, en \u00e9voquant une pente \u00ab\u00a0extr\u00eamement rapide et violente\u00a0\u00bb pour le chef du gouvernement.<\/p>\n<p>    <strong>Tondelier r\u00e9clame sa d\u00e9mission<\/strong>    <\/p>\n<p class=\"asset asset-text\">Fran\u00e7ois Bayrou est ressorti presque indemne politiquement de son audition sur\u00a0B\u00e9tharram, o\u00f9 il a jou\u00e9 l\u2019affrontement. Si son ton agressif a surpris l\u2019auditoire et les commentateurs, Fran\u00e7ois Bayrou a sembl\u00e9 \u00e9carter le risque de \u00ab\u00a0parjure\u00a0\u00bb, en m\u00eame temps que d\u2019une censure puisque le Rassemblement national est apparu en soutien de sa parole devant les d\u00e9put\u00e9s.<\/p>\n<p class=\"asset asset-text\">En se perdant dans les d\u00e9tails, Fran\u00e7ois Bayrou a \u00e9galement entretenu la confusion, limitant l\u2019impact n\u00e9gatif de sa prestation pr\u00e9sent\u00e9e comme d\u00e9terminante pour son avenir \u00e0 Matignon. En revanche, son discours n\u2019a pas \u00e9t\u00e9 de nature \u00e0 renverser la tendance aupr\u00e8s de l\u2019opinion, comme le montrent les sondages publi\u00e9s ce dimanche. En plus des donn\u00e9es \u00e9loquentes de La Tribune, le Journal du Dimanche \u00e9voque \u00e9galement une baisse de 2\u00a0points d\u2019opinions favorables.<\/p>\n<p class=\"asset asset-text\">Il faut dire que les Fran\u00e7ais avaient d\u00e9j\u00e0 un avis bien tranch\u00e9 sur cette affaire qui occupe le d\u00e9bat m\u00e9diatique depuis plusieurs mois. Selon une <a href=\"http:\/\/huffingtonpost.fr\/politique\/article\/sur-l-affaire-betharram-et-francois-bayrou-les-francais-ont-un-avis-bien-tranche-exclusif_249821.html\" target=\"_blank\" rel=\"noopener nofollow\" title=\"Nouvelle fen\u00eatre\">\u00e9tude r\u00e9alis\u00e9e par YouGov pour Le HuffPost<\/a> au d\u00e9but du mois de mai, avant l\u2019audition donc, 83\u00a0% des Fran\u00e7ais avaient entendu parler de B\u00e9tharram. 62\u00a0% estimaient le Premier ministre \u00ab\u00a0fragilis\u00e9\u00a0\u00bb, avant m\u00eame son audition, et 7\u00a0Fran\u00e7ais sur 10\u00a0pr\u00f4naient sa d\u00e9mission s\u2019il \u00e9tait \u00e9tabli qu\u2019il savait pour les violences commises dans l\u2019\u00e9tablissement catholique du B\u00e9arn.<\/p>\n<p class=\"asset asset-text\">Une critique qui reprend un peu de vigueur dans le spectre politique, surtout \u00e0 gauche, o\u00f9 plusieurs \u00e9lus r\u00e9clament le d\u00e9part du Premier ministre apr\u00e8s ses explications, parfois alambiqu\u00e9es, \u00e0 l\u2019Assembl\u00e9e nationale. \u00ab\u00a0L\u2019audition \u00e9tait nulle et non avenue, il devrait d\u00e9missionner pour \u00e7a. Il devrait le faire de lui-m\u00eame\u00a0\u00bb, a encore souffl\u00e9 Marine Tondelier, la patronne des \u00e9cologistes, ce dimanche sur BFMTV.<\/p>\n<p class=\"asset asset-text\"><strong>\u00c0 voir \u00e9galement sur Le HuffPost\u00a0:<\/strong><\/p>\n<p> La lecture de ce contenu est susceptible d\u2019entra\u00eener un d\u00e9p\u00f4t de cookies de la part de l\u2019op\u00e9rateur tiers qui l\u2019h\u00e9berge. Compte-tenu des choix que vous avez exprim\u00e9s en mati\u00e8re de d\u00e9p\u00f4t de cookies, nous avons bloqu\u00e9 l\u2019affichage de ce contenu. Si vous souhaitez y acc\u00e9der, vous devez accepter la cat\u00e9gorie de cookies \u201cContenus tiers\u201d en cliquant sur le bouton ci-dessous. <\/p>\n<p> Lire la Vid\u00e9o                <\/p>\n","protected":false},"excerpt":{"rendered":"ALAIN JOCARD \/ AFP Bayrou a-t-il convaincu sur B\u00e9tharram\u00a0? Le verdict du premier sondage apr\u00e8s son audition POLITIQUE&hellip;\n","protected":false},"author":2,"featured_media":109765,"comment_status":"","ping_status":"","sticky":false,"template":"","format":"standard","meta":{"footnotes":""},"categories":[1356],"tags":[7765,416,58,59,1011,27,431,316,13947,252,1364],"class_list":{"0":"post-109764","1":"post","2":"type-post","3":"status-publish","4":"format-standard","5":"has-post-thumbnail","7":"category-television","8":"tag-affaire-betharram","9":"tag-assemblee-nationale","10":"tag-divertissement","11":"tag-entertainment","12":"tag-fr","13":"tag-france","14":"tag-francois-bayrou","15":"tag-politique","16":"tag-sondage","17":"tag-television","18":"tag-tv"},"share_on_mastodon":{"url":"https:\/\/pubeurope.com\/@fr\/114529877835726501","error":""},"_links":{"self":[{"href":"https:\/\/www.europesays.com\/fr\/wp-json\/wp\/v2\/posts\/109764","targetHints":{"allow":["GET"]}}],"collection":[{"href":"https:\/\/www.europesays.com\/fr\/wp-json\/wp\/v2\/posts"}],"about":[{"href":"https:\/\/www.europesays.com\/fr\/wp-json\/wp\/v2\/types\/post"}],"author":[{"embeddable":true,"href":"https:\/\/www.europesays.com\/fr\/wp-json\/wp\/v2\/users\/2"}],"replies":[{"embeddable":true,"href":"https:\/\/www.europesays.com\/fr\/wp-json\/wp\/v2\/comments?post=109764"}],"version-history":[{"count":0,"href":"https:\/\/www.europesays.com\/fr\/wp-json\/wp\/v2\/posts\/109764\/revisions"}],"wp:featuredmedia":[{"embeddable":true,"href":"https:\/\/www.europesays.com\/fr\/wp-json\/wp\/v2\/media\/109765"}],"wp:attachment":[{"href":"https:\/\/www.europesays.com\/fr\/wp-json\/wp\/v2\/media?parent=109764"}],"wp:term":[{"taxonomy":"category","embeddable":true,"href":"https:\/\/www.europesays.com\/fr\/wp-json\/wp\/v2\/categories?post=109764"},{"taxonomy":"post_tag","embeddable":true,"href":"https:\/\/www.europesays.com\/fr\/wp-json\/wp\/v2\/tags?post=109764"}],"curies":[{"name":"wp","href":"https:\/\/api.w.org\/{rel}","templated":true}]}}