{"id":109766,"date":"2025-05-18T16:53:11","date_gmt":"2025-05-18T16:53:11","guid":{"rendered":"https:\/\/www.europesays.com\/fr\/109766\/"},"modified":"2025-05-18T16:53:11","modified_gmt":"2025-05-18T16:53:11","slug":"elton-john-trahi-a-78-ans-le-chanteur-part-en-guerre-contre-le-gouvernement-britannique","status":"publish","type":"post","link":"https:\/\/www.europesays.com\/fr\/109766\/","title":{"rendered":"Elton John \u00ab\u00a0trahi\u00a0\u00bb : \u00e0 78 ans, le chanteur part en guerre contre le gouvernement britannique"},"content":{"rendered":"<p>La nouvelle loi adopt\u00e9e par les Lords de la Chambre haute du parlement britannique fait bondir Elton John. Dans un communiqu\u00e9, <a href=\"https:\/\/www.public.fr\/elton-john-urine-au-beau-milieu-dun-magasin-a-nice-et-en-met-partout-le-gerant-choque-donne-tous-les-details\" target=\"_blank\" rel=\"noopener\">le proche de la famille royale<\/a> <strong>se dit \u00ab\u00a0incroyablement trahi\u00a0\u00bb<\/strong> par le gouvernement britannique apr\u00e8s que ce dernier a adopt\u00e9 un projet de loi assouplissant les droits d&rsquo;auteur <strong>au profit d&rsquo;entreprises d&rsquo;intelligence artificielle<\/strong>.<\/p>\n<p>Ce lundi 12 mai dernier, le Parlement britannique a amend\u00e9 un texte port\u00e9 par <strong>Keir Starmer<\/strong> afin de mieux prot\u00e9ger les artistes. Probl\u00e8me : les d\u00e9put\u00e9s ont vot\u00e9 contre les modifications qui auraient pu \u00eatre apport\u00e9es \u00e0 cette nouvelle loi. Aupr\u00e8s de la BBC, Elton John fait part de sa stup\u00e9faction, et estime que <strong>cette nouvelle loi est \u00ab\u00a0criminelle\u00a0\u00bb et vise \u00e0 tuer les artistes<\/strong>.<\/p>\n<p>Elton John se dit pr\u00eat \u00e0 attaquer en justice le gouvernement<\/p>\n<p>Elton John accuse d\u00e9sormais les travaillistes, qu&rsquo;il avait soutenus lors de l&rsquo;\u00e9lection de juillet dernier, de vouloir<strong> \u00ab\u00a0spolier les jeunes artistes de leur h\u00e9ritage ainsi que de leurs revenus\u00a0\u00bb<\/strong>.<strong> \u00ab\u00a0Ce sont des losers absolus, je suis furieux\u00a0\u00bb<\/strong> a tanc\u00e9 le chanteur de Candle in the wind. Elton John a fait savoir qu&rsquo;il se battrait \u00ab\u00a0jusqu&rsquo;au bout\u00a0\u00bb contre \u00ab\u00a0ce vol \u00e0 grande \u00e9chelle\u00a0\u00bb, et qu&rsquo;il \u00e9tait pr\u00eat \u00e0 saisir la justice.<\/p>\n<p>Ce projet pol\u00e9mique, que conteste le chanteur avec vigueur, vise \u00e0 appliquer une exception au droit d&rsquo;auteur des artistes du Royaume-Uni. Les entreprises d&rsquo;intelligence artificielle pourront <strong>se passer du consentement des auteurs, et n&rsquo;auront plus besoin de les r\u00e9mun\u00e9rer<\/strong>, pour utiliser leurs contenus \u00e0 des fins commerciales. Outre Elton John, de nombreuses autres stars se sont aussi oppos\u00e9es \u00e0 cette loi, comme <a href=\"https:\/\/www.public.fr\/stephane-bern-annonce-paul-mccartney-a-la-reouverture-de-notre-dame-de-paris-lentourage-du-chanteur-crie-au-mensonge\" target=\"_blank\" rel=\"noopener\">Paul McCartney<\/a>, Coldplay et <a href=\"https:\/\/vsd.fr\/80610-indila-sinvite-au-concert-de-dua-lipa\/\" target=\"_blank\" rel=\"noopener\">Dua Lipa<\/a>. <\/p>\n<p>      Mentionn\u00e9s dans cet article<\/p>\n<p>\u00c0 lire aussi<\/p>\n","protected":false},"excerpt":{"rendered":"La nouvelle loi adopt\u00e9e par les Lords de la Chambre haute du parlement britannique fait bondir Elton John.&hellip;\n","protected":false},"author":2,"featured_media":109767,"comment_status":"","ping_status":"","sticky":false,"template":"","format":"standard","meta":{"footnotes":""},"categories":[1355],"tags":[58,3509,59,1011,27,418,1361,873,473],"class_list":{"0":"post-109766","1":"post","2":"type-post","3":"status-publish","4":"format-standard","5":"has-post-thumbnail","7":"category-musique","8":"tag-divertissement","9":"tag-elton-john","10":"tag-entertainment","11":"tag-fr","12":"tag-france","13":"tag-gouvernement","14":"tag-music","15":"tag-musique","16":"tag-royaume-uni"},"share_on_mastodon":{"url":"https:\/\/pubeurope.com\/@fr\/114529881615758688","error":""},"_links":{"self":[{"href":"https:\/\/www.europesays.com\/fr\/wp-json\/wp\/v2\/posts\/109766","targetHints":{"allow":["GET"]}}],"collection":[{"href":"https:\/\/www.europesays.com\/fr\/wp-json\/wp\/v2\/posts"}],"about":[{"href":"https:\/\/www.europesays.com\/fr\/wp-json\/wp\/v2\/types\/post"}],"author":[{"embeddable":true,"href":"https:\/\/www.europesays.com\/fr\/wp-json\/wp\/v2\/users\/2"}],"replies":[{"embeddable":true,"href":"https:\/\/www.europesays.com\/fr\/wp-json\/wp\/v2\/comments?post=109766"}],"version-history":[{"count":0,"href":"https:\/\/www.europesays.com\/fr\/wp-json\/wp\/v2\/posts\/109766\/revisions"}],"wp:featuredmedia":[{"embeddable":true,"href":"https:\/\/www.europesays.com\/fr\/wp-json\/wp\/v2\/media\/109767"}],"wp:attachment":[{"href":"https:\/\/www.europesays.com\/fr\/wp-json\/wp\/v2\/media?parent=109766"}],"wp:term":[{"taxonomy":"category","embeddable":true,"href":"https:\/\/www.europesays.com\/fr\/wp-json\/wp\/v2\/categories?post=109766"},{"taxonomy":"post_tag","embeddable":true,"href":"https:\/\/www.europesays.com\/fr\/wp-json\/wp\/v2\/tags?post=109766"}],"curies":[{"name":"wp","href":"https:\/\/api.w.org\/{rel}","templated":true}]}}