{"id":109778,"date":"2025-05-18T17:00:08","date_gmt":"2025-05-18T17:00:08","guid":{"rendered":"https:\/\/www.europesays.com\/fr\/109778\/"},"modified":"2025-05-18T17:00:08","modified_gmt":"2025-05-18T17:00:08","slug":"le-fondateur-de-telegram-accuse-la-france-dingerence-le-quai-dorsay-dement","status":"publish","type":"post","link":"https:\/\/www.europesays.com\/fr\/109778\/","title":{"rendered":"le fondateur de Telegram accuse la France d\u2019ing\u00e9rence, le Quai d\u2019Orsay d\u00e9ment"},"content":{"rendered":"<p>De son c\u00f4t\u00e9, le gouvernement roumain a d\u00e9nonc\u00e9 une \u00abcampagne virale de fausses informations\u00bb sur les r\u00e9seaux sociaux, notamment Telegram, visant \u00e0 \u00abinfluencer le processus \u00e9lectoral\u00bb et portant \u00abune nouvelle fois les marques d\u2019une ing\u00e9rence russe\u00bb.<\/p>\n<p class=\"fig-paragraph\">Le fondateur de la\u00a0<a href=\"http:\/\/www.lefigaro.fr\/international\/arrestation-de-pavel-durov-la-messagerie-telegram-prisee-des-ultranationalistes-comme-des-opposants-a-poutine-20240825\" target=\"_blank\" data-fig-type=\"Article\" rel=\"noopener\" data-gtm-custom-categorie=\"navigation\" data-gtm-custom-action=\"crossclick\" data-gtm-custom-label=\"Contextuel\" data-gtm-event=\"customEventSPE\" data-fig-domain=\"LEFIGARO\">messagerie Telegram<\/a>, Pavel Durov, a accus\u00e9 ce dimanche 18 mai &#8211; sans la nommer &#8211; la France d&rsquo;avoir tent\u00e9 de commettre une ing\u00e9rence dans l&rsquo;<a href=\"http:\/\/www.lefigaro.fr\/international\/en-roumanie-les-finalistes-de-la-presidentielle-au-coude-a-coude-20250517\" target=\"_blank\" data-fig-type=\"Article\" rel=\"noopener\" data-gtm-custom-categorie=\"navigation\" data-gtm-custom-action=\"crossclick\" data-gtm-custom-label=\"Contextuel\" data-gtm-event=\"customEventSPE\" data-fig-domain=\"LEFIGARO\">\u00e9lection pr\u00e9sidentielle en Roumanie<\/a>\u00a0en demandant la suppression de certains messages \u00abconservateurs\u00bb, ce que le gouvernement fran\u00e7ais a fermement d\u00e9menti.<\/p>\n<p class=\"fig-paragraph\">Dans un message publi\u00e9 sur cette application, l&rsquo;entrepreneur de 40 ans, Russe naturalis\u00e9 fran\u00e7ais en 2021, met en cause \u00abun gouvernement d&rsquo;Europe de l&rsquo;Ouest\u00bb, dont il dit \u00abdevinez lequel\u00bb en donnant un indice\u00a0: une \u00e9motic\u00f4ne en forme de baguette de pain.<\/p>\n<p>\u00abMan\u0153uvre de diversion\u00bb<\/p>\n<p class=\"fig-paragraph\">Ce gouvernement, d&rsquo;apr\u00e8s lui, \u00aba approch\u00e9 Telegram, nous demandant de r\u00e9duire au silence des voix conservatrices en Roumanie avant l&rsquo;\u00e9lection pr\u00e9sidentielle d&rsquo;aujourd&rsquo;hui\u00bb. \u00abJe m&rsquo;y suis fermement refus\u00e9. Telegram ne restreindra pas les libert\u00e9s des utilisateurs roumains, ni ne bloquera leurs canaux politiques\u00bb, \u00e9crit\u00a0<a href=\"http:\/\/www.lefigaro.fr\/actualite-france\/telegram-coopere-avec-la-justice-depuis-l-arrestation-de-pavel-durov-20240920\" target=\"_blank\" data-fig-type=\"Article\" rel=\"noopener\" data-gtm-custom-categorie=\"navigation\" data-gtm-custom-action=\"crossclick\" data-gtm-custom-label=\"Contextuel\" data-gtm-event=\"customEventSPE\" data-fig-domain=\"LEFIGARO\">Pavel Durov<\/a>, mis en examen en France depuis ao\u00fbt pour une litanie d&rsquo;infractions relevant de la criminalit\u00e9 organis\u00e9e, la justice lui reprochant globalement de ne pas agir contre la diffusion de contenus criminels sur la messagerie.<\/p>\n<p class=\"fig-paragraph\">Dans une r\u00e9action publi\u00e9e sur le r\u00e9seau social X, le minist\u00e8re fran\u00e7ais des Affaires \u00e9trang\u00e8res a d\u00e9nonc\u00e9 des \u00aball\u00e9gations totalement infond\u00e9es\u00bb. \u00abLa France rejette cat\u00e9goriquement ces all\u00e9gations et appelle chacun \u00e0 la responsabilit\u00e9 et au respect de la d\u00e9mocratie roumaine\u00bb, ajoute le Quai d&rsquo;Orsay. \u00abLes r\u00e9centes accusations contre la France ne sont qu&rsquo;une man\u0153uvre de diversion face aux r\u00e9elles menaces d&rsquo;ing\u00e9rences qui visent la Roumanie. La France appelle tous les acteurs politiques roumains \u00e0 la responsabilit\u00e9 et la d\u00e9fense de la d\u00e9mocratie\u00bb, poursuit le minist\u00e8re<\/p>\n<p>La Roumanie d\u00e9nonce \u00ables marques d\u2019une ing\u00e9rence russe\u00bb<\/p>\n<p class=\"fig-paragraph\">Le gouvernement roumain a de son c\u00f4t\u00e9 d\u00e9nonc\u00e9 dimanche une \u00abcampagne virale de fausses informations\u00bb sur les r\u00e9seaux sociaux, notamment Telegram, visant \u00e0 \u00abinfluencer le processus \u00e9lectoral\u00bb et portant \u00abune nouvelle fois les marques d\u2019une ing\u00e9rence russe\u00bb.<\/p>\n<p class=\"fig-paragraph\">Cette d\u00e9claration a \u00e9t\u00e9 post\u00e9e sur X par le porte-parole du minist\u00e8re des Affaires \u00e9trang\u00e8res peu apr\u00e8s le message post\u00e9 par Pavel Durov.<\/p>\n<p>Un admirateur de Donald Trump contre un pro-europ\u00e9en<\/p>\n<p class=\"fig-paragraph\">Les Roumains votent dimanche pour le second tour de la pr\u00e9sidentielle, pour d\u00e9partager un nationaliste admirateur du pr\u00e9sident am\u00e9ricain Donald Trump, qui souhaite mettre fin au soutien \u00e0 l&rsquo;Ukraine dans sa guerre contre la Russie,\u00a0<a href=\"http:\/\/www.lefigaro.fr\/international\/en-roumanie-la-spectaculaire-montee-en-puissance-des-nationalistes-20250504\" target=\"_blank\" data-fig-type=\"Article\" rel=\"noopener\" data-gtm-custom-categorie=\"navigation\" data-gtm-custom-action=\"crossclick\" data-gtm-custom-label=\"Contextuel\" data-gtm-event=\"customEventSPE\" data-fig-domain=\"LEFIGARO\">George Simion<\/a>, et un centriste pro-europ\u00e9en,\u00a0<a href=\"https:\/\/www.lefigaro.fr\/international\/le-mathematicien-a-velo-nicusor-dan-remporte-la-mairie-de-bucarest-20200928\" target=\"_blank\" data-fig-type=\"Article\" rel=\"noopener\" data-gtm-custom-categorie=\"navigation\" data-gtm-custom-action=\"crossclick\" data-gtm-custom-label=\"Contextuel\" data-gtm-event=\"customEventSPE\" data-fig-domain=\"LEFIGARO\">Nicusor Dan<\/a>.<\/p>\n<p class=\"fig-paragraph\">Lors d&rsquo;un premier scrutin, annul\u00e9 par la Cour constitutionnelle roumaine, un candidat d&rsquo;extr\u00eame droite quasi inconnu, Calin Georgescu, avait cr\u00e9\u00e9 la surprise en novembre apr\u00e8s une campagne massive sur TikTok entach\u00e9e de soup\u00e7ons d&rsquo;ing\u00e9rence russe. Ce ex-haut fonctionnaire a depuis \u00e9t\u00e9 inculp\u00e9 et exclu de la nouvelle course, une d\u00e9cision qui a provoqu\u00e9 des manifestations parfois violentes de ses partisans criant au d\u00e9ni de d\u00e9mocratie.<\/p>\n","protected":false},"excerpt":{"rendered":"De son c\u00f4t\u00e9, le gouvernement roumain a d\u00e9nonc\u00e9 une \u00abcampagne virale de fausses informations\u00bb sur les r\u00e9seaux sociaux,&hellip;\n","protected":false},"author":2,"featured_media":109779,"comment_status":"","ping_status":"","sticky":false,"template":"","format":"standard","meta":{"footnotes":""},"categories":[5],"tags":[259,11,260,11984,1011,27,14,261,12,262,4868,22806,28],"class_list":{"0":"post-109778","1":"post","2":"type-post","3":"status-publish","4":"format-standard","5":"has-post-thumbnail","7":"category-international","8":"tag-actualite-internationale","9":"tag-actualites","10":"tag-affaires-etrangeres","11":"tag-election-presidentielle","12":"tag-fr","13":"tag-france","14":"tag-international","15":"tag-ministere-des-affaires-etrangeres","16":"tag-news","17":"tag-politique-etrangere","18":"tag-roumanie","19":"tag-telegram","20":"tag-world"},"share_on_mastodon":{"url":"https:\/\/pubeurope.com\/@fr\/114529909098584608","error":""},"_links":{"self":[{"href":"https:\/\/www.europesays.com\/fr\/wp-json\/wp\/v2\/posts\/109778","targetHints":{"allow":["GET"]}}],"collection":[{"href":"https:\/\/www.europesays.com\/fr\/wp-json\/wp\/v2\/posts"}],"about":[{"href":"https:\/\/www.europesays.com\/fr\/wp-json\/wp\/v2\/types\/post"}],"author":[{"embeddable":true,"href":"https:\/\/www.europesays.com\/fr\/wp-json\/wp\/v2\/users\/2"}],"replies":[{"embeddable":true,"href":"https:\/\/www.europesays.com\/fr\/wp-json\/wp\/v2\/comments?post=109778"}],"version-history":[{"count":0,"href":"https:\/\/www.europesays.com\/fr\/wp-json\/wp\/v2\/posts\/109778\/revisions"}],"wp:featuredmedia":[{"embeddable":true,"href":"https:\/\/www.europesays.com\/fr\/wp-json\/wp\/v2\/media\/109779"}],"wp:attachment":[{"href":"https:\/\/www.europesays.com\/fr\/wp-json\/wp\/v2\/media?parent=109778"}],"wp:term":[{"taxonomy":"category","embeddable":true,"href":"https:\/\/www.europesays.com\/fr\/wp-json\/wp\/v2\/categories?post=109778"},{"taxonomy":"post_tag","embeddable":true,"href":"https:\/\/www.europesays.com\/fr\/wp-json\/wp\/v2\/tags?post=109778"}],"curies":[{"name":"wp","href":"https:\/\/api.w.org\/{rel}","templated":true}]}}