{"id":109781,"date":"2025-05-18T17:02:10","date_gmt":"2025-05-18T17:02:10","guid":{"rendered":"https:\/\/www.europesays.com\/fr\/109781\/"},"modified":"2025-05-18T17:02:10","modified_gmt":"2025-05-18T17:02:10","slug":"en-colere-face-a-leur-invisibilisation-des-victimes-du-pedocriminel-le-scouarnec-lancent-un-appel-au-gouvernement-liberation","status":"publish","type":"post","link":"https:\/\/www.europesays.com\/fr\/109781\/","title":{"rendered":"en col\u00e8re face \u00e0 leur \u00abinvisibilisation\u00bb, des victimes du p\u00e9docriminel Le Scouarnec lancent un appel au gouvernement \u2013 Lib\u00e9ration"},"content":{"rendered":"<p class=\"sc-ksZaOG ehjQrN text-element\">Manon a eu 36 ans la veille. Malgr\u00e9 quelques coupes de champagne partag\u00e9es en famille jusque tard dans la soir\u00e9e, la volubile jeune femme d\u00e9ploie une \u00e9nergie d\u00e9bordante ce 15 mai. Elle interroge : \u00abQui de mieux que nous pour foutre le bordel ?\u00bb Autour d\u2019elle Camille, Marion, Gabriel et son p\u00e8re, David, sont attabl\u00e9s dans un bistrot du centre historique de Vannes enfin baign\u00e9 de soleil. Une salle du premier \u00e9tage est devenue leur refuge, \u00e0 l\u2019abri des regards, depuis <a href=\"https:\/\/www.liberation.fr\/societe\/police-justice\/proces-le-scouarnec-derriere-la-blouse-blanche-la-plus-grande-affaire-pedocriminelle-de-france-20250221_VDV4ZSSH5JGSPB7VKICNYEF5OI\/\" target=\"_blank\" rel=\"noreferrer noopener\" title=\"https:\/\/www.liberation.fr\/societe\/police-justice\/proces-le-scouarnec-derriere-la-blouse-blanche-la-plus-grande-affaire-pedocriminelle-de-france-20250221_VDV4ZSSH5JGSPB7VKICNYEF5OI\/\">le d\u00e9but du proc\u00e8s hors normes de Jo\u00ebl Le Scouarnec<\/a>, entam\u00e9 il y a trois mois, et dont le verdict est pr\u00e9vu ce 28 mai. Ils sont des victimes de cet ancien chirurgien p\u00e9docriminel <a href=\"https:\/\/www.liberation.fr\/societe\/police-justice\/violences-sexuelles-joel-le-scouarnec-reconnait-sa-culpabilite-pour-lintegralite-des-299-victimes-20250320_4OSMNOIIHNA5BH527E5HXYS4QY\/\" target=\"_blank\" rel=\"noreferrer noopener\" title=\"https:\/\/www.liberation.fr\/societe\/police-justice\/violences-sexuelles-joel-le-scouarnec-reconnait-sa-culpabilite-pour-lintegralite-des-299-victimes-20250320_4OSMNOIIHNA5BH527E5HXYS4QY\/\">qui a t<\/a><\/p>\n","protected":false},"excerpt":{"rendered":"Manon a eu 36 ans la veille. Malgr\u00e9 quelques coupes de champagne partag\u00e9es en famille jusque tard dans&hellip;\n","protected":false},"author":2,"featured_media":109782,"comment_status":"","ping_status":"","sticky":false,"template":"","format":"standard","meta":{"footnotes":""},"categories":[2],"tags":[11,1011,27,12,874,22807,10228],"class_list":{"0":"post-109781","1":"post","2":"type-post","3":"status-publish","4":"format-standard","5":"has-post-thumbnail","7":"category-actualites","8":"tag-actualites","9":"tag-fr","10":"tag-france","11":"tag-news","12":"tag-pedophilie","13":"tag-proces-le-scouarnec","14":"tag-protection-de-l-enfance"},"share_on_mastodon":{"url":"https:\/\/pubeurope.com\/@fr\/114529916904224612","error":""},"_links":{"self":[{"href":"https:\/\/www.europesays.com\/fr\/wp-json\/wp\/v2\/posts\/109781","targetHints":{"allow":["GET"]}}],"collection":[{"href":"https:\/\/www.europesays.com\/fr\/wp-json\/wp\/v2\/posts"}],"about":[{"href":"https:\/\/www.europesays.com\/fr\/wp-json\/wp\/v2\/types\/post"}],"author":[{"embeddable":true,"href":"https:\/\/www.europesays.com\/fr\/wp-json\/wp\/v2\/users\/2"}],"replies":[{"embeddable":true,"href":"https:\/\/www.europesays.com\/fr\/wp-json\/wp\/v2\/comments?post=109781"}],"version-history":[{"count":0,"href":"https:\/\/www.europesays.com\/fr\/wp-json\/wp\/v2\/posts\/109781\/revisions"}],"wp:featuredmedia":[{"embeddable":true,"href":"https:\/\/www.europesays.com\/fr\/wp-json\/wp\/v2\/media\/109782"}],"wp:attachment":[{"href":"https:\/\/www.europesays.com\/fr\/wp-json\/wp\/v2\/media?parent=109781"}],"wp:term":[{"taxonomy":"category","embeddable":true,"href":"https:\/\/www.europesays.com\/fr\/wp-json\/wp\/v2\/categories?post=109781"},{"taxonomy":"post_tag","embeddable":true,"href":"https:\/\/www.europesays.com\/fr\/wp-json\/wp\/v2\/tags?post=109781"}],"curies":[{"name":"wp","href":"https:\/\/api.w.org\/{rel}","templated":true}]}}