{"id":109787,"date":"2025-05-18T17:05:35","date_gmt":"2025-05-18T17:05:35","guid":{"rendered":"https:\/\/www.europesays.com\/fr\/109787\/"},"modified":"2025-05-18T17:05:35","modified_gmt":"2025-05-18T17:05:35","slug":"nicolas-de-port-mariage-azais-et-michael","status":"publish","type":"post","link":"https:\/\/www.europesays.com\/fr\/109787\/","title":{"rendered":"Nicolas-de-Port | Mariage. Aza\u00efs et Michael"},"content":{"rendered":"<p>Samedi 17\u00a0mai \u00e0 14\u00a0h, \u00e0 l\u2019h\u00f4tel de ville, Michael Menoret, \u00e9lectricien, a pris pour \u00e9pouse Aza\u00efs Huel, accompagnante d\u2019\u00e9l\u00e8ves en situation de handicap. Les jeunes mari\u00e9s sont domicili\u00e9s \u00e0 Saint-Nicolas-de-Port. C\u2019est Francine Engel-Schenato, officier d\u2019\u00e9tat civil, qui a recueilli le consentement des jeunes \u00e9poux entour\u00e9s de leurs t\u00e9moins, leurs familles et leurs amis.<\/p>\n<p>Nos v\u0153ux de bonheur.<\/p>\n","protected":false},"excerpt":{"rendered":"Samedi 17\u00a0mai \u00e0 14\u00a0h, \u00e0 l\u2019h\u00f4tel de ville, Michael Menoret, \u00e9lectricien, a pris pour \u00e9pouse Aza\u00efs Huel, accompagnante&hellip;\n","protected":false},"author":2,"featured_media":109788,"comment_status":"","ping_status":"","sticky":false,"template":"","format":"standard","meta":{"footnotes":""},"categories":[9635],"tags":[1111,11,9223,9652,1704,1777,674,1011,27,775,1930,1702,12,25,9651,104],"class_list":{"0":"post-109787","1":"post","2":"type-post","3":"status-publish","4":"format-standard","5":"has-post-thumbnail","7":"category-nancy","8":"tag-actu","9":"tag-actualites","10":"tag-carnet-du-jour","11":"tag-cc-des-pays-du-sel-et-du-vermois-54b","12":"tag-edition-nancy-et-agglomeration","13":"tag-eu","14":"tag-europe","15":"tag-fr","16":"tag-france","17":"tag-grand-est","18":"tag-mariage","19":"tag-nancy","20":"tag-news","21":"tag-republique-francaise","22":"tag-saint-nicolas-de-port","23":"tag-societe"},"share_on_mastodon":{"url":"https:\/\/pubeurope.com\/@fr\/114529928737986610","error":""},"_links":{"self":[{"href":"https:\/\/www.europesays.com\/fr\/wp-json\/wp\/v2\/posts\/109787","targetHints":{"allow":["GET"]}}],"collection":[{"href":"https:\/\/www.europesays.com\/fr\/wp-json\/wp\/v2\/posts"}],"about":[{"href":"https:\/\/www.europesays.com\/fr\/wp-json\/wp\/v2\/types\/post"}],"author":[{"embeddable":true,"href":"https:\/\/www.europesays.com\/fr\/wp-json\/wp\/v2\/users\/2"}],"replies":[{"embeddable":true,"href":"https:\/\/www.europesays.com\/fr\/wp-json\/wp\/v2\/comments?post=109787"}],"version-history":[{"count":0,"href":"https:\/\/www.europesays.com\/fr\/wp-json\/wp\/v2\/posts\/109787\/revisions"}],"wp:featuredmedia":[{"embeddable":true,"href":"https:\/\/www.europesays.com\/fr\/wp-json\/wp\/v2\/media\/109788"}],"wp:attachment":[{"href":"https:\/\/www.europesays.com\/fr\/wp-json\/wp\/v2\/media?parent=109787"}],"wp:term":[{"taxonomy":"category","embeddable":true,"href":"https:\/\/www.europesays.com\/fr\/wp-json\/wp\/v2\/categories?post=109787"},{"taxonomy":"post_tag","embeddable":true,"href":"https:\/\/www.europesays.com\/fr\/wp-json\/wp\/v2\/tags?post=109787"}],"curies":[{"name":"wp","href":"https:\/\/api.w.org\/{rel}","templated":true}]}}