{"id":109790,"date":"2025-05-18T17:08:09","date_gmt":"2025-05-18T17:08:09","guid":{"rendered":"https:\/\/www.europesays.com\/fr\/109790\/"},"modified":"2025-05-18T17:08:09","modified_gmt":"2025-05-18T17:08:09","slug":"la-colere-de-pierre-mignoni-apres-la-defaite-de-toulon-a-pau","status":"publish","type":"post","link":"https:\/\/www.europesays.com\/fr\/109790\/","title":{"rendered":"la col\u00e8re de Pierre Mignoni apr\u00e8s la d\u00e9faite de Toulon \u00e0 Pau"},"content":{"rendered":"<p>            Par<br \/>\n        <strong><br \/>\n            <a href=\"https:\/\/actu.fr\/auteur\/lucas-bertolotto\" title=\"Consulter tous les articles de Lucas Bertolotto\" target=\"_blank\" rel=\"noopener\">Lucas Bertolotto<\/a><br \/>\n        <\/strong><\/p>\n<p>        Publi\u00e9 le<\/p>\n<p>            18 mai 2025 \u00e0 18h56        <\/p>\n<p>C\u2019est une premi\u00e8re cette saison pour le <strong>Rugby Club Toulonnais<\/strong>. Battu \u00e0 <strong>Pau<\/strong> pour la <a href=\"https:\/\/actu.fr\/sports\/rugby\/pro\/la-bonne-operation-pour-paris-toulon-chute-encore-resultats-et-debrief-de-la-24e-journee-de-top-14_62651235.html\" target=\"_blank\" rel=\"noopener\">24\u00e8me journ\u00e9e<\/a> de Top 14, <strong>Toulon<\/strong> a connu sa troisi\u00e8me d\u00e9faite de rang ce samedi (21-25). Une s\u00e9rie n\u00e9gative pour le club varois d\u00e9but\u00e9e \u00e0 Vannes le 26 avril, poursuivie au stade V\u00e9lodrome contre Toulouse la semaine derni\u00e8re et enfin dans le B\u00e9arn ce week-end.\u00a0<\/p>\n<p>Pierre Mignoni : \u00ab Ca commence \u00e0 me gonfler \u00bb<\/p>\n<p class=\" wall-content\">Au-del\u00e0 du r\u00e9sultat, c\u2019est surtout le contenu qui n\u2019est pas satisfaisant pour les Toulonnais, m\u00e9connaissables depuis leur d\u00e9faite en <a href=\"https:\/\/actu.fr\/occitanie\/toulouse_31555\/champions-cup-ces-penalites-la-on-les-reve-thomas-ramos-en-larmes-apres-le-1-4-de-finale-toulon-toulouse_62505275.html\" target=\"_blank\" rel=\"noopener\">quart de finale<\/a> de Champions Cup contre le <strong>Stade Toulousain<\/strong> le 13 avril dernier (18-21). Un revers cruel qui remonte maintenant \u00e0 plus d\u2019un mois mais qui reste cependant toujours dans les t\u00eates.\u00a0<\/p>\n<p class=\" wall-content\">\n<p class=\" wall-content\">\u00ab Depuis le <a href=\"https:\/\/actu.fr\/sports\/rugby\/pro\/champions-cup-toulouse-arrache-sa-demi-finale-face-a-toulon-dans-la-derniere-minute-les-3-choses-a-retenir_62504960.html\" target=\"_blank\" rel=\"noopener\">quart de finale<\/a>, nous sommes dans le dur, mais c\u2019\u00e9tait il y a plus d\u2019un mois. Normalement, les \u00e9motions ne durent que cinq minutes, sauf que quand on r\u00e9p\u00e8te et on entretient des \u00e9motions n\u00e9gatives, elles restent, on les nourrit et on n\u2019est pas ce qu\u2019on doit \u00eatre \u00bb a confirm\u00e9 le manager<strong> Pierre Mignoni<\/strong> en conf\u00e9rence de presse ce samedi.\u00a0<\/p>\n<p class=\" wall-content\">Sur le terrain de <strong>Pau<\/strong>, les joueurs du RCT ont mis beaucoup de temps avant de montrer leur vrai visage. Men\u00e9s 20-0 \u00e0 la mi-temps, les Varois ont encaiss\u00e9 un nouvel essai au retour des vestiaires et accusaient vingt-cinq points de retard peu avant l\u2019heure de jeu. C\u2019est un essai de l\u2019arri\u00e8re <strong>Melvyn Jaminet<\/strong> qui a r\u00e9ellement lanc\u00e9 le r\u00e9veil des troupes toulonnaises (56\u00e8).<\/p>\n<blockquote class=\"ac-article-quote wall-content\">\n<p>\u00ab A la mi-temps, nous avons dit \u00e0 tout le monde que le premier acte n&rsquo;\u00e9tait pas acceptable du tout. Les Palois ont le droit de bien jouer et de marquer des essais, mais nous n&rsquo;avons pas le droit de faire ce que nous avons fait en premi\u00e8re p\u00e9riode. Ca commence \u00e0 me gonfler.\u00a0\u00bb<\/p>\n<p>    <strong>Pierre Mignoni<\/strong><br \/>\n        Manager du RC Toulon    <\/p><\/blockquote>\n<p>Vid\u00e9os : en ce moment sur Actu<\/p>\n<p class=\" wall-content\">Malgr\u00e9 leur r\u00e9volte en seconde p\u00e9riode, les partenaires de <strong>Gabin Villi\u00e8re<\/strong>, auteur d\u2019un essai, se sont inclin\u00e9s sur la pelouse de <strong>Pau<\/strong>. Une dixi\u00e8me d\u00e9faite en championnat cette saison, la quatri\u00e8me lors des cinq derniers matchs. De quoi inqui\u00e9ter le staff du club rouge et noir alors que la phase finale du<strong> Top 14<\/strong> approche \u00e0 grands pas.\u00a0<\/p>\n<p>R\u00e9ception de l\u2019UBB lors de la prochaine journ\u00e9e<\/p>\n<p class=\" wall-content\">\u00ab Nous avons bien r\u00e9agi en seconde p\u00e9riode et \u00e7a me rassure, car cette \u00e9quipe en est capable. Nous ne sommes pas troisi\u00e8mes pour rien. Des regrets, ils en auront toute leur vie s\u2019ils n\u2019appuient pas sur le champignon, encore plus avec une fin de saison qui s\u2019annonce tr\u00e8s excitante, \u00e0 commencer par le prochain match \u00bb a affirm\u00e9 <strong>Pierre Mignoni<\/strong> face aux journalistes.\u00a0<\/p>\n<p class=\" wall-content\">Au repos le week-end prochain lors des finales de Coupe d\u2019Europe, le <strong>RCT<\/strong> accueillera l\u2019<strong>Union Bordeaux-B\u00e8gles<\/strong> le 1er juin avant de se rendre \u00e0 <strong>Bayonne<\/strong> le 7 juin. Deux ultimes rencontres de phase r\u00e9guli\u00e8re qui pourraient encore permettre au club de terminer en deuxi\u00e8me position ou \u00e0 la quatri\u00e8me place\u2026<\/p>\n<p class=\" wall-content\">Suivez toute l\u2019actualit\u00e9 de vos villes et m\u00e9dias favoris en vous inscrivant \u00e0 <a href=\"https:\/\/moncompte.actu.fr\" title=\"D\u00e9couvez Mon Actu\" rel=\"nofollow noopener\" data-trk=\"{&quot;cta&quot;:{&quot;action&quot;:&quot;https:\\\/\\\/moncompte.actu.fr&quot;,&quot;category&quot;:&quot;mon compte&quot;,&quot;from&quot;:&quot;article footer&quot;,&quot;name&quot;:&quot;Mon actu&quot;,&quot;type&quot;:&quot;cta&quot;}}\" target=\"_blank\">Mon Actu<\/a>.<\/p>\n<ul class=\"ac-article-tag wall-content\">\n<li><a href=\"https:\/\/actu.fr\/tag\/rct-rugby-club-toulonnais\" data-trk=\"{&quot;cta&quot;:{&quot;action&quot;:&quot;RCT Rugby club toulonnais&quot;,&quot;category&quot;:&quot;tag&quot;,&quot;from&quot;:&quot;article footer&quot;,&quot;name&quot;:&quot;RCT Rugby club toulonnais&quot;,&quot;type&quot;:&quot;cta&quot;}}\" target=\"_blank\" rel=\"noopener\">#RCT Rugby club toulonnais<\/a><\/li>\n<li><a href=\"https:\/\/actu.fr\/tag\/section-paloise\" data-trk=\"{&quot;cta&quot;:{&quot;action&quot;:&quot;Section paloise&quot;,&quot;category&quot;:&quot;tag&quot;,&quot;from&quot;:&quot;article footer&quot;,&quot;name&quot;:&quot;Section paloise&quot;,&quot;type&quot;:&quot;cta&quot;}}\" target=\"_blank\" rel=\"noopener\">#Section paloise<\/a><\/li>\n<\/ul>\n","protected":false},"excerpt":{"rendered":"Par Lucas Bertolotto Publi\u00e9 le 18 mai 2025 \u00e0 18h56 C\u2019est une premi\u00e8re cette saison pour le Rugby&hellip;\n","protected":false},"author":2,"featured_media":109791,"comment_status":"","ping_status":"","sticky":false,"template":"","format":"standard","meta":{"footnotes":""},"categories":[9619],"tags":[1111,11,1777,674,1011,27,12,3788,882,6717,25,479,12098,60,478,2310],"class_list":{"0":"post-109790","1":"post","2":"type-post","3":"status-publish","4":"format-standard","5":"has-post-thumbnail","7":"category-toulon","8":"tag-actu","9":"tag-actualites","10":"tag-eu","11":"tag-europe","12":"tag-fr","13":"tag-france","14":"tag-news","15":"tag-pro","16":"tag-provence-alpes-cote-dazur","17":"tag-rct-rugby-club-toulonnais","18":"tag-republique-francaise","19":"tag-rugby","20":"tag-section-paloise","21":"tag-sports","22":"tag-top-14","23":"tag-toulon"},"share_on_mastodon":{"url":"https:\/\/pubeurope.com\/@fr\/114529940526479226","error":""},"_links":{"self":[{"href":"https:\/\/www.europesays.com\/fr\/wp-json\/wp\/v2\/posts\/109790","targetHints":{"allow":["GET"]}}],"collection":[{"href":"https:\/\/www.europesays.com\/fr\/wp-json\/wp\/v2\/posts"}],"about":[{"href":"https:\/\/www.europesays.com\/fr\/wp-json\/wp\/v2\/types\/post"}],"author":[{"embeddable":true,"href":"https:\/\/www.europesays.com\/fr\/wp-json\/wp\/v2\/users\/2"}],"replies":[{"embeddable":true,"href":"https:\/\/www.europesays.com\/fr\/wp-json\/wp\/v2\/comments?post=109790"}],"version-history":[{"count":0,"href":"https:\/\/www.europesays.com\/fr\/wp-json\/wp\/v2\/posts\/109790\/revisions"}],"wp:featuredmedia":[{"embeddable":true,"href":"https:\/\/www.europesays.com\/fr\/wp-json\/wp\/v2\/media\/109791"}],"wp:attachment":[{"href":"https:\/\/www.europesays.com\/fr\/wp-json\/wp\/v2\/media?parent=109790"}],"wp:term":[{"taxonomy":"category","embeddable":true,"href":"https:\/\/www.europesays.com\/fr\/wp-json\/wp\/v2\/categories?post=109790"},{"taxonomy":"post_tag","embeddable":true,"href":"https:\/\/www.europesays.com\/fr\/wp-json\/wp\/v2\/tags?post=109790"}],"curies":[{"name":"wp","href":"https:\/\/api.w.org\/{rel}","templated":true}]}}