{"id":109796,"date":"2025-05-18T17:11:08","date_gmt":"2025-05-18T17:11:08","guid":{"rendered":"https:\/\/www.europesays.com\/fr\/109796\/"},"modified":"2025-05-18T17:11:08","modified_gmt":"2025-05-18T17:11:08","slug":"que-nous-reserve-la-meteo-cette-semaine-a-rouen-et-au-havre","status":"publish","type":"post","link":"https:\/\/www.europesays.com\/fr\/109796\/","title":{"rendered":"que nous r\u00e9serve la m\u00e9t\u00e9o cette semaine \u00e0 Rouen et au Havre\u00a0?"},"content":{"rendered":"<p>            Par<br \/>\n        <strong><br \/>\n            <a href=\"https:\/\/actu.fr\/auteur\/julien-bouteiller\" title=\"Consulter tous les articles de Julien Bouteiller\" rel=\"nofollow noopener\" target=\"_blank\">Julien Bouteiller<\/a><br \/>\n        <\/strong><\/p>\n<p>        Publi\u00e9 le<\/p>\n<p>            18 mai 2025 \u00e0 17h24        <\/p>\n<p><strong>Pull ou t-shirt ? Parapluie ou lunettes de soleil ?<\/strong> Pour r\u00e9pondre \u00e0 ces questions, on fait le point sur <a href=\"https:\/\/actu.fr\/tag\/meteo-france\" rel=\"nofollow noopener\" target=\"_blank\">les pr\u00e9visions de M\u00e9t\u00e9o France<\/a> <strong>au Havre et \u00e0 Rouen<\/strong> pour la semaine du 19 mai 2025.<\/p>\n<p>Un d\u00e9but de semaine doux<\/p>\n<p class=\" wall-content\">Lundi, on se r\u00e9veillera <strong>sous un ciel lumineux<\/strong> malgr\u00e9 quelques nuages. Aussi bien au Havre qu\u2019\u00e0 Rouen, on attend 17\u00b0C. L\u2019apr\u00e8s-midi, <strong>sous un ciel plus voil\u00e9<\/strong>, on atteindra <strong>entre 20 et 23\u00b0C.<\/strong><\/p>\n<p class=\" wall-content\">Mardi matin, <strong>le soleil sera plus pr\u00e9sent<\/strong>, avec encore des temp\u00e9ratures tr\u00e8s douces, d\u00e8s 20\u00b0C \u00e0 Rouen dans la matin\u00e9e. L\u2019apr\u00e8s-midi, le ciel se voilera une fois encore avec des temp\u00e9ratures stables par rapport \u00e0 la matin\u00e9e.<\/p>\n<p class=\" wall-content\"><strong>Mercredi, peu de changement<\/strong>, avec de belles \u00e9claircies et des temp\u00e9ratures qui oscilleront entre 17 et 19\u00b0C.<\/p>\n<p class=\" wall-content\">Peu de changement c\u00f4t\u00e9 temp\u00e9ratures jeudi <strong>mais le ciel sera encore plus ensoleill\u00e9.<\/strong><\/p>\n<p>Vid\u00e9os : en ce moment sur ActuUn weekend sous la pluie en perspective<\/p>\n<p class=\" wall-content\"><strong>Le temps pourrait se g\u00e2ter vendredi<\/strong> avec des averses le matin sur la moiti\u00e9 nord du d\u00e9partement. Elles dispara\u00eetront toutefois dans l\u2019apr\u00e8s-midi, laissant place \u00e0 quelques \u00e9claircies et toujours des temp\u00e9ratures autour des 20\u00b0C.<\/p>\n<p class=\" wall-content\">C\u2019est surtout samedi que la d\u00e9gradation devrait arriver. De Rouen au Havre et sur tout le d\u00e9partement, <strong>la pluie tombera en continu toute la journ\u00e9e<\/strong>, avec toutefois des temp\u00e9ratures qui resteront douces.<\/p>\n<p class=\" wall-content\"><strong>Dimanche, ce sera la m\u00eame.<\/strong> De la pluie non-stop, un ciel gris et des temp\u00e9ratures autour des 20\u00b0C.\u00a0<\/p>\n<p>Suivez l\u2019actualit\u00e9 de Rouen <a href=\"https:\/\/www.whatsapp.com\/channel\/0029VaKfnf99hXF2ddApFB1D\" rel=\"nofollow noopener\" target=\"_blank\">sur notre cha\u00eene WhatsApp<\/a> et <a href=\"https:\/\/www.tiktok.com\/@76actu.fr?lang=fr\" rel=\"nofollow noopener\" target=\"_blank\">sur notre compte TikTok<\/a>Suivez l\u2019actualit\u00e9 du Havre <a href=\"https:\/\/www.whatsapp.com\/channel\/0029VaFqJYE8aKvLBwVrEe0o\" rel=\"nofollow noopener\" target=\"_blank\">sur notre cha\u00eene WhatsApp<\/a> et <a href=\"https:\/\/www.tiktok.com\/@76actu.fr?lang=fr\" rel=\"nofollow noopener\" target=\"_blank\">sur notre compte TikTok<\/a><\/p>\n<p class=\" wall-content\">Suivez toute l\u2019actualit\u00e9 de vos villes et m\u00e9dias favoris en vous inscrivant \u00e0 <a href=\"https:\/\/moncompte.actu.fr\" title=\"D\u00e9couvez Mon Actu\" rel=\"nofollow noopener\" data-trk=\"{&quot;cta&quot;:{&quot;action&quot;:&quot;https:\\\/\\\/moncompte.actu.fr&quot;,&quot;category&quot;:&quot;mon compte&quot;,&quot;from&quot;:&quot;article footer&quot;,&quot;name&quot;:&quot;Mon actu&quot;,&quot;type&quot;:&quot;cta&quot;}}\" target=\"_blank\">Mon Actu<\/a>.<\/p>\n<p>                    <script async src=\"\/\/www.tiktok.com\/embed.js\"><\/script><\/p>\n","protected":false},"excerpt":{"rendered":"Par Julien Bouteiller Publi\u00e9 le 18 mai 2025 \u00e0 17h24 Pull ou t-shirt ? Parapluie ou lunettes de&hellip;\n","protected":false},"author":2,"featured_media":109797,"comment_status":"","ping_status":"","sticky":false,"template":"","format":"standard","meta":{"footnotes":""},"categories":[9587],"tags":[1111,11,1777,674,1011,27,2487,2357,12,5161,25,9590],"class_list":{"0":"post-109796","1":"post","2":"type-post","3":"status-publish","4":"format-standard","5":"has-post-thumbnail","7":"category-rouen","8":"tag-actu","9":"tag-actualites","10":"tag-eu","11":"tag-europe","12":"tag-fr","13":"tag-france","14":"tag-meteo","15":"tag-meteo-france","16":"tag-news","17":"tag-normandie","18":"tag-republique-francaise","19":"tag-rouen"},"share_on_mastodon":{"url":"https:\/\/pubeurope.com\/@fr\/114529952256183226","error":""},"_links":{"self":[{"href":"https:\/\/www.europesays.com\/fr\/wp-json\/wp\/v2\/posts\/109796","targetHints":{"allow":["GET"]}}],"collection":[{"href":"https:\/\/www.europesays.com\/fr\/wp-json\/wp\/v2\/posts"}],"about":[{"href":"https:\/\/www.europesays.com\/fr\/wp-json\/wp\/v2\/types\/post"}],"author":[{"embeddable":true,"href":"https:\/\/www.europesays.com\/fr\/wp-json\/wp\/v2\/users\/2"}],"replies":[{"embeddable":true,"href":"https:\/\/www.europesays.com\/fr\/wp-json\/wp\/v2\/comments?post=109796"}],"version-history":[{"count":0,"href":"https:\/\/www.europesays.com\/fr\/wp-json\/wp\/v2\/posts\/109796\/revisions"}],"wp:featuredmedia":[{"embeddable":true,"href":"https:\/\/www.europesays.com\/fr\/wp-json\/wp\/v2\/media\/109797"}],"wp:attachment":[{"href":"https:\/\/www.europesays.com\/fr\/wp-json\/wp\/v2\/media?parent=109796"}],"wp:term":[{"taxonomy":"category","embeddable":true,"href":"https:\/\/www.europesays.com\/fr\/wp-json\/wp\/v2\/categories?post=109796"},{"taxonomy":"post_tag","embeddable":true,"href":"https:\/\/www.europesays.com\/fr\/wp-json\/wp\/v2\/tags?post=109796"}],"curies":[{"name":"wp","href":"https:\/\/api.w.org\/{rel}","templated":true}]}}