{"id":1098033,"date":"2026-07-31T00:28:15","date_gmt":"2026-07-31T00:28:15","guid":{"rendered":"https:\/\/www.europesays.com\/fr\/1098033\/"},"modified":"2026-07-31T00:28:15","modified_gmt":"2026-07-31T00:28:15","slug":"donald-trump-annonce-un-accord-sur-le-desarmement-complet-du-hamas-a-gaza","status":"publish","type":"post","link":"https:\/\/www.europesays.com\/fr\/1098033\/","title":{"rendered":"Donald Trump annonce un accord sur le \u00abd\u00e9sarmement complet\u00bb du Hamas \u00e0 Gaza"},"content":{"rendered":"<p>\n    Le pr\u00e9sident am\u00e9ricain a en outre indiqu\u00e9 qu\u2019Isra\u00ebl quitterait Gaza une fois le Hamas d\u00e9sarm\u00e9.<\/p>\n<p class=\"fig-paragraph\"><a href=\"https:\/\/www.lefigaro.fr\/tag\/donald-trump\" target=\"_blank\" data-fig-type=\"Keyword\" rel=\"noopener nofollow\" data-gtm-custom-categorie=\"navigation\" data-gtm-custom-action=\"crossclick\" data-gtm-custom-label=\"Contextuel\" data-gtm-event=\"customEventSPE\" data-fig-domain=\"LEFIGARO\">Donald Trump<\/a>\u00a0a annonc\u00e9 jeudi que son Conseil de paix \u00e9tait parvenu \u00e0 un accord sur le \u00abd\u00e9sarmement complet du Hamas et d\u2019autres groupes arm\u00e9s\u00bb \u00e0 Gaza, un des points cl\u00e9s de la deuxi\u00e8me phase du plan de paix du pr\u00e9sident am\u00e9ricain. \u00abAujourd\u2019hui, le Conseil de Paix a conclu un accord HISTORIQUE pour le D\u00c9SARMEMENT COMPLET du Hamas et de tous les autres groupes arm\u00e9s \u00e0 Gaza. Il s\u2019agit d\u2019une \u00e9tape monumentale vers une PAIX et une S\u00c9CURIT\u00c9 durables\u00bb, a \u00e9crit Trump\u00a0<a href=\"https:\/\/truthsocial.com\/@realDonaldTrump\/posts\/117011270507732212\" target=\"_blank\" rel=\"nofollow noopener\" data-gtm-custom-categorie=\"navigation\" data-gtm-custom-action=\"crossclick\" data-gtm-custom-label=\"Contextuel\" data-gtm-event=\"customEventSPE\">sur son r\u00e9seau Truth Social<\/a>. \u00abCet accord constitue une \u00e9tape cruciale pour que Gaza soit enfin dirig\u00e9e par un nouveau gouvernement palestinien, lequel collaborera \u00e9troitement avec le Conseil de paix pour venir en aide au peuple palestinien\u00bb, s\u2019est-il r\u00e9joui.<\/p>\n<p class=\"fig-paragraph\">Le r\u00e9publicain a \u00e9galement affirm\u00e9 qu\u2019Isra\u00ebl quitterait la bande de Gaza une fois le Hamas d\u00e9sarm\u00e9. \u00ab\u00c0 mesure que le d\u00e9sarmement s\u2019ach\u00e8ve, les forces isra\u00e9liennes se retireront et la Force internationale de stabilisation collaborera avec une nouvelle force de police palestinienne pour garantir la s\u00e9curit\u00e9 \u00e0 Gaza\u00bb, a \u00e9crit Donald Trump dans la m\u00eame publication. La Force internationale de stabilisation, une structure naissante cens\u00e9e regrouper des troupes multinationales op\u00e9rant sous l\u2019\u00e9gide du Conseil de paix, collaborera ensuite \u00abavec une nouvelle force de police palestinienne pour garantir la s\u00e9curit\u00e9 \u00e0 Gaza\u00bb, a encore ajout\u00e9 le pr\u00e9sident des \u00c9tats-Unis.<\/p>\n<p>                                            <a class=\"fig-a11y-skip\" href=\"#fig-a11y-skip-main-inarticle\" is=\"fig-a11y-skip\" data-trigger-mode=\"visible-once\"><br \/>\n    Passer la publicit\u00e9<br \/>\n<\/a>            <\/p>\n<p class=\"fig-paragraph\">Dans la foul\u00e9e, des hauts responsables du Hamas ont confirm\u00e9 qu\u2019un accord avait bel et bien \u00e9t\u00e9 conclu pour la deuxi\u00e8me phase de la tr\u00eave avec Isra\u00ebl. \u00abUn accord a \u00e9t\u00e9 trouv\u00e9 concernant la question des armes (&#8230;) De plus, un accord a \u00e9t\u00e9 conclu sur un retrait progressif\u00bb des forces isra\u00e9liennes de la bande de Gaza, a indiqu\u00e9 un responsable du Hamas, ajoutant que le mouvement islamiste compte sur les m\u00e9diateurs et le \u00abConseil de paix\u00bb pour obliger Isra\u00ebl \u00e0 respecter les termes de l\u2019accord.<\/p>\n<p>                                            \u00abGrande convergence\u00bb<\/p>\n<p class=\"fig-paragraph\">Peu avant les d\u00e9clarations de Donald Trump, une source au sein du Hamas avait soulign\u00e9 une \u00abgrande convergence\u00bb sur plusieurs points li\u00e9s aux armes, disant avoir transmis aux m\u00e9diateurs des amendements \u00e0 la feuille de route propos\u00e9e par Washington et attendre la r\u00e9ponse d\u2019Isra\u00ebl. Selon une source diplomatique inform\u00e9e des n\u00e9gociations, les armes doivent \u00eatre remises au Comit\u00e9 national pour l\u2019administration de Gaza (NCAG), une instance de technocrates palestiniens qui doit g\u00e9rer, pendant la p\u00e9riode de transition, la vie quotidienne \u00e0 Gaza. Et l\u2019op\u00e9ration doit se faire en coordination avec la Force internationale de stabilisation. Actuellement bas\u00e9 en \u00c9gypte, le NCAG est emp\u00each\u00e9 par Isra\u00ebl d\u2019acc\u00e9der \u00e0 la bande de Gaza, selon les m\u00e9dias \u00e9gyptiens et palestiniens.<\/p>\n<p class=\"fig-paragraph\">Isra\u00ebl, qui contr\u00f4le aujourd\u2019hui plus de 60% de ce territoire, exigeait un d\u00e9sarmement complet du Hamas et des autres groupes palestiniens avant toute progression dans la feuille de route. Le Hamas avait annonc\u00e9 d\u00e9but juillet dissoudre le comit\u00e9 qui administrait les affaires civiles de la bande de Gaza depuis 2007, quand il avait pris le pouvoir dans le territoire c\u00f4tier, et dit vouloir transf\u00e9rer ces responsabilit\u00e9s au NCAG. Alors que ce dernier est pr\u00e9sent\u00e9 comme une structure temporaire, plusieurs responsables europ\u00e9ens et arabes insistent sur la n\u00e9cessit\u00e9 d\u2019une perspective politique plus large impliquant les institutions palestiniennes existantes. Isra\u00ebl, oppos\u00e9 \u00e0 tout retour du Hamas au pouvoir, refuse aussi \u00e0 ce stade une prise de contr\u00f4le directe de Gaza par l\u2019Autorit\u00e9 palestinienne, bas\u00e9e \u00e0 Ramallah.<\/p>\n<p>                                            R\u00e9union des m\u00e9diateurs<\/p>\n<p class=\"fig-paragraph\">Apr\u00e8s des semaines de n\u00e9gociations, le Caire doit accueillir \u00abbient\u00f4t\u00bb une r\u00e9union des m\u00e9diateurs sur la 2e phase de la tr\u00eave \u00e0 Gaza entre Isra\u00ebl et le Hamas, entr\u00e9 en vigueur en octobre dernier. Parmi lesquels figurent l\u2019\u00c9gypte, les \u00c9tats-Unis, le Qatar et la Turquie, a rapport\u00e9 t\u00f4t vendredi la cha\u00eene Al-Qahera News, proche de l\u2019\u00c9tat \u00e9gyptien.<\/p>\n<p class=\"fig-paragraph\">Al-Qahera News, qui est li\u00e9e aux services de renseignement d\u2019\u00c9tat supervisant les n\u00e9gociations sur Gaza, n\u2019a pas pr\u00e9cis\u00e9 quand la r\u00e9union aurait lieu, mais a indiqu\u00e9 qu\u2019elle porterait sur la mise en \u0153uvre de la 2e phase du plan de cessez-le-feu \u00e0 Gaza, qui inclut notamment le d\u00e9sarmement du Hamas et dont la feuille de route a \u00e9t\u00e9 accept\u00e9e par le Hamas et les factions palestiniennes.<\/p>\n","protected":false},"excerpt":{"rendered":"Le pr\u00e9sident am\u00e9ricain a en outre indiqu\u00e9 qu\u2019Isra\u00ebl quitterait Gaza une fois le Hamas d\u00e9sarm\u00e9. Donald Trump\u00a0a annonc\u00e9&hellip;\n","protected":false},"author":2,"featured_media":1098034,"comment_status":"","ping_status":"","sticky":false,"template":"","format":"standard","meta":{"footnotes":"","_share_on_mastodon":"0"},"categories":[5],"tags":[11,75,1011,27,665,3519,14,12,28],"class_list":["post-1098033","post","type-post","status-publish","format-standard","has-post-thumbnail","category-international","tag-actualites","tag-donald-trump","tag-fr","tag-france","tag-gaza","tag-hamas","tag-international","tag-news","tag-world"],"share_on_mastodon":{"url":"https:\/\/pubeurope.com\/@fr\/117011762898187443","error":""},"_links":{"self":[{"href":"https:\/\/www.europesays.com\/fr\/wp-json\/wp\/v2\/posts\/1098033","targetHints":{"allow":["GET"]}}],"collection":[{"href":"https:\/\/www.europesays.com\/fr\/wp-json\/wp\/v2\/posts"}],"about":[{"href":"https:\/\/www.europesays.com\/fr\/wp-json\/wp\/v2\/types\/post"}],"author":[{"embeddable":true,"href":"https:\/\/www.europesays.com\/fr\/wp-json\/wp\/v2\/users\/2"}],"replies":[{"embeddable":true,"href":"https:\/\/www.europesays.com\/fr\/wp-json\/wp\/v2\/comments?post=1098033"}],"version-history":[{"count":0,"href":"https:\/\/www.europesays.com\/fr\/wp-json\/wp\/v2\/posts\/1098033\/revisions"}],"wp:featuredmedia":[{"embeddable":true,"href":"https:\/\/www.europesays.com\/fr\/wp-json\/wp\/v2\/media\/1098034"}],"wp:attachment":[{"href":"https:\/\/www.europesays.com\/fr\/wp-json\/wp\/v2\/media?parent=1098033"}],"wp:term":[{"taxonomy":"category","embeddable":true,"href":"https:\/\/www.europesays.com\/fr\/wp-json\/wp\/v2\/categories?post=1098033"},{"taxonomy":"post_tag","embeddable":true,"href":"https:\/\/www.europesays.com\/fr\/wp-json\/wp\/v2\/tags?post=1098033"}],"curies":[{"name":"wp","href":"https:\/\/api.w.org\/{rel}","templated":true}]}}