{"id":109804,"date":"2025-05-18T17:19:16","date_gmt":"2025-05-18T17:19:16","guid":{"rendered":"https:\/\/www.europesays.com\/fr\/109804\/"},"modified":"2025-05-18T17:19:16","modified_gmt":"2025-05-18T17:19:16","slug":"un-projet-immobilier-va-transformer-les-11-000m2-de-lancien-hotel-mercure","status":"publish","type":"post","link":"https:\/\/www.europesays.com\/fr\/109804\/","title":{"rendered":"un projet immobilier va transformer les 11 000m2 de l&rsquo;ancien h\u00f4tel Mercure"},"content":{"rendered":"<p>    <img loading=\"lazy\" width=\"1800\" height=\"900\" src=\"https:\/\/www.europesays.com\/fr\/wp-content\/uploads\/2025\/04\/jeanne-callthepolice.jpg\" class=\"attachment-full size-full\" alt=\"\" id=\"imageLove\" decoding=\"async\"  \/><\/p>\n<p id=\"breadcrumbs\"><a href=\"https:\/\/pokaa.fr\/\" rel=\"nofollow noopener\" target=\"_blank\">Accueil<\/a> \/ <a href=\"https:\/\/pokaa.fr\/categories\/actu\/\" rel=\"nofollow noopener\" target=\"_blank\">Info locale<\/a> \/ Quartier Wacken : un projet immobilier va transformer les 11 000m2 de l\u2019ancien h\u00f4tel Mercure<\/p>\n<p>                    Info locale<\/p>\n<p><b>Alors que l\u2019h\u00f4tel Mercure de la place de Bordeaux est d\u00e9saffect\u00e9 depuis 2020, le lieu va bient\u00f4t compl\u00e8tement se transformer. Le projet ? 5 nouveaux b\u00e2timents, dont une tour de 50 m\u00e8tres de haut, un h\u00f4tel et une r\u00e9sidence \u00e9tudiante, pour pouvoir accueillir 1 100 personnes \u00e0 terme. Un ambitieux projet, qui a d\u00e9j\u00e0 d\u00e9riv\u00e9 dans l\u2019ar\u00e8ne politique locale.<\/b><\/p>\n<p class=\"p1\">La fin d\u2019une dent creuse dans le quartier du Wacken. Connu des coll\u00e9gien(ne)s et des lyc\u00e9en(ne)s qui ont fr\u00e9quent\u00e9 le Lyc\u00e9e Kl\u00e9ber dans leur jeunesse, ainsi que de celles et ceux \u00e0 la recherche de places gratuites o\u00f9 se garer, <b>l\u2019h\u00f4tel Mercure avait ferm\u00e9 boutique en 2020, en pleine crise du Covid<\/b>.<\/p>\n<p class=\"p1\">Compl\u00e8tement laiss\u00e9 \u00e0 l\u2019abandon depuis, l\u2019h\u00f4tel Mercure vit d\u00e9sormais ses derni\u00e8res heures. <b>Car un tout nouveau projet immobilier men\u00e9 par l\u2019agence ANMA et la famille Oussadon (via leur soci\u00e9t\u00e9 Fonci\u00e8re Grand) est sur le point d\u2019aboutir<\/b>. Et il a l\u2019ambition de transformer compl\u00e8tement le quartier.<\/p>\n<p>                <img width=\"667\" height=\"500\" src=\"https:\/\/www.europesays.com\/fr\/wp-content\/uploads\/2025\/05\/img-8859-grande-667x500.jpeg\" class=\"attachment-gallery size-gallery\" alt=\"hotel mercure place de bordeaux\" data-full-url=\"https:\/\/pokaa.fr\/wp-content\/uploads\/2025\/05\/16\/img-8859-grande.jpeg\" decoding=\"async\" loading=\"lazy\"  \/>            <\/p>\n<p>                <img width=\"667\" height=\"500\" src=\"https:\/\/www.europesays.com\/fr\/wp-content\/uploads\/2025\/05\/img-8863-grande-667x500.jpeg\" class=\"attachment-gallery size-gallery\" alt=\"hotel mercure place de bordeaux\" data-full-url=\"https:\/\/pokaa.fr\/wp-content\/uploads\/2025\/05\/16\/img-8863-grande.jpeg\" decoding=\"async\" loading=\"lazy\"  \/>            <\/p>\n<p>                <img width=\"667\" height=\"500\" src=\"https:\/\/www.europesays.com\/fr\/wp-content\/uploads\/2025\/05\/img-8862-grande-667x500.jpeg\" class=\"attachment-gallery size-gallery\" alt=\"hotel mercure place de bordeaux\" data-full-url=\"https:\/\/pokaa.fr\/wp-content\/uploads\/2025\/05\/16\/img-8862-grande.jpeg\" decoding=\"async\" loading=\"lazy\"  \/>            <\/p>\n<p>                    \u00a9 Nicolas Kaspar \/ Pokaa<\/p>\n<p>5 b\u00e2timents pour accueillir pr\u00e8s de 1 100 futur(e)s habitant(e)s<\/p>\n<p class=\"p1\"><a href=\"https:\/\/www.grand-est.developpement-durable.gouv.fr\/IMG\/pdf\/67_strasbourg_ancien_hotel_mercure_decision.pdf\" target=\"_blank\" rel=\"noopener nofollow\">Soumis \u00e0 d\u00e9cision de la Direction R\u00e9gionale de l\u2019Environnement, de l\u2019Am\u00e9nagement en octobre 2024<\/a>, le projet comprend 5 b\u00e2timents diff\u00e9rents pour investir les pr\u00e8s de 11 000m2 du site de l\u2019ancien h\u00f4tel Mercure. D\u00e9j\u00e0, une chose \u00e0 savoir : le projet sera vertical. <b>L\u2019immeuble le plus bas aura 7 \u00e9tages, tandis que le plus haut culminera \u00e0 50 m\u00e8tres de hauteur, avec 17 \u00e9tages<\/b>.<\/p>\n<p>    <img width=\"800\" height=\"423\" src=\"https:\/\/www.europesays.com\/fr\/wp-content\/uploads\/2025\/05\/wacken-05-800x423.jpeg\" class=\"attachment-image-size-L size-image-size-L\" alt=\"wacken-05\" decoding=\"async\" loading=\"lazy\"  \/>         \u00a9 Agence AMNA \/ Document remis <\/p>\n<p class=\"p1\">Globalement, trois b\u00e2timents seront amen\u00e9s \u00e0 loger les pr\u00e8s de 1 100 nouveaux\/elles habitant(e)s au sein de 238 appartements, <a href=\"https:\/\/www.rue89strasbourg.com\/place-bordeaux-projet-immobilier-riverains-342381\" target=\"_blank\" rel=\"noopener nofollow\">selon le d\u00e9compte de Rue89<\/a>. <b>Si la plus grande tour ne sera r\u00e9serv\u00e9e qu\u2019aux logements, deux autres immeubles accueilleront eux plusieurs commerces en rez-de-chauss\u00e9e<\/b>. Dans les deux derniers b\u00e2timents on trouvera dans l\u2019un une r\u00e9sidence \u00e9tudiante avec 187 places, dont 60 r\u00e9sidences sociales, et dans l\u2019autre un h\u00f4tel capable d\u2019accueillir 177 chambres.<\/p>\n<p class=\"p1\"><b>Le projet comprend aussi la construction d\u2019un parking souterrain de 196 places pour les voitures avec acc\u00e8s depuis la rue Richard-Strauss, en face du PMC<\/b>, et de 620 places pour les v\u00e9los. Des chiffres en baisse par rapport \u00e0 ce qui \u00e9tait pr\u00e9vu en octobre 2024, et qui promettent d\u00e9j\u00e0 de futurs d\u00e9bats sur le projet, qui devrait d\u00e9marrer au premier trimestre 2026.<\/p>\n<p>    <img width=\"800\" height=\"600\" src=\"https:\/\/www.europesays.com\/fr\/wp-content\/uploads\/2025\/05\/img-8864-grande-800x600.jpeg\" class=\"attachment-image-size-L size-image-size-L\" alt=\"hotel mercure place de bordeaux\" decoding=\"async\" loading=\"lazy\"  \/>         \u00a9 Nicolas Kaspar \/ Pokaa <\/p>\n<p>Un projet (d\u00e9j\u00e0) politique<\/p>\n<p class=\"p1\">Alors que celui-ci avait \u00e9t\u00e9 pr\u00e9sent\u00e9 aux riverain(e)s le 5 mai dernier, <strong>il est rapidement tomb\u00e9 dans l\u2019ar\u00e8ne politique strasbourgeoise<\/strong>. Comme souvent, c\u2019est Pierre Jakubowicz qui a d\u00e9gain\u00e9 en premier, envoyant un courrier \u00e0 Jeanne Barseghian le lendemain.<b> <\/b><\/p>\n<p class=\"p1\"><b>Le conseiller d\u2019opposition, et pas encore candidat aux municipales, s\u2019inqui\u00e8te que les garanties donn\u00e9es aux habitant(e)s ne soient pas suffisantes<\/b>, particuli\u00e8rement concernant le stationnement et les nouveaux services publics \u00e0 mettre en place pour faire face au futur afflux de 1 100 personnes.<\/p>\n<p>    <img width=\"800\" height=\"600\" src=\"https:\/\/www.europesays.com\/fr\/wp-content\/uploads\/2025\/05\/img-8865-grande-800x600.jpeg\" class=\"attachment-image-size-L size-image-size-L\" alt=\"hotel mercure place de bordeaux\" decoding=\"async\" loading=\"lazy\"  \/>         \u00a9 Nicolas Kaspar \/ Pokaa <\/p>\n<p class=\"p1\">Le lendemain, le 7 mai, c\u2019est le seul candidat d\u00e9clar\u00e9 Jean-Philippe Vetter qui a lui aussi envoy\u00e9 un courrier \u00e0 la maire de Strasbourg. Dans ses critiques,<b> il est plus frontal que son comp\u00e8re de l\u2019opposition, d\u00e9non\u00e7ant le trop peu de places de stationnement, \u00ab\u00a0un projet qui avance vite, tr\u00e8s vite\u00a0\u00bb<\/b> et le fait que \u00ab la Ville avait affirm\u00e9 aux riverains [que le projet] ne verrait pas le jour durant ce mandat \u00bb.<\/p>\n<p class=\"p1\">Finalement, <b>ce qui a diff\u00e9renci\u00e9 les deux membres de l\u2019opposition c\u2019est leur fa\u00e7on de communiquer leur action<\/b> : par un mail envoy\u00e9 \u00e0 la presse par Pierre Jakubowicz, sur les r\u00e9seaux sociaux pour Jean-Philippe Vetter. Dans cette affaire, depuis une semaine, la Ville n\u2019a pas communiqu\u00e9 sur le projet. Mais il est fort possible que le sujet revienne sur la table lors du conseil municipal de ce 19 mai.<\/p>\n<p>    <img width=\"800\" height=\"600\" src=\"https:\/\/www.europesays.com\/fr\/wp-content\/uploads\/2025\/05\/img-8860-grande-800x600.jpeg\" class=\"attachment-image-size-L size-image-size-L\" alt=\"hotel mercure place de bordeaux\" decoding=\"async\" loading=\"lazy\"  \/>         \u00a9 Nicolas Kaspar \/ Pokaa <\/p>\n","protected":false},"excerpt":{"rendered":"Accueil \/ Info locale \/ Quartier Wacken : un projet immobilier va transformer les 11 000m2 de l\u2019ancien&hellip;\n","protected":false},"author":2,"featured_media":109805,"comment_status":"","ping_status":"","sticky":false,"template":"","format":"standard","meta":{"footnotes":""},"categories":[2820],"tags":[1111,11,1777,674,1011,27,775,1116,12,25,640],"class_list":{"0":"post-109804","1":"post","2":"type-post","3":"status-publish","4":"format-standard","5":"has-post-thumbnail","7":"category-strasbourg","8":"tag-actu","9":"tag-actualites","10":"tag-eu","11":"tag-europe","12":"tag-fr","13":"tag-france","14":"tag-grand-est","15":"tag-immobilier","16":"tag-news","17":"tag-republique-francaise","18":"tag-strasbourg"},"share_on_mastodon":{"url":"https:\/\/pubeurope.com\/@fr\/114529983909267715","error":""},"_links":{"self":[{"href":"https:\/\/www.europesays.com\/fr\/wp-json\/wp\/v2\/posts\/109804","targetHints":{"allow":["GET"]}}],"collection":[{"href":"https:\/\/www.europesays.com\/fr\/wp-json\/wp\/v2\/posts"}],"about":[{"href":"https:\/\/www.europesays.com\/fr\/wp-json\/wp\/v2\/types\/post"}],"author":[{"embeddable":true,"href":"https:\/\/www.europesays.com\/fr\/wp-json\/wp\/v2\/users\/2"}],"replies":[{"embeddable":true,"href":"https:\/\/www.europesays.com\/fr\/wp-json\/wp\/v2\/comments?post=109804"}],"version-history":[{"count":0,"href":"https:\/\/www.europesays.com\/fr\/wp-json\/wp\/v2\/posts\/109804\/revisions"}],"wp:featuredmedia":[{"embeddable":true,"href":"https:\/\/www.europesays.com\/fr\/wp-json\/wp\/v2\/media\/109805"}],"wp:attachment":[{"href":"https:\/\/www.europesays.com\/fr\/wp-json\/wp\/v2\/media?parent=109804"}],"wp:term":[{"taxonomy":"category","embeddable":true,"href":"https:\/\/www.europesays.com\/fr\/wp-json\/wp\/v2\/categories?post=109804"},{"taxonomy":"post_tag","embeddable":true,"href":"https:\/\/www.europesays.com\/fr\/wp-json\/wp\/v2\/tags?post=109804"}],"curies":[{"name":"wp","href":"https:\/\/api.w.org\/{rel}","templated":true}]}}