{"id":109824,"date":"2025-05-18T17:29:24","date_gmt":"2025-05-18T17:29:24","guid":{"rendered":"https:\/\/www.europesays.com\/fr\/109824\/"},"modified":"2025-05-18T17:29:24","modified_gmt":"2025-05-18T17:29:24","slug":"lille-victorias-secret-deploie-ses-ailes-a-westfield-euralille-pour-proposer-sa-lingerie-glamour","status":"publish","type":"post","link":"https:\/\/www.europesays.com\/fr\/109824\/","title":{"rendered":"Lille. Victoria&rsquo;s Secret d\u00e9ploie ses ailes \u00e0 Westfield Euralille pour proposer sa lingerie glamour"},"content":{"rendered":"<p>            Par<br \/>\n        <strong><br \/>\n            <a href=\"https:\/\/actu.fr\/auteur\/hervine-mahaud\" title=\"Consulter tous les articles de Hervine Mahaud\" target=\"_blank\" rel=\"noopener\">Hervine Mahaud<\/a><br \/>\n        <\/strong><\/p>\n<p>        Publi\u00e9 le<\/p>\n<p>            17 mai 2025 \u00e0 6h16        <\/p>\n<p><b>Lingerie<\/b>, <b>parfums<\/b>, <b>pyjamas<\/b>\u2026<b> La c\u00e9l\u00e8bre marque am\u00e9ricaine Victoria\u2019s Secret<\/b> d\u00e9barque \u00e0 <b>Lille<\/b> avec une <b>boutique<\/b> o\u00f9 les clientes retrouveront tout l\u2019univers de la marque. Situ\u00e9 au rez-de-chauss\u00e9e dans deux cellules commerciales r\u00e9unies (auparavant occup\u00e9es par G-Star et Kaproal), le <b>magasin<\/b> ouvre ce samedi 17 mai 2025 au <b>centre commercial Wesfield Euralille<\/b>. Une <b>implantation strat\u00e9gique<\/b> pour la marque, qui \u00e9tend d\u00e9sormais son <b>univers glamour<\/b>\u00a0aux clientes du <b>nord de la France<\/b>.<\/p>\n<p>Lingerie et produits de beaut\u00e9<\/p>\n<p class=\" wall-content\">Souvenez-vous, <a href=\"https:\/\/actu.fr\/hauts-de-france\/lille_59350\/lille-cette-marque-de-lingerie-modialement-connue-ouvre-un-magasin-au-centre-westfield-euralille_60929863.html\" target=\"_blank\" rel=\"noopener\">il y a un an nous vous annoncions l\u2019arriv\u00e9e de Victoria\u2019s Secret \u00e0 Westfield Euralille<\/a>. Les clients du <a href=\"https:\/\/actu.fr\/hauts-de-france\/lille_59350\/westfield-euralille-en-tres-bonne-sante-financiere-avec-pres-dun-million-de-visiteurs-gagnes-en-2024_62330102.html\" target=\"_blank\" rel=\"noopener\">centre commercial<\/a> avaient m\u00eame vot\u00e9 majoritairement pour que la marque pose ses valises \u00e0 Lille. Leur r\u00eave est enfin exauc\u00e9 ce 17 mai, date d\u2019ouverture officielle de la boutique tant esp\u00e9r\u00e9e.\u00a0<\/p>\n<p>    <img   decoding=\"async\" loading=\"lazy\" class=\"size-large\" src=\"https:\/\/www.europesays.com\/fr\/wp-content\/uploads\/2025\/05\/1220207ca72867620207ca7285a202v-960x640.jpg\" alt=\"La mode du \" no=\"\" bra=\"\" est=\"\" mise=\"\" en=\"\" avant=\"\" chez=\"\" victoria=\"\" secret=\"\" width=\"960\" height=\"640\"\/><br \/>\n    La mode du \u00ab\u00a0no bra\u00a0\u00bb est \u00e9galement mise en avant chez Victoria\u2019s Secret \u00a9Hervine Mahaud<\/p>\n<p class=\" wall-content\">Les clientes pourront d\u00e9sormais trouver l\u2019int\u00e9gralit\u00e9 de l\u2019univers Victoria\u2019s Secret : <b>lingerie raffin\u00e9e, v\u00eatements de nuit \u00e9l\u00e9gants, mais aussi produits de beaut\u00e9 et parfums<\/b>. Ainsi que les derni\u00e8res nouveaut\u00e9s, comme la fragrance Bombshell Escape, r\u00e9cemment lanc\u00e9e par la marque.<\/p>\n<p>    <img   decoding=\"async\" loading=\"lazy\" class=\"size-large\" src=\"https:\/\/www.europesays.com\/fr\/wp-content\/uploads\/2025\/05\/dc8e007ca7286519e007ca728659e0v-960x640.jpg\" alt=\"Les clientes retrouveront les brumes parfum\u00e9es et parfums de l'enseigne.\" width=\"960\" height=\"640\"\/><br \/>\n    Les clientes retrouveront les brumes parfum\u00e9es et parfums de l\u2019enseigne. \u00a9Hervine MahaudUn d\u00e9veloppement ambitieux en Europe<\/p>\n<p class=\" wall-content\">Avec cette ouverture, <b>Lille devient le 14e point de vente<\/b> Victoria\u2019s Secret en France, et le 57e en Europe. Ce d\u00e9veloppement est men\u00e9 en partenariat avec le groupe Percassi (qui poss\u00e8de aussi les marques Gucci, Nike, Kiko Milano, Lego et Starbucks) qui souligne l\u2019ambition de la marque de s\u2019ancrer durablement sur le Vieux Continent.<\/p>\n<p>Un g\u00e9ant mondial de la lingerie<\/p>\n<p class=\" wall-content\">Cr\u00e9\u00e9e en 1977 \u00e0 San Francisco, aux \u00c9tats-Unis, la marque de lingerie, d\u2019habillement et de produits de beaut\u00e9 a conquis les femmes du monde entier. Elle mise ainsi sur \u00a0\u00bb des produits qui repr\u00e9sentent \u00e0 100% la f\u00e9minit\u00e9, le glamour et la sophistication \u00ab\u00a0.<\/p>\n<p class=\" wall-content\">Victoria\u2019s Secret s\u2019est aussi fait conna\u00eetre gr\u00e2ce \u00e0 ses d\u00e9fil\u00e9s grandioses pour lesquels les plus grands top models du monde \u2013 les Anges \u2013 ont d\u00e9fil\u00e9. Mais souvent critiqu\u00e9e pour ne mettre en avant que des corps parfaits, l\u2019enseigne a d\u00e9cid\u00e9 de changer son image \u00e0 partir de 2021.<\/p>\n<p>    <img   decoding=\"async\" loading=\"lazy\" class=\"size-large\" src=\"https:\/\/www.europesays.com\/fr\/wp-content\/uploads\/2025\/05\/c835df6ca72867d35df6ca7289145dv-960x640.jpg\" alt=\"Dentelles et ensembles d\u00e9licats font partie des best sellers de l'enseigne.\" width=\"960\" height=\"640\"\/><br \/>\n    Dentelles et ensembles d\u00e9licats font partie des best sellers de l\u2019enseigne. \u00a9Hervine Mahaud<\/p>\n<p class=\" wall-content\">D\u00e9sormais, Victoria\u2019s Secret se veut plus inclusive : mannequins de tous les physiques et de tout milieu, tailles de v\u00eatements \u00e9largies.<\/p>\n<p class=\" wall-content\">Suivez toute l\u2019actualit\u00e9 de vos villes et m\u00e9dias favoris en vous inscrivant \u00e0 <a href=\"https:\/\/moncompte.actu.fr\" title=\"D\u00e9couvez Mon Actu\" rel=\"nofollow noopener\" data-trk=\"{&quot;cta&quot;:{&quot;action&quot;:&quot;https:\\\/\\\/moncompte.actu.fr&quot;,&quot;category&quot;:&quot;mon compte&quot;,&quot;from&quot;:&quot;article footer&quot;,&quot;name&quot;:&quot;Mon actu&quot;,&quot;type&quot;:&quot;cta&quot;}}\" target=\"_blank\">Mon Actu<\/a>.<\/p>\n<ul class=\"ac-article-tag wall-content\">\n<li><a href=\"https:\/\/actu.fr\/tag\/nouveaux-commerces\" data-trk=\"{&quot;cta&quot;:{&quot;action&quot;:&quot;Nouveaux commerces&quot;,&quot;category&quot;:&quot;tag&quot;,&quot;from&quot;:&quot;article footer&quot;,&quot;name&quot;:&quot;Nouveaux commerces&quot;,&quot;type&quot;:&quot;cta&quot;}}\" target=\"_blank\" rel=\"noopener\">#Nouveaux commerces<\/a><\/li>\n<li><a href=\"https:\/\/actu.fr\/tag\/textile\" data-trk=\"{&quot;cta&quot;:{&quot;action&quot;:&quot;Textile&quot;,&quot;category&quot;:&quot;tag&quot;,&quot;from&quot;:&quot;article footer&quot;,&quot;name&quot;:&quot;Textile&quot;,&quot;type&quot;:&quot;cta&quot;}}\" target=\"_blank\" rel=\"noopener\">#Textile<\/a><\/li>\n<\/ul>\n","protected":false},"excerpt":{"rendered":"Par Hervine Mahaud Publi\u00e9 le 17 mai 2025 \u00e0 6h16 Lingerie, parfums, pyjamas\u2026 La c\u00e9l\u00e8bre marque am\u00e9ricaine Victoria\u2019s&hellip;\n","protected":false},"author":2,"featured_media":109825,"comment_status":"","ping_status":"","sticky":false,"template":"","format":"standard","meta":{"footnotes":""},"categories":[2815],"tags":[1111,11,33,1777,674,1011,27,811,1307,12,3147,25,2422],"class_list":{"0":"post-109824","1":"post","2":"type-post","3":"status-publish","4":"format-standard","5":"has-post-thumbnail","7":"category-lille","8":"tag-actu","9":"tag-actualites","10":"tag-economie","11":"tag-eu","12":"tag-europe","13":"tag-fr","14":"tag-france","15":"tag-hauts-de-france","16":"tag-lille","17":"tag-news","18":"tag-nouveaux-commerces","19":"tag-republique-francaise","20":"tag-textile"},"share_on_mastodon":{"url":"https:\/\/pubeurope.com\/@fr\/114530023168618713","error":""},"_links":{"self":[{"href":"https:\/\/www.europesays.com\/fr\/wp-json\/wp\/v2\/posts\/109824","targetHints":{"allow":["GET"]}}],"collection":[{"href":"https:\/\/www.europesays.com\/fr\/wp-json\/wp\/v2\/posts"}],"about":[{"href":"https:\/\/www.europesays.com\/fr\/wp-json\/wp\/v2\/types\/post"}],"author":[{"embeddable":true,"href":"https:\/\/www.europesays.com\/fr\/wp-json\/wp\/v2\/users\/2"}],"replies":[{"embeddable":true,"href":"https:\/\/www.europesays.com\/fr\/wp-json\/wp\/v2\/comments?post=109824"}],"version-history":[{"count":0,"href":"https:\/\/www.europesays.com\/fr\/wp-json\/wp\/v2\/posts\/109824\/revisions"}],"wp:featuredmedia":[{"embeddable":true,"href":"https:\/\/www.europesays.com\/fr\/wp-json\/wp\/v2\/media\/109825"}],"wp:attachment":[{"href":"https:\/\/www.europesays.com\/fr\/wp-json\/wp\/v2\/media?parent=109824"}],"wp:term":[{"taxonomy":"category","embeddable":true,"href":"https:\/\/www.europesays.com\/fr\/wp-json\/wp\/v2\/categories?post=109824"},{"taxonomy":"post_tag","embeddable":true,"href":"https:\/\/www.europesays.com\/fr\/wp-json\/wp\/v2\/tags?post=109824"}],"curies":[{"name":"wp","href":"https:\/\/api.w.org\/{rel}","templated":true}]}}