{"id":109828,"date":"2025-05-18T17:31:08","date_gmt":"2025-05-18T17:31:08","guid":{"rendered":"https:\/\/www.europesays.com\/fr\/109828\/"},"modified":"2025-05-18T17:31:08","modified_gmt":"2025-05-18T17:31:08","slug":"ils-ont-tellement-plus-de-choses-a-raconter-le-stand-up-pour-seniors-nait-a-marseille-avec-les-thes-marrants","status":"publish","type":"post","link":"https:\/\/www.europesays.com\/fr\/109828\/","title":{"rendered":"\u00ab\u00a0Ils ont tellement plus de choses \u00e0 raconter\u00a0\u00bb\u00a0: le stand-up pour seniors na\u00eet \u00e0 Marseille avec les \u00ab\u00a0Th\u00e9s marrants\u00a0\u00bb"},"content":{"rendered":"<p class=\"paragraph text_align_left\">Place aux seniors sur la sc\u00e8ne du Com\u00e9die Club du Vieux-Port de Marseille (<a href=\"https:\/\/www.leparisien.fr\/bouches-du-rhone-13\/\" target=\"_blank\" rel=\"noreferrer noopener\">Bouches-du-Rh\u00f4ne<\/a>)\u2026 Devenue incontournable en 12 ans d\u2019existence, la plus ancienne sc\u00e8ne ouverte de la ville, o\u00f9 des stars comme <a href=\"https:\/\/www.leparisien.fr\/culture-loisirs\/cinema\/festival-de-cannes\/pourquoi-kev-adams-et-michael-youn-ont-monte-les-marches-du-festival-de-cannes-avec-une-calvitie-18-05-2025-2AREXG7UMBHB5CERWH3SBNGGO4.php\" target=\"_blank\" rel=\"noreferrer noopener\">Kev Adams<\/a>, <a href=\"https:\/\/www.leparisien.fr\/culture-loisirs\/cinema\/comme-si-je-metais-accorde-le-droit-detre-heureux-apres-son-burn-out-alban-ivanov-retrouve-son-punch-22-10-2024-WWII6JGOR5EIHODEPJGPDNF34I.php\" target=\"_blank\" rel=\"noreferrer noopener\">Alban Ivanov<\/a>, Camille Lellouche, Anne Roumanoff, Titoff, <a href=\"https:\/\/www.leparisien.fr\/culture-loisirs\/cinema\/delocalises-comment-les-freres-ali-et-redouane-bougheraba-ont-tourne-en-inde-12-03-2025-BYPGQO7K7FAVZEMVT7PYJYFV4Y.php\" target=\"_blank\" rel=\"noreferrer noopener\">Redouane Bougheraba<\/a> ou <a href=\"https:\/\/www.leparisien.fr\/culture-loisirs\/une-experience-avec-des-jeunes-de-qualite-gad-elmaleh-annonce-louverture-dun-comedie-club-a-marseille-21-01-2025-ZSAS4L5F65GGTAY6PCJJNI5GWE.php\" target=\"_blank\" rel=\"noreferrer noopener\">Gad Elmaleh<\/a> viennent roder leur spectacle et parfois y ont d\u00e9but\u00e9, propose d\u00e9j\u00e0 11 spectacles par semaine.<\/p>\n<p class=\"paragraph text_align_left\">Et elle lance un concept unique en France : \u00ab Les Th\u00e9s marrants \u00bb, des \u00ab battles \u00bb d\u2019humour r\u00e9serv\u00e9es aux com\u00e9diens de 60 ans et plus. La premi\u00e8re a eu lieu dimanche et le concept devrait se r\u00e9p\u00e9ter au moins une fois par mois avant de gagner sans doute le reste de la France, tant les demandes sont d\u00e9j\u00e0 fortes.<\/p>\n","protected":false},"excerpt":{"rendered":"Place aux seniors sur la sc\u00e8ne du Com\u00e9die Club du Vieux-Port de Marseille (Bouches-du-Rh\u00f4ne)\u2026 Devenue incontournable en 12&hellip;\n","protected":false},"author":2,"featured_media":109829,"comment_status":"","ping_status":"","sticky":false,"template":"","format":"standard","meta":{"footnotes":""},"categories":[2814],"tags":[1111,917,11,11004,872,459,1777,674,1011,27,884,12,882,25],"class_list":{"0":"post-109828","1":"post","2":"type-post","3":"status-publish","4":"format-standard","5":"has-post-thumbnail","7":"category-marseille","8":"tag-actu","9":"tag-actu-locale","10":"tag-actualites","11":"tag-bouches-du-rhone-13","12":"tag-culture-et-loisirs","13":"tag-departements-horsidfo","14":"tag-eu","15":"tag-europe","16":"tag-fr","17":"tag-france","18":"tag-marseille","19":"tag-news","20":"tag-provence-alpes-cote-dazur","21":"tag-republique-francaise"},"share_on_mastodon":{"url":"https:\/\/pubeurope.com\/@fr\/114530031051215944","error":""},"_links":{"self":[{"href":"https:\/\/www.europesays.com\/fr\/wp-json\/wp\/v2\/posts\/109828","targetHints":{"allow":["GET"]}}],"collection":[{"href":"https:\/\/www.europesays.com\/fr\/wp-json\/wp\/v2\/posts"}],"about":[{"href":"https:\/\/www.europesays.com\/fr\/wp-json\/wp\/v2\/types\/post"}],"author":[{"embeddable":true,"href":"https:\/\/www.europesays.com\/fr\/wp-json\/wp\/v2\/users\/2"}],"replies":[{"embeddable":true,"href":"https:\/\/www.europesays.com\/fr\/wp-json\/wp\/v2\/comments?post=109828"}],"version-history":[{"count":0,"href":"https:\/\/www.europesays.com\/fr\/wp-json\/wp\/v2\/posts\/109828\/revisions"}],"wp:featuredmedia":[{"embeddable":true,"href":"https:\/\/www.europesays.com\/fr\/wp-json\/wp\/v2\/media\/109829"}],"wp:attachment":[{"href":"https:\/\/www.europesays.com\/fr\/wp-json\/wp\/v2\/media?parent=109828"}],"wp:term":[{"taxonomy":"category","embeddable":true,"href":"https:\/\/www.europesays.com\/fr\/wp-json\/wp\/v2\/categories?post=109828"},{"taxonomy":"post_tag","embeddable":true,"href":"https:\/\/www.europesays.com\/fr\/wp-json\/wp\/v2\/tags?post=109828"}],"curies":[{"name":"wp","href":"https:\/\/api.w.org\/{rel}","templated":true}]}}