{"id":109832,"date":"2025-05-18T17:33:08","date_gmt":"2025-05-18T17:33:08","guid":{"rendered":"https:\/\/www.europesays.com\/fr\/109832\/"},"modified":"2025-05-18T17:33:08","modified_gmt":"2025-05-18T17:33:08","slug":"lyon-2e-arrondissement-trois-creatrices-lyonnaises-sunissent-rue-auguste-comte","status":"publish","type":"post","link":"https:\/\/www.europesays.com\/fr\/109832\/","title":{"rendered":"Lyon 2e Arrondissement. Trois cr\u00e9atrices lyonnaises s\u2019unissent rue Auguste-Comte"},"content":{"rendered":"<p>De l\u2019illustration \u00e0 la papeterie et aux boules de neige avec Catherine\u00a0; du luminaire \u00e0 la suspension et applique murale sur mesure avec Alexandra\u00a0; de la confection textile \u00e0 l\u2019\u00e9charpe, au coussin et plaid avec Marianne\u2026 C\u2019est ce qu\u2019offre l\u2019enseigne 3\u00a0Novembre, de ces trois cr\u00e9atrices lyonnaises qui ont d\u00e9cid\u00e9, en novembre dernier, d\u2019ouvrir en commun une boutique atelier. Au 32, rue Auguste-Comte, les nouvelles vitrines pr\u00e9sentent une foule d\u2019objets r\u00e9alis\u00e9s sur place mettant en exergue le talent f\u00e9minin local.<\/p>\n","protected":false},"excerpt":{"rendered":"De l\u2019illustration \u00e0 la papeterie et aux boules de neige avec Catherine\u00a0; du luminaire \u00e0 la suspension et&hellip;\n","protected":false},"author":2,"featured_media":109833,"comment_status":"","ping_status":"","sticky":false,"template":"","format":"standard","meta":{"footnotes":""},"categories":[1889],"tags":[1111,11,2430,4406,33,2757,1777,674,1011,27,2428,12354,12353,12,25],"class_list":{"0":"post-109832","1":"post","2":"type-post","3":"status-publish","4":"format-standard","5":"has-post-thumbnail","7":"category-lyon","8":"tag-actu","9":"tag-actualites","10":"tag-auvergne-rhone-alpes","11":"tag-commerce-et-services","12":"tag-economie","13":"tag-edition-lyon-villeurbanne","14":"tag-eu","15":"tag-europe","16":"tag-fr","17":"tag-france","18":"tag-lyon","19":"tag-lyon-2e","20":"tag-lyon-2e-arrondissement","21":"tag-news","22":"tag-republique-francaise"},"share_on_mastodon":{"url":"https:\/\/pubeurope.com\/@fr\/114530038758913639","error":""},"_links":{"self":[{"href":"https:\/\/www.europesays.com\/fr\/wp-json\/wp\/v2\/posts\/109832","targetHints":{"allow":["GET"]}}],"collection":[{"href":"https:\/\/www.europesays.com\/fr\/wp-json\/wp\/v2\/posts"}],"about":[{"href":"https:\/\/www.europesays.com\/fr\/wp-json\/wp\/v2\/types\/post"}],"author":[{"embeddable":true,"href":"https:\/\/www.europesays.com\/fr\/wp-json\/wp\/v2\/users\/2"}],"replies":[{"embeddable":true,"href":"https:\/\/www.europesays.com\/fr\/wp-json\/wp\/v2\/comments?post=109832"}],"version-history":[{"count":0,"href":"https:\/\/www.europesays.com\/fr\/wp-json\/wp\/v2\/posts\/109832\/revisions"}],"wp:featuredmedia":[{"embeddable":true,"href":"https:\/\/www.europesays.com\/fr\/wp-json\/wp\/v2\/media\/109833"}],"wp:attachment":[{"href":"https:\/\/www.europesays.com\/fr\/wp-json\/wp\/v2\/media?parent=109832"}],"wp:term":[{"taxonomy":"category","embeddable":true,"href":"https:\/\/www.europesays.com\/fr\/wp-json\/wp\/v2\/categories?post=109832"},{"taxonomy":"post_tag","embeddable":true,"href":"https:\/\/www.europesays.com\/fr\/wp-json\/wp\/v2\/tags?post=109832"}],"curies":[{"name":"wp","href":"https:\/\/api.w.org\/{rel}","templated":true}]}}