{"id":109838,"date":"2025-05-18T17:36:10","date_gmt":"2025-05-18T17:36:10","guid":{"rendered":"https:\/\/www.europesays.com\/fr\/109838\/"},"modified":"2025-05-18T17:36:10","modified_gmt":"2025-05-18T17:36:10","slug":"mort-de-werenoi-panne-a-orly-femmes-etranglees-dans-le-metro-les-infos-du-week-end-en-ile-de-france","status":"publish","type":"post","link":"https:\/\/www.europesays.com\/fr\/109838\/","title":{"rendered":"Mort de Werenoi, panne \u00e0 Orly, femmes \u00e9trangl\u00e9es dans le m\u00e9tro&#8230; Les infos du week-end en \u00cele-de-France"},"content":{"rendered":"<p>            Par<br \/>\n        <strong><br \/>\n            <a href=\"https:\/\/actu.fr\/auteur\/julie-bossart-actu-fr\" title=\"Consulter tous les articles de Julie Bossart\" target=\"_blank\" rel=\"noopener\">Julie Bossart<\/a><br \/>\n        <\/strong><\/p>\n<p>        Publi\u00e9 le<\/p>\n<p>            18 mai 2025 \u00e0 19h04        <\/p>\n<p>En \u00cele-de-France, le week-end a commenc\u00e9 par le <a href=\"https:\/\/actu.fr\/ile-de-france\/montreuil_93048\/mort-du-rappeur-werenoi-le-plus-gros-vendeur-de-musique-de-france-aux-millions-d-albums_62650401.html\" target=\"_blank\" rel=\"noopener\">d\u00e9c\u00e8s brutal de Werenoi<\/a>, star fran\u00e7aise du rap, samedi 17\u00a0mai 2025, et s\u2019est sold\u00e9 par une importante panne \u00e0 <a href=\"https:\/\/actu.fr\/tag\/aeroport-dorly\" target=\"_blank\" rel=\"noopener\">l\u2019a\u00e9roport d\u2019Orly<\/a>, ce dimanche. Entre ces deux temps forts de l\u2019actualit\u00e9 dans la r\u00e9gion, actu vous a fait parl\u00e9 de plein d\u2019autres sujets. Le d\u00e9brief par ici.<\/p>\n<p>Mort de Werenoi, le plus gros vendeur de musique de France<\/p>\n<p class=\" wall-content\">Il avait 31\u00a0ans. Werenoi, de son vrai nom J\u00e9r\u00e9my Bana Owona, est d\u00e9c\u00e9d\u00e9 samedi 17\u00a0mai \u00e0 <a href=\"https:\/\/actu.fr\/paris\/dernieres-actus\" target=\"_blank\" rel=\"noopener\">Paris<\/a>. Originaire de <a href=\"https:\/\/actu.fr\/ile-de-france\/montreuil_93048\" target=\"_blank\" rel=\"noopener\">Montreuil<\/a>, le num\u00e9ro un des ventes d\u2019albums en France en\u00a02023 et\u00a02024 a \u00e9t\u00e9 hospitalis\u00e9 \u00e0 La Salp\u00eatri\u00e8re apr\u00e8s la<a href=\"https:\/\/actu.fr\/societe\/mort-du-rappeur-werenoi-a-paris-ce-que-l-on-sait-du-deces-de-l-artiste-de-31-ans_62650767.html\" target=\"_blank\" rel=\"noopener\"> d\u00e9gradation soudaine<\/a> de son \u00e9tat de sant\u00e9. \u00c0 l\u2019heure actuelle, les causes de sa mort n\u2019ont pas \u00e9t\u00e9 confirm\u00e9es. Dans une vid\u00e9o film\u00e9e pour la c\u00e9r\u00e9monie des <a href=\"https:\/\/actu.fr\/loisirs-culture\/tiakola-sdm-les-rappeurs-de-seine-saint-denis-et-des-hauts-de-seine-sacres-lors-des-flammes-2025_62632297.html\" target=\"_blank\" rel=\"noopener\">Flammes<\/a>, il \u00e9tait apparu mardi avec le bras en \u00e9charpe. \u00ab\u2009Je suis d\u00e9go\u00fbt\u00e9, j\u2019ai pas pu \u00eatre l\u00e0 ce soir. Suite \u00e0 une grosse blessure. Mais c\u2019est que partie remise\u2009\u00bb, y affirmait-il. Son d\u00e9c\u00e8s a suscit\u00e9 une <a href=\"https:\/\/actu.fr\/ile-de-france\/paris_75056\/sch-medine-hanouna-pluie-d-hommages-apres-la-mort-brutale-du-rappeur-werenoi-a-31-ans_62650848.html\" target=\"_blank\" rel=\"noopener\">vague d\u2019hommages<\/a>, mais aussi une<a href=\"https:\/\/actu.fr\/ile-de-france\/paris_75056\/la-mort-n-est-pas-un-gossip-polemique-apres-le-deces-du-rappeur-werenoi-le-blogueur-aqabe-attaque_62651190.html\" target=\"_blank\" rel=\"noopener\"> pol\u00e9mique<\/a>, visant l\u2019influenceur Aqabe.<\/p>\n<p class=\" wall-content\">Ce dimanche, la ville de Montreuil, o\u00f9 il y avait des attaches familiales, nous confirmait r\u00e9fl\u00e9chir \u00e0 un hommage sp\u00e9cifique.<\/p>\n<p>Le syst\u00e8me de contr\u00f4le a\u00e9rien en panne \u00e0 Orly<\/p>\n<p class=\" wall-content\">Gros bazar \u00e0 Orly, ce dimanche 18\u00a0mai. Un<a href=\"https:\/\/actu.fr\/ile-de-france\/orly_94054\/panne-des-dispositifs-de-controle-aerien-a-l-aeroport-d-orly-le-trafic-aerien-reduit-de-40-jusqu-a-ce-soir_62652874.html\" target=\"_blank\" rel=\"noopener\"> important dysfonctionnement<\/a> du dispositif de contr\u00f4le a\u00e9rien a \u00e9t\u00e9 d\u00e9tect\u00e9 \u00e0 l\u2019a\u00e9roport val-de-marnais. \u00ab\u2009Pour des raisons de s\u00e9curit\u00e9, l\u2019espace de temps entre chaque vol a \u00e9t\u00e9 allong\u00e9\u2009\u00bb, nous a indiqu\u00e9 la DGAC, qui ajoutait avoir \u00ab\u2009demand\u00e9 aux compagnies a\u00e9riennes de r\u00e9duire de 40\u2009% le nombre de vols jusqu\u2019\u00e0 ce soir\u2009\u00bb. Difficile de savoir ce soir si les perturbations allaient se poursuivre jusqu\u2019\u00e0 lundi.<\/p>\n<p>Il tente d\u2019\u00e9trangler deux femmes dans le m\u00e9tro<\/p>\n<p class=\" wall-content\">Un homme a fini par \u00eatre arr\u00eat\u00e9 samedi matin, dans le 19e arrondissement de Paris. Ce qui est lui reproch\u00e9\u2009: avoir <a href=\"https:\/\/actu.fr\/ile-de-france\/paris_75056\/deux-femmes-attaquees-et-etranglees-dans-le-metro-en-l-espace-d-une-heure-un-suspect-arrete_62652385.html\" target=\"_blank\" rel=\"noopener\">\u00e9trangl\u00e9 deux femmes<\/a> en l\u2019espace d\u2019une heure au m\u00eame endroit, \u00e0 savoir la station de m\u00e9tro Pyr\u00e9n\u00e9es. Une premi\u00e8re fois mis en fuite par des usagers du m\u00e9tro, il est revenu \u00e0 la charge. Des agents <a href=\"https:\/\/actu.fr\/tag\/ratp\" target=\"_blank\" rel=\"noopener\">RATP<\/a> notamment l\u2019ont appr\u00e9hend\u00e9. Les deux victimes ont \u00e9t\u00e9 hospitalis\u00e9es sans que leurs jours ne soient en danger.<\/p>\n<p>Vid\u00e9os : en ce moment sur ActuQuatre bless\u00e9s en urgence absolue apr\u00e8s une rixe<\/p>\n<p class=\" wall-content\">Dimanche, peu apr\u00e8s minuit, une <a href=\"https:\/\/actu.fr\/ile-de-france\/plaisir_78490\/a-plaisir-quatre-blesses-en-urgence-absolue-apres-une-violente-rixe-entre-jeunes_62651963.html\" target=\"_blank\" rel=\"noopener\">violente bagarre<\/a> ayant n\u00e9cessit\u00e9 l\u2019intervention des pompiers et des forces de l\u2019ordre a \u00e9clat\u00e9 \u00e0 Plaisir (Yvelines) entre des jeunes du quartier de Valibout, \u00e0 Plaisir (Yvelines), et un petit groupe d\u2019individu de nationalit\u00e9 albanaise. Ce d\u00e9ferlement de violence a caus\u00e9 quatre bless\u00e9s, dont trois majeurs et un mineur.<\/p>\n<p>Un m\u00e9tier m\u00e9connu, mais indispensable<\/p>\n<p class=\" wall-content\">Depuis pr\u00e8s de quatre ans, et apr\u00e8s une reconversion professionnelle, Johanna Cocquet est technicienne dentaire \u00e9quin en Seine-et-Marne. Elle r\u00e9alise les soins courants sur la dentition des \u00e9quid\u00e9s. Une <a href=\"https:\/\/actu.fr\/ile-de-france\/gesvres-le-chapitre_77205\/seine-et-marne-ce-metier-meconnu-est-indispensable-pour-le-bien-etre-des-chevaux_62649086.html\" target=\"_blank\" rel=\"noopener\">profession m\u00e9connue<\/a> mais qui est essentielle pour la bonne sant\u00e9 des chevaux.<\/p>\n<p>Qui se cache derri\u00e8re #SaccageParis<\/p>\n<p class=\" wall-content\">Surveill\u00e9 comme le lait sur le feu, instrumentalis\u00e9 ou enferm\u00e9 dans une case\u2026 Depuis quatre ans, le <a href=\"https:\/\/actu.fr\/ile-de-france\/paris_75056\/comment-saccageparis-a-permis-a-des-citoyens-ordinaires-de-peser-comme-rarement-sur-les-decisions-des-elus_62640901.html\" target=\"_blank\" rel=\"noopener\">hashtag SaccageParis<\/a> laisse rarement indiff\u00e9rents les \u00e9lus de la capitale. D\u2019un c\u00f4t\u00e9, on a des \u00ab\u2009individus lambdas\u2009\u00bb, de \u00ab\u200930 \u00e0 70\u00a0ans\u2009\u00bb, vivant aux quatre coins de la capitale, issus de divers bords politiques et uniquement anim\u00e9s par l\u2019envie de \u00ab\u2009r\u00e9parer des choses\u2009\u00bb ou de \u00ab\u2009pr\u00e9server le patrimoine\u2009\u00bb. De l\u2019autre, un mouvement qui a souvent \u00e9t\u00e9 instrumentalis\u00e9 par l\u2019opposition.<\/p>\n<p>    <a href=\"https:\/\/email.publihebdos.com\/form?lid=Mqc7o19yVDtMEo2FE8aUtw2\" title=\"Ouvrie le lien\" target=\"_blank\" rel=\"noopener\">Cliquez ici pour visualiser le contenu<\/a><\/p>\n<p>Les puces de Saint-Ouen \u00e0 l\u2019Unesco\u2009?<\/p>\n<p class=\" wall-content\">Vieilles de plus de cent cinquante ans, les Puces de Saint-Ouen (Seine-Saint-Denis) sont ancr\u00e9es dans le paysage de la porte de Clignancourt. Le lieu, surnomm\u00e9 \u00ab\u2009le grenier du monde\u2009\u00bb, a de quoi donner le tournis\u2009: un millier d\u2019antiquaires, onze march\u00e9s couverts, six rues puci\u00e8res et cinq millions de visiteurs chaque ann\u00e9e. C\u2019est la cinqui\u00e8me destination touristique Fran\u00e7aise, apr\u00e8s Disney, Notre-Dame, Le Louvre et la Tour Eiffel. Mais contrairement \u00e0 ces derniers, rien ne prot\u00e8ge ses sept hectares. Alors pour ancrer d\u00e9finitivement le lieu dans l\u2019histoire, les<a href=\"https:\/\/actu.fr\/ile-de-france\/saint-ouen-sur-seine_93070\/pour-se-proteger-des-promoteurs-les-historiques-puces-de-saint-ouen-visent-le-classement-a-l-unesco_62639690.html\" target=\"_blank\" rel=\"noopener\"> Puces de Saint-Ouen visent l\u2019Unesco<\/a>.<\/p>\n<p class=\" wall-content\">Suivez toute l\u2019actualit\u00e9 de vos villes et m\u00e9dias favoris en vous inscrivant \u00e0 <a href=\"https:\/\/moncompte.actu.fr\" title=\"D\u00e9couvez Mon Actu\" rel=\"nofollow noopener\" data-trk=\"{&quot;cta&quot;:{&quot;action&quot;:&quot;https:\\\/\\\/moncompte.actu.fr&quot;,&quot;category&quot;:&quot;mon compte&quot;,&quot;from&quot;:&quot;article footer&quot;,&quot;name&quot;:&quot;Mon actu&quot;,&quot;type&quot;:&quot;cta&quot;}}\" target=\"_blank\">Mon Actu<\/a>.<\/p>\n","protected":false},"excerpt":{"rendered":"Par Julie Bossart Publi\u00e9 le 18 mai 2025 \u00e0 19h04 En \u00cele-de-France, le week-end a commenc\u00e9 par le&hellip;\n","protected":false},"author":2,"featured_media":109839,"comment_status":"","ping_status":"","sticky":false,"template":"","format":"standard","meta":{"footnotes":""},"categories":[1592],"tags":[1111,11,659,1777,674,118,1011,27,662,4047,1391,12,626,25],"class_list":{"0":"post-109838","1":"post","2":"type-post","3":"status-publish","4":"format-standard","5":"has-post-thumbnail","7":"category-ile-de-france","8":"tag-actu","9":"tag-actualites","10":"tag-aeroport-dorly","11":"tag-eu","12":"tag-europe","13":"tag-faits-divers","14":"tag-fr","15":"tag-france","16":"tag-ile-de-france","17":"tag-metro","18":"tag-necrologie","19":"tag-news","20":"tag-paris","21":"tag-republique-francaise"},"share_on_mastodon":{"url":"https:\/\/pubeurope.com\/@fr\/114530050976466400","error":""},"_links":{"self":[{"href":"https:\/\/www.europesays.com\/fr\/wp-json\/wp\/v2\/posts\/109838","targetHints":{"allow":["GET"]}}],"collection":[{"href":"https:\/\/www.europesays.com\/fr\/wp-json\/wp\/v2\/posts"}],"about":[{"href":"https:\/\/www.europesays.com\/fr\/wp-json\/wp\/v2\/types\/post"}],"author":[{"embeddable":true,"href":"https:\/\/www.europesays.com\/fr\/wp-json\/wp\/v2\/users\/2"}],"replies":[{"embeddable":true,"href":"https:\/\/www.europesays.com\/fr\/wp-json\/wp\/v2\/comments?post=109838"}],"version-history":[{"count":0,"href":"https:\/\/www.europesays.com\/fr\/wp-json\/wp\/v2\/posts\/109838\/revisions"}],"wp:featuredmedia":[{"embeddable":true,"href":"https:\/\/www.europesays.com\/fr\/wp-json\/wp\/v2\/media\/109839"}],"wp:attachment":[{"href":"https:\/\/www.europesays.com\/fr\/wp-json\/wp\/v2\/media?parent=109838"}],"wp:term":[{"taxonomy":"category","embeddable":true,"href":"https:\/\/www.europesays.com\/fr\/wp-json\/wp\/v2\/categories?post=109838"},{"taxonomy":"post_tag","embeddable":true,"href":"https:\/\/www.europesays.com\/fr\/wp-json\/wp\/v2\/tags?post=109838"}],"curies":[{"name":"wp","href":"https:\/\/api.w.org\/{rel}","templated":true}]}}