{"id":109842,"date":"2025-05-18T17:38:11","date_gmt":"2025-05-18T17:38:11","guid":{"rendered":"https:\/\/www.europesays.com\/fr\/109842\/"},"modified":"2025-05-18T17:38:11","modified_gmt":"2025-05-18T17:38:11","slug":"a-laeroport-de-paris-orly-une-panne-provoque-lannulation-de-pres-de-la-moitie-des-vols-dimanche-soir","status":"publish","type":"post","link":"https:\/\/www.europesays.com\/fr\/109842\/","title":{"rendered":"\u00c0 l\u2019a\u00e9roport de Paris-Orly, une panne provoque l\u2019annulation de pr\u00e8s de la moiti\u00e9 des vols dimanche soir"},"content":{"rendered":"<p>FRANCE &#8211; Pagaille a\u00e9rienne \u00e0 Paris. En raison d\u2019<a data-i13n=\"cpos:1;pos:1\" href=\"https:\/\/fr.news.yahoo.com\/l-a%C3%A9roport-heathrow-pleinement-op%C3%A9rationnel-092528410.html\" data-ylk=\"slk:une panne;cpos:1;pos:1;elm:context_link;itc:0;sec:content-canvas;outcm:mb_qualified_link;_E:mb_qualified_link;ct:story;\" class=\"link  yahoo-link\" target=\"_blank\" rel=\"noopener\">une panne<\/a> sur des dispositifs de contr\u00f4le a\u00e9rien de la tour d\u2019Orly ce dimanche 18 mai, dans l\u2019apr\u00e8s-midi, le minist\u00e8re charg\u00e9 des Transports indique qu\u2019une r\u00e9gulation du trafic a\u00e9rien a \u00e9t\u00e9 impos\u00e9e jusqu\u2019\u00e0 dimanche soir.<\/p>\n<p>Ce qui implique une \u00ab diminution importante du nombre de vols \u00bb pr\u00e9vus ce dimanche soir, pr\u00e9cise le minist\u00e8re dans un communiqu\u00e9. En cons\u00e9quence, la direction g\u00e9n\u00e9rale de l\u2019Aviation civile (DGAC) a demand\u00e9 aux compagnies a\u00e9riennes de r\u00e9duire leur programme de vol de \u00ab 40 % \u00bb \u00e0 <a data-i13n=\"cpos:2;pos:1\" href=\"https:\/\/fr.news.yahoo.com\/%C3%A0-l-a%C3%A9roport-d-orly-131050896.html\" data-ylk=\"slk:l\u2019a\u00e9roport de Paris-Orly;cpos:2;pos:1;elm:context_link;itc:0;sec:content-canvas;outcm:mb_qualified_link;_E:mb_qualified_link;ct:story;\" class=\"link  yahoo-link\" target=\"_blank\" rel=\"noopener\">l\u2019a\u00e9roport de Paris-Orly<\/a>.<\/p>\n<p><a data-i13n=\"cpos:3;pos:1\" href=\"https:\/\/fr.news.yahoo.com\/chienne-meurt-%C3%A9cras%C3%A9e-a%C3%A9roport-corse-052012846.html\" data-ylk=\"slk:Une chienne meurt \u00e9cras\u00e9e dans un a\u00e9roport en Corse, sa famille met en cause Air France;cpos:3;pos:1;elm:context_link;itc:0;sec:content-canvas;outcm:mb_qualified_link;_E:mb_qualified_link;ct:story;\" class=\"link  yahoo-link\" target=\"_blank\" rel=\"noopener\">Une chienne meurt \u00e9cras\u00e9e dans un a\u00e9roport en Corse, sa famille met en cause Air France <\/a><\/p>\n<p>\u00ab Les \u00e9quipes techniques de la DGAC sont pleinement mobilis\u00e9es pour r\u00e9tablir un retour \u00e0 la normale dans les meilleurs d\u00e9lais \u00bb, est-il \u00e9galement pr\u00e9cis\u00e9. M\u00eame si \u00e0 ce stade, la DGAC n\u2019a pas indiqu\u00e9 si le trafic serait encore perturb\u00e9 lundi.<\/p>\n<p>Dans un tweet, le compte de Paris A\u00e9roport \u00e9voque d\u00e9j\u00e0 des \u00ab retards et des annulations de vols \u00e0 pr\u00e9voir \u00bb dans les prochaines heures, invitant au passage <a data-i13n=\"cpos:4;pos:1\" href=\"https:\/\/fr.news.yahoo.com\/a%C3%A9roport-n%C3%A9o-z%C3%A9landais-va-perdre-183014235.html\" data-ylk=\"slk:les voyageurs;cpos:4;pos:1;elm:context_link;itc:0;sec:content-canvas;outcm:mb_qualified_link;_E:mb_qualified_link;ct:story;\" class=\"link  yahoo-link\" target=\"_blank\" rel=\"noopener\">les voyageurs<\/a> concern\u00e9s par ces perturbations \u00e0 se rapprocher de leur compagnie a\u00e9rienne pour plus d\u2019informations.<\/p>\n<blockquote placeholder=\"\" data-theme=\"light\" class=\"twitter-tweet\">\n<p>\u26a0\ufe0fAttention, panne des dispositifs du contr\u00f4le a\u00e9rien \u00e0 <a href=\"https:\/\/twitter.com\/hashtag\/Orly?src=hash&amp;ref_src=twsrc%5Etfw\" rel=\"nofollow noopener\" target=\"_blank\" data-ylk=\"slk:#Orly;elm:context_link;itc:0;sec:content-canvas\" class=\"link \">#Orly<\/a>, des retards et des annulations de vols sont \u00e0 pr\u00e9voir. Rapprochez-vous de votre compagnie a\u00e9rienne pour plus d&rsquo;informations. <a href=\"https:\/\/t.co\/KSCNK4afuQ\" rel=\"nofollow noopener\" target=\"_blank\" data-ylk=\"slk:https:\/\/t.co\/KSCNK4afuQ;elm:context_link;itc:0;sec:content-canvas\" class=\"link \">https:\/\/t.co\/KSCNK4afuQ<\/a><\/p>\n<p>\u2014 Paris A\u00e9roport (@ParisAeroport) <a href=\"https:\/\/twitter.com\/ParisAeroport\/status\/1924107471393603686?ref_src=twsrc%5Etfw\" rel=\"nofollow noopener\" target=\"_blank\" data-ylk=\"slk:May 18, 2025;elm:context_link;itc:0;sec:content-canvas\" class=\"link \">May 18, 2025<\/a><\/p>\n<\/blockquote>\n<p>Plus d\u2019informations \u00e0 venir\u2026<\/p>\n<p><strong>\u00c0 voir \u00e9galement sur <\/strong><strong>Le HuffPost<\/strong><strong> :<\/strong><\/p>\n<p><a data-i13n=\"cpos:5;pos:1\" href=\"https:\/\/fr.news.yahoo.com\/transavia-m%C3%AAme-d%C3%A9j%C3%A0-billets-allez-155736417.html\" data-ylk=\"slk:Transavia : m\u00eame si vous avez d\u00e9j\u00e0 vos billets, vous allez devoir payer un suppl\u00e9ment;cpos:5;pos:1;elm:context_link;itc:0;sec:content-canvas;outcm:mb_qualified_link;_E:mb_qualified_link;ct:story;\" class=\"link  yahoo-link\" target=\"_blank\" rel=\"noopener\"> Transavia : m\u00eame si vous avez d\u00e9j\u00e0 vos billets, vous allez devoir payer un suppl\u00e9ment <\/a><\/p>\n<p><a data-i13n=\"cpos:6;pos:1\" href=\"https:\/\/fr.news.yahoo.com\/chez-air-france-violences-sexistes-154355996.html\" data-ylk=\"slk:Chez Air France, les violences sexistes et sexuelles confirm\u00e9es par deux syndicats du secteur;cpos:6;pos:1;elm:context_link;itc:0;sec:content-canvas;outcm:mb_qualified_link;_E:mb_qualified_link;ct:story;\" class=\"link  yahoo-link\" target=\"_blank\" rel=\"noopener\"> Chez Air France, les violences sexistes et sexuelles confirm\u00e9es par deux syndicats du secteur <\/a><\/p>\n<p><script async src=\"https:\/\/platform.twitter.com\/widgets.js\" charset=\"utf-8\"><\/script><\/p>\n","protected":false},"excerpt":{"rendered":"FRANCE &#8211; Pagaille a\u00e9rienne \u00e0 Paris. En raison d\u2019une panne sur des dispositifs de contr\u00f4le a\u00e9rien de la&hellip;\n","protected":false},"author":2,"featured_media":109843,"comment_status":"","ping_status":"","sticky":false,"template":"","format":"standard","meta":{"footnotes":""},"categories":[1888],"tags":[1111,1928,11,1927,8763,22811,22813,22812,1777,674,1011,27,12,1926,626,22814,1925,25],"class_list":{"0":"post-109842","1":"post","2":"type-post","3":"status-publish","4":"format-standard","5":"has-post-thumbnail","7":"category-paris","8":"tag-actu","9":"tag-actu-paris","10":"tag-actualites","11":"tag-actualites-paris","12":"tag-compagnie-aerienne","13":"tag-controle-aerien","14":"tag-dimanche-soir","15":"tag-direction-generale-de-laviation-civile","16":"tag-eu","17":"tag-europe","18":"tag-fr","19":"tag-france","20":"tag-news","21":"tag-news-paris","22":"tag-paris","23":"tag-paris-aeroport","24":"tag-paris-news","25":"tag-republique-francaise"},"share_on_mastodon":{"url":"https:\/\/pubeurope.com\/@fr\/114530058555070995","error":""},"_links":{"self":[{"href":"https:\/\/www.europesays.com\/fr\/wp-json\/wp\/v2\/posts\/109842","targetHints":{"allow":["GET"]}}],"collection":[{"href":"https:\/\/www.europesays.com\/fr\/wp-json\/wp\/v2\/posts"}],"about":[{"href":"https:\/\/www.europesays.com\/fr\/wp-json\/wp\/v2\/types\/post"}],"author":[{"embeddable":true,"href":"https:\/\/www.europesays.com\/fr\/wp-json\/wp\/v2\/users\/2"}],"replies":[{"embeddable":true,"href":"https:\/\/www.europesays.com\/fr\/wp-json\/wp\/v2\/comments?post=109842"}],"version-history":[{"count":0,"href":"https:\/\/www.europesays.com\/fr\/wp-json\/wp\/v2\/posts\/109842\/revisions"}],"wp:featuredmedia":[{"embeddable":true,"href":"https:\/\/www.europesays.com\/fr\/wp-json\/wp\/v2\/media\/109843"}],"wp:attachment":[{"href":"https:\/\/www.europesays.com\/fr\/wp-json\/wp\/v2\/media?parent=109842"}],"wp:term":[{"taxonomy":"category","embeddable":true,"href":"https:\/\/www.europesays.com\/fr\/wp-json\/wp\/v2\/categories?post=109842"},{"taxonomy":"post_tag","embeddable":true,"href":"https:\/\/www.europesays.com\/fr\/wp-json\/wp\/v2\/tags?post=109842"}],"curies":[{"name":"wp","href":"https:\/\/api.w.org\/{rel}","templated":true}]}}