{"id":109844,"date":"2025-05-18T17:39:13","date_gmt":"2025-05-18T17:39:13","guid":{"rendered":"https:\/\/www.europesays.com\/fr\/109844\/"},"modified":"2025-05-18T17:39:13","modified_gmt":"2025-05-18T17:39:13","slug":"drancy-une-voiture-percutee-par-un-chauffard-en-plein-centre-ville-un-enfant-de-trois-ans-grievement-blesse","status":"publish","type":"post","link":"https:\/\/www.europesays.com\/fr\/109844\/","title":{"rendered":"Drancy\u00a0: une voiture percut\u00e9e par un chauffard en plein centre-ville, un enfant de trois ans gri\u00e8vement bless\u00e9"},"content":{"rendered":"<p class=\"paragraph text_align_left\">Un spectaculaire accident de la circulation s\u2019est produit samedi soir, un peu avant 21 heures, en plein centre-ville de<a href=\"https:\/\/www.leparisien.fr\/seine-saint-denis-93\/drancy-93700\/\" target=\"_blank\" rel=\"noreferrer nofollow noopener\"> Drancy<\/a> (Seine-Saint-Denis). Un v\u00e9hicule qui, selon les premiers t\u00e9moignages recueillis par la police, roulait \u00ab \u00e0 vive allure \u00bb, en a percut\u00e9 un autre dans lequel cinq personnes se trouvaient. La sc\u00e8ne s\u2019est produite dans la rue Charles-de-Gaulle, juste \u00e0 c\u00f4t\u00e9 de l\u2019h\u00f4tel de ville.<\/p>\n<p class=\"paragraph text_align_left\">La violence du choc a caus\u00e9 des blessures \u00e0 tous les occupants du second v\u00e9hicule, qui ont \u00e9t\u00e9 transport\u00e9s <a href=\"https:\/\/www.leparisien.fr\/seine-saint-denis-93\/a-lhopital-de-bondy-on-fait-tout-pour-bien-recueillir-la-parole-des-enfants-victimes-dagressions-sexuelles-30-04-2025-VXZU4BGDWJDJNBWULSUL5A7JD4.php\" target=\"_blank\" rel=\"noreferrer nofollow noopener\">au centre hospitalier Jean-Verdier \u00e0 Bondy<\/a>. Un \u00ab jeune gar\u00e7on \u00bb de trois ans, qui a \u00e9t\u00e9 \u00ab projet\u00e9 par la vitre arri\u00e8re de la voiture \u00bb, selon une deuxi\u00e8me source, a \u00e9t\u00e9 le plus s\u00e9rieusement touch\u00e9 par l\u2019accident. Son pronostic vital \u00e9tait engag\u00e9 samedi dans la soir\u00e9e.<\/p>\n<p>Le passager s\u2019est d\u2019abord fait passer pour le chauffeur\u2026<\/p>\n<p class=\"paragraph text_align_left\">Le conducteur du premier v\u00e9hicule a pris la fuite juste apr\u00e8s l\u2019accident. C\u2019est son passager qui, lorsque les secours et les policiers sont arriv\u00e9s sur place, s\u2019est pr\u00e9sent\u00e9 en tant que chauffeur. \u00ab Mais les images de vid\u00e9osurveillance \u00e9taient formelles et permettaient de voir que le vrai conducteur s\u2019\u00e9tait enfui \u00bb, poursuit cette m\u00eame source.<\/p>\n<p class=\"paragraph text_align_left\">Ce dernier s\u2019est finalement pr\u00e9sent\u00e9 aux policiers quelques minutes plus tard et les deux hommes ont \u00e9t\u00e9 plac\u00e9s en garde \u00e0 vue dans la soir\u00e9e.<\/p>\n<p class=\"paragraph text_align_left\">L\u2019enqu\u00eate a \u00e9t\u00e9 confi\u00e9e au commissariat de Drancy.<\/p>\n","protected":false},"excerpt":{"rendered":"Un spectaculaire accident de la circulation s\u2019est produit samedi soir, un peu avant 21 heures, en plein centre-ville&hellip;\n","protected":false},"author":2,"featured_media":109845,"comment_status":"","ping_status":"","sticky":false,"template":"","format":"standard","meta":{"footnotes":""},"categories":[1888],"tags":[11,1777,674,118,1011,27,1944,12,626,25,1945],"class_list":{"0":"post-109844","1":"post","2":"type-post","3":"status-publish","4":"format-standard","5":"has-post-thumbnail","7":"category-paris","8":"tag-actualites","9":"tag-eu","10":"tag-europe","11":"tag-faits-divers","12":"tag-fr","13":"tag-france","14":"tag-ma-ville","15":"tag-news","16":"tag-paris","17":"tag-republique-francaise","18":"tag-seine-saint-denis"},"share_on_mastodon":{"url":"https:\/\/pubeurope.com\/@fr\/114530062446638055","error":""},"_links":{"self":[{"href":"https:\/\/www.europesays.com\/fr\/wp-json\/wp\/v2\/posts\/109844","targetHints":{"allow":["GET"]}}],"collection":[{"href":"https:\/\/www.europesays.com\/fr\/wp-json\/wp\/v2\/posts"}],"about":[{"href":"https:\/\/www.europesays.com\/fr\/wp-json\/wp\/v2\/types\/post"}],"author":[{"embeddable":true,"href":"https:\/\/www.europesays.com\/fr\/wp-json\/wp\/v2\/users\/2"}],"replies":[{"embeddable":true,"href":"https:\/\/www.europesays.com\/fr\/wp-json\/wp\/v2\/comments?post=109844"}],"version-history":[{"count":0,"href":"https:\/\/www.europesays.com\/fr\/wp-json\/wp\/v2\/posts\/109844\/revisions"}],"wp:featuredmedia":[{"embeddable":true,"href":"https:\/\/www.europesays.com\/fr\/wp-json\/wp\/v2\/media\/109845"}],"wp:attachment":[{"href":"https:\/\/www.europesays.com\/fr\/wp-json\/wp\/v2\/media?parent=109844"}],"wp:term":[{"taxonomy":"category","embeddable":true,"href":"https:\/\/www.europesays.com\/fr\/wp-json\/wp\/v2\/categories?post=109844"},{"taxonomy":"post_tag","embeddable":true,"href":"https:\/\/www.europesays.com\/fr\/wp-json\/wp\/v2\/tags?post=109844"}],"curies":[{"name":"wp","href":"https:\/\/api.w.org\/{rel}","templated":true}]}}