{"id":1098487,"date":"2026-07-31T05:52:17","date_gmt":"2026-07-31T05:52:17","guid":{"rendered":"https:\/\/www.europesays.com\/fr\/1098487\/"},"modified":"2026-07-31T05:52:17","modified_gmt":"2026-07-31T05:52:17","slug":"meteo-la-meteo-du-vendredi-31-juillet-2026-a-vandoeuvre-les-nancy-et-ses-environs","status":"publish","type":"post","link":"https:\/\/www.europesays.com\/fr\/1098487\/","title":{"rendered":"M\u00e9t\u00e9o. La m\u00e9t\u00e9o du vendredi 31 juillet 2026 \u00e0 Vand\u0153uvre-l\u00e8s-Nancy et ses environs"},"content":{"rendered":"<p data-ofstats-scroll=\"read_depth_20\">En matin\u00e9e, le ciel restera largement couvert, \u00e9voluant vers un voile de nuages \u00e9lev\u00e9s qui persistera jusqu\u2019en fin de matin\u00e9e. Les temp\u00e9ratures, d\u00e9j\u00e0 douces avec 24 \u00b0C au lever du jour, progresseront pour atteindre 29 \u00b0C vers la fin de la p\u00e9riode. Le vent, d\u2019abord nul, se renforcera entre 5 et 10 km\/h, avec des rafales jusqu\u2019\u00e0 20 km\/h, tournant du Sud-Ouest vers l\u2019Ouest puis l\u2019Ouest-Nord-Ouest. L\u2019humidit\u00e9 diminuera nettement au fil des heures.<\/p>\n<p data-ofstats-scroll=\"read_depth_30\">L\u2019apr\u00e8s-midi du vendredi 31 juillet 2026 prolongera cette tendance chaude, avec une temp\u00e9rature qui grimpera vers 31 \u00b0C, avant de gagner encore pour atteindre 32 \u00b0C en fin de p\u00e9riode. Le ciel passera d\u2019un voile de nuages \u00e9lev\u00e9s \u00e0 une couverture plus uniforme et dense. L\u2019humidit\u00e9 reculera, donnant une atmosph\u00e8re plus s\u00e8che. Le vent, d\u2019abord de secteur Ouest puis Ouest-Sud-Ouest, soufflera entre 10 et 15 km\/h, avec des rafales jusqu\u2019\u00e0 30 km\/h tout au long de l\u2019apr\u00e8s-midi.<\/p>\n<p data-ofstats-scroll=\"read_depth_50\">En soir\u00e9e, la chaleur de l\u2019apr\u00e8s-midi s\u2019att\u00e9nuera nettement, avec une temp\u00e9rature passant d\u2019environ 32 \u00b0C en d\u00e9but de p\u00e9riode \u00e0 20 \u00b0C en fin de nuit, la baisse devenant plus marqu\u00e9e apr\u00e8s 19 h. Le ciel restera largement couvert, \u00e9voluant temporairement vers un voile de nuages \u00e9lev\u00e9s autour du milieu de soir\u00e9e. Le vent, d\u2019abord Ouest-Nord-Ouest \u00e0 20 km\/h, s\u2019orientera Sud-Sud-Ouest puis Sud-Ouest, oscillant entre 15 et 30 km\/h, avec des rafales pouvant atteindre 70 km\/h. L\u2019humidit\u00e9 augmentera progressivement.<\/p>\n<p data-ofstats-scroll=\"read_depth_70\">Au cours de la nuit, la fra\u00eecheur gagne du terrain, la temp\u00e9rature restant globalement stable entre 19 et 20 \u00b0C, avec une l\u00e9g\u00e8re baisse avant l\u2019aube. Le vent soufflera d\u2019abord du Sud-Ouest puis de l\u2019Ouest-Sud-Ouest, \u00e0 environ 15 km\/h avec des rafales atteignant 40 km\/h en d\u00e9but de nuit, avant de faiblir vers 10 km\/h. Le ciel, d\u2019abord clair, se chargera pour devenir couvert par un voile de nuages \u00e9lev\u00e9s, tandis que l\u2019humidit\u00e9 augmentera nettement jusqu\u2019aux premi\u00e8res lueurs du jour.<\/p>\n<p data-ofstats-scroll=\"read_depth_90\">Demain samedi 1\u1d49\u02b3 ao\u00fbt 2026, dans le prolongement de cette nuit plus humide, la temp\u00e9rature progressera d\u2019un d\u00e9but de matin\u00e9e autour de 19 \u00e0 20 \u00b0C pour atteindre 26 \u00b0C en milieu de journ\u00e9e, puis environ 30 \u00e0 31 \u00b0C l\u2019apr\u00e8s-midi. Le vent, faible, passera de l\u2019Ouest et Ouest-Nord-Ouest entre 5 et 10 km\/h avec rafales jusqu\u2019\u00e0 20 km\/h, \u00e0 un flux de Sud-Sud-Est puis Est-Sud-Est autour de 5 km\/h, avant de devenir quasi nul en fin de journ\u00e9e, avec seulement 10 km\/h en rafales. Le ciel restera tr\u00e8s nuageux \u00e0 nuageux, tandis que l\u2019humidit\u00e9 reculera nettement au fil des heures.<\/p>\n<p data-ofstats-scroll=\"read_depth_90\"><a href=\"https:\/\/www.ouest-france.fr\/meteo\/grand-est\/vandoeuvre-les-nancy-54500\/\" rel=\"nofollow noopener\" target=\"_blank\">Suivez la m\u00e9t\u00e9o de votre commune en temps r\u00e9el<\/a><\/p>\n<p data-ofstats-scroll=\"read_depth_100\">Ouest-France vous donne \u00e9galement la possibilit\u00e9 de conna\u00eetre la m\u00e9t\u00e9o de votre commune, heure par heure, sur notre page m\u00e9t\u00e9o d\u00e9di\u00e9e<\/p>\n","protected":false},"excerpt":{"rendered":"En matin\u00e9e, le ciel restera largement couvert, \u00e9voluant vers un voile de nuages \u00e9lev\u00e9s qui persistera jusqu\u2019en fin&hellip;\n","protected":false},"author":2,"featured_media":1098488,"comment_status":"","ping_status":"","sticky":false,"template":"","format":"standard","meta":{"footnotes":"","_share_on_mastodon":"0"},"categories":[9635],"tags":[1111,11,11734,1777,674,1011,27,775,1702,9847,12,25,24495,5711],"class_list":["post-1098487","post","type-post","status-publish","format-standard","has-post-thumbnail","category-nancy","tag-actu","tag-actualites","tag-bois-de-haye","tag-eu","tag-europe","tag-fr","tag-france","tag-grand-est","tag-nancy","tag-neuves-maisons","tag-news","tag-republique-francaise","tag-richardmenil","tag-vandoeuvre-les-nancy"],"share_on_mastodon":{"url":"https:\/\/pubeurope.com\/@fr\/117013036912171920","error":""},"_links":{"self":[{"href":"https:\/\/www.europesays.com\/fr\/wp-json\/wp\/v2\/posts\/1098487","targetHints":{"allow":["GET"]}}],"collection":[{"href":"https:\/\/www.europesays.com\/fr\/wp-json\/wp\/v2\/posts"}],"about":[{"href":"https:\/\/www.europesays.com\/fr\/wp-json\/wp\/v2\/types\/post"}],"author":[{"embeddable":true,"href":"https:\/\/www.europesays.com\/fr\/wp-json\/wp\/v2\/users\/2"}],"replies":[{"embeddable":true,"href":"https:\/\/www.europesays.com\/fr\/wp-json\/wp\/v2\/comments?post=1098487"}],"version-history":[{"count":0,"href":"https:\/\/www.europesays.com\/fr\/wp-json\/wp\/v2\/posts\/1098487\/revisions"}],"wp:featuredmedia":[{"embeddable":true,"href":"https:\/\/www.europesays.com\/fr\/wp-json\/wp\/v2\/media\/1098488"}],"wp:attachment":[{"href":"https:\/\/www.europesays.com\/fr\/wp-json\/wp\/v2\/media?parent=1098487"}],"wp:term":[{"taxonomy":"category","embeddable":true,"href":"https:\/\/www.europesays.com\/fr\/wp-json\/wp\/v2\/categories?post=1098487"},{"taxonomy":"post_tag","embeddable":true,"href":"https:\/\/www.europesays.com\/fr\/wp-json\/wp\/v2\/tags?post=1098487"}],"curies":[{"name":"wp","href":"https:\/\/api.w.org\/{rel}","templated":true}]}}