{"id":109850,"date":"2025-05-18T17:42:13","date_gmt":"2025-05-18T17:42:13","guid":{"rendered":"https:\/\/www.europesays.com\/fr\/109850\/"},"modified":"2025-05-18T17:42:13","modified_gmt":"2025-05-18T17:42:13","slug":"attaque-record-de-drones-russes-contre-lukraine","status":"publish","type":"post","link":"https:\/\/www.europesays.com\/fr\/109850\/","title":{"rendered":"Attaque record de drones russes contre l&rsquo;Ukraine"},"content":{"rendered":"<p><img decoding=\"async\" class=\"c-ad__placeholder__logo\" src=\"https:\/\/www.europesays.com\/fr\/wp-content\/uploads\/2025\/03\/logo-euronews-grey-6-180x22.svg.svg+xml\" width=\"180\" height=\"22\" alt=\"\" loading=\"lazy\"\/>PUBLICIT\u00c9<\/p>\n<p>La Russie a lanc\u00e9 273 drones et leurres explosifs contre l&rsquo;Ukraine dans la nuit de samedi \u00e0 dimanche, selon l&rsquo;arm\u00e9e de l&rsquo;air ukrainienne. Une attache record depuis le d\u00e9but du conflit. <\/p>\n<p>Les r\u00e9gions de Kyiv, Dnipropetrovsk et Donetsk ont \u00e9t\u00e9 particuli\u00e8rement touch\u00e9es. <\/p>\n<p>Dans la capitale ukrainienne, l&rsquo;alerte a\u00e9rienne a dur\u00e9 pr\u00e8s de neuf heures.<\/p>\n<p>Dans le district d\u2019Oboukhiv, une localit\u00e9 au sud de Kyiv, une femme a \u00e9t\u00e9 tu\u00e9e et trois autres ont \u00e9t\u00e9 bless\u00e9es, dont un enfant de 4 ans, selon les autorit\u00e9s locales.<\/p>\n<p>L&rsquo;arm\u00e9e ukrainienne indique avoir intercept\u00e9 88 drones tandis que 128 autres, qui \u00e9taient des imitateurs destin\u00e9s \u00e0 d\u00e9tourner les syst\u00e8mes de d\u00e9fense a\u00e9rienne, ont disparu des radars. <\/p>\n<p>Sur le plan diplomatique, le pr\u00e9sident am\u00e9ricain Donald Trump a d\u00e9clar\u00e9 samedi qu&rsquo;il pr\u00e9voyait de s&rsquo;entretenir dans les prochaines heures avec ses homologues russe Vladimir Poutine et ukrainien Volodymyr Zelensky dans le but de mettre fin \u00e0 la guerre. <\/p>\n<p>Cette annonce intervient \u00e0 la suite des r\u00e9cents pourparlers organis\u00e9s en Turquie sans les dirigeants concern\u00e9s, qui ont abouti \u00e0 un accord sur un \u00e9change massif de prisonniers entre Kiyv et Moscou. <\/p>\n<p>Les deux pays bellig\u00e9rants ont convenus de se rencontrer \u00e0 nouveau, sans qu&rsquo;une date du deuxi\u00e8me round des discussions soit fix\u00e9e.<\/p>\n","protected":false},"excerpt":{"rendered":"PUBLICIT\u00c9 La Russie a lanc\u00e9 273 drones et leurres explosifs contre l&rsquo;Ukraine dans la nuit de samedi \u00e0&hellip;\n","protected":false},"author":2,"featured_media":109851,"comment_status":"","ping_status":"","sticky":false,"template":"","format":"standard","meta":{"footnotes":""},"categories":[1590],"tags":[11,312,2024,1777,674,131,12,220,2023],"class_list":{"0":"post-109850","1":"post","2":"type-post","3":"status-publish","4":"format-standard","5":"has-post-thumbnail","7":"category-ukraine","8":"tag-actualites","9":"tag-diplomatie","10":"tag-drones","11":"tag-eu","12":"tag-europe","13":"tag-guerre-en-ukraine","14":"tag-news","15":"tag-ukraine","16":"tag-victimes"},"share_on_mastodon":{"url":"https:\/\/pubeurope.com\/@fr\/114530074200335504","error":""},"_links":{"self":[{"href":"https:\/\/www.europesays.com\/fr\/wp-json\/wp\/v2\/posts\/109850","targetHints":{"allow":["GET"]}}],"collection":[{"href":"https:\/\/www.europesays.com\/fr\/wp-json\/wp\/v2\/posts"}],"about":[{"href":"https:\/\/www.europesays.com\/fr\/wp-json\/wp\/v2\/types\/post"}],"author":[{"embeddable":true,"href":"https:\/\/www.europesays.com\/fr\/wp-json\/wp\/v2\/users\/2"}],"replies":[{"embeddable":true,"href":"https:\/\/www.europesays.com\/fr\/wp-json\/wp\/v2\/comments?post=109850"}],"version-history":[{"count":0,"href":"https:\/\/www.europesays.com\/fr\/wp-json\/wp\/v2\/posts\/109850\/revisions"}],"wp:featuredmedia":[{"embeddable":true,"href":"https:\/\/www.europesays.com\/fr\/wp-json\/wp\/v2\/media\/109851"}],"wp:attachment":[{"href":"https:\/\/www.europesays.com\/fr\/wp-json\/wp\/v2\/media?parent=109850"}],"wp:term":[{"taxonomy":"category","embeddable":true,"href":"https:\/\/www.europesays.com\/fr\/wp-json\/wp\/v2\/categories?post=109850"},{"taxonomy":"post_tag","embeddable":true,"href":"https:\/\/www.europesays.com\/fr\/wp-json\/wp\/v2\/tags?post=109850"}],"curies":[{"name":"wp","href":"https:\/\/api.w.org\/{rel}","templated":true}]}}