{"id":109854,"date":"2025-05-18T17:44:09","date_gmt":"2025-05-18T17:44:09","guid":{"rendered":"https:\/\/www.europesays.com\/fr\/109854\/"},"modified":"2025-05-18T17:44:09","modified_gmt":"2025-05-18T17:44:09","slug":"union-europeenne-un-accord-avec-le-royaume-uni-mais-pas-a-nimporte-quel-prix","status":"publish","type":"post","link":"https:\/\/www.europesays.com\/fr\/109854\/","title":{"rendered":"Union europ\u00e9enne: un accord avec le Royaume-Uni, mais pas \u00e0 n&rsquo;importe quel prix"},"content":{"rendered":"<p class=\"ap-StoryElement ap-StoryElement--mb js-paywall-target ap-StoryText\">D\u00e8s son arriv\u00e9e au pouvoir, treize jours plus t\u00f4t, le chef du gouvernement britannique et du parti travailliste avait affich\u00e9 son intention de \u00ab\u00a0r\u00e9initialiser\u00a0\u00bb cette relation apr\u00e8s des ann\u00e9es de tensions. En f\u00e9vrier 2025, il se rendait \u00e0 Bruxelles pour prendre part \u00e0 des discussions de d\u00e9fense avec l&rsquo;UE, une premi\u00e8re depuis le <a href=\"https:\/\/www.lalibre.be\/international\/2025\/01\/31\/les-reves-du-brexit-se-sont-evapores-5XPKBOZZQFF7RCALCW4KL6KX3Y\/\" target=\"_blank\" rel=\"noopener\">Brexit <\/a>il y a cinq ans. Le sommet qui se tient ce lundi \u00e0 Londres a d\u00e9sormais pour vocation de \u00ab\u00a0faire progresser la collaboration\u00a0\u00bb entre les deux entit\u00e9s.<\/p>\n<p><a href=\"https:\/\/www.lalibre.be\/international\/europe\/guerre-ukraine-russie\/2025\/05\/18\/ce-lundi-londres-et-lunion-europeenne-ne-vont-pas-parler-que-de-lukraine-deux-demandes-majeures-et-un-dossier-houleux-sont-aussi-sur-la-table-4JRI7NMOBNEX3F4ZFONWKTLCNM\/\" target=\"_blank\" rel=\"noopener noreferrer\" class=\"ap-StoryInterstitialLink ap-StoryElement ap-StoryElement--mb\">Ce lundi, Londres et l&rsquo;Union europ\u00e9enne ne vont pas parler que de l&rsquo;Ukraine: deux demandes majeures et un dossier houleux sont aussi sur la table<\/a>Quelques points de friction<\/p>\n<p class=\"ap-StoryElement ap-StoryElement--mb ap-StoryText\">Sont attendus, c\u00f4t\u00e9 europ\u00e9en, le pr\u00e9sident du Conseil europ\u00e9en Antonio Costa, la pr\u00e9sidente de la Commission europ\u00e9enne Ursula von der Leyen, la cheffe de la diplomatie europ\u00e9enne Kaja Kallas et le commissaire europ\u00e9en au Commerce et \u00e0 la S\u00e9curit\u00e9 \u00e9conomique Maro\u0161 \u0160ef\u010dovi\u010d. <a href=\"https:\/\/www.lalibre.be\/international\/europe\/guerre-ukraine-russie\/2025\/05\/18\/ce-lundi-londres-et-lunion-europeenne-ne-vont-pas-parler-que-de-lukraine-deux-demandes-majeures-et-un-dossier-houleux-sont-aussi-sur-la-table-4JRI7NMOBNEX3F4ZFONWKTLCNM\/\" target=\"_blank\" rel=\"noopener\">Tous, sont l\u00e0 pour conclure un Memorandum of understanding<\/a> (en anglais dans le texte). Soit \u00ab\u00a0une d\u00e9claration d&rsquo;intention sur ce quoi le Royaume-Uni et l&rsquo;UE veulent travailler pour relancer leurs relations\u00a0\u00bb explique une source diplomatique. \u00ab\u00a0Politiquement, c&rsquo;est peut-\u00eatre le plus important. Les n\u00e9gociations en cours devraient aboutir \u00e0 une d\u00e9claration commune touchant \u00e0 plusieurs points\u00a0\u00bb.<\/p>\n<p><a href=\"https:\/\/www.lalibre.be\/international\/2025\/01\/31\/les-reves-du-brexit-se-sont-evapores-5XPKBOZZQFF7RCALCW4KL6KX3Y\/\" target=\"_blank\" rel=\"noopener noreferrer\" class=\"ap-StoryInterstitialLink ap-StoryElement ap-StoryElement--mb\">Les r\u00eaves du Brexit se sont \u00e9vapor\u00e9s<\/a><\/p>\n<p class=\"ap-StoryElement ap-StoryElement--mb ap-StoryText\">Certains de ces points devraient a priori faire l&rsquo;objet d&rsquo;un accord sans trop de difficult\u00e9s, comme le partenariat de d\u00e9fense et de s\u00e9curit\u00e9. Mais celui-ci ne sera sign\u00e9 que si les Europ\u00e9ens obtiennent des engagements sur d&rsquo;autres dossiers, parfois d\u00e9licats, comme la p\u00eache, l&rsquo;\u00e9nergie, les normes sanitaires et phytosanitaires, et la mobilit\u00e9 des jeunes. La tr\u00e8s embl\u00e9matique question des droits de p\u00eache, sans cesse mise en avant par Nigel Farage \u2013 dirigeant de feu le Brexit Party d\u00e9sormais chef du parti d&rsquo;extr\u00eame droite Reform UK \u2013 demeure un point de friction \u00e9galement.<\/p>\n<p>\u00ab\u00a0Vous \u00eates demandeurs\u00a0\u00bb<\/p>\n<p class=\"ap-StoryElement ap-StoryElement--mb ap-StoryText\">Les Europ\u00e9ens souhaitent avoir l&rsquo;extension la plus longue possible de l&rsquo;accord actuel en termes d&rsquo;acc\u00e8s aux eaux britanniques et aux quotas de p\u00eache, et veulent \u00e0 tout prix \u00e9viter un accord de quatre ans qui arriverait \u00e0 \u00e9ch\u00e9ance en 2029, en pleine campagne \u00e9lectorale britannique. On estime par ailleurs et assez largement, c\u00f4t\u00e9 europ\u00e9en, qu&rsquo;un accord sur la p\u00eache t\u00e9moignerait de la volont\u00e9 r\u00e9elle du UK de faire un vrai \u00ab\u00a0reset\u00a0\u00bb des relations.<\/p>\n<p><a href=\"https:\/\/www.lalibre.be\/economie\/conjoncture\/2025\/05\/08\/hors-de-lue-le-royaume-uni-a-obtenu-un-accord-commercial-limite-avec-les-etats-unis-plus-quun-simple-coup-diplomatique-P7JE43NGD5BC7OXCBSJ6F2F7SY\/\" target=\"_blank\" rel=\"noopener noreferrer\" class=\"ap-StoryInterstitialLink ap-StoryElement ap-StoryElement--mb\">Hors de l&rsquo;UE, le Royaume-Uni a obtenu un accord commercial limit\u00e9 avec les \u00c9tats-Unis. Plus qu&rsquo;un simple coup diplomatique?<\/a><\/p>\n<p class=\"ap-StoryElement ap-StoryElement--mb ap-StoryText\">\u00ab\u00a0Le climat est assez bon et clairement constructif\u00a0\u00bb, commente cette m\u00eame source diplomatique. Les deux parties veulent \u00e0 tout prix \u00e9viter un \u00e9chec, mais \u00ab\u00a0il est un peu compliqu\u00e9 pour Keir Starmer de trouver le point d&rsquo;\u00e9quilibre\u00a0\u00bb, ajoute-t-elle. Le Premier ministre britannique est demandeur du \u00ab\u00a0reset\u00a0\u00bb, mais ne peut pas donner l&rsquo;impression \u00ab\u00a0d&rsquo;aller trop loin\u00a0\u00bb. Dans le camp de l&rsquo;UE, tout le monde a envie et int\u00e9r\u00eat \u00e0 un accord, mais pas \u00e0 n&rsquo;importe quel prix. Les Europ\u00e9ens rappelleront aux Britanniques, si n\u00e9cessaire, que ce sont eux qui sont demandeurs de cette \u00ab\u00a0r\u00e9initialisation\u00a0\u00bb et non l&rsquo;inverse.<\/p>\n","protected":false},"excerpt":{"rendered":"D\u00e8s son arriv\u00e9e au pouvoir, treize jours plus t\u00f4t, le chef du gouvernement britannique et du parti travailliste&hellip;\n","protected":false},"author":2,"featured_media":109855,"comment_status":"","ping_status":"","sticky":false,"template":"","format":"standard","meta":{"footnotes":""},"categories":[1588],"tags":[11,21332,1777,674,1227,12,473,1853,1851,1850,1852],"class_list":{"0":"post-109854","1":"post","2":"type-post","3":"status-publish","4":"format-standard","5":"has-post-thumbnail","7":"category-royaume-uni","8":"tag-actualites","9":"tag-diplomacy","10":"tag-eu","11":"tag-europe","12":"tag-horizontal","13":"tag-news","14":"tag-royaume-uni","15":"tag-royaume-uni-de-grande-bretagne-et-dirlande-du-nord","16":"tag-uk","17":"tag-united-kingdom","18":"tag-united-kingdom-of-great-britain-and-northern-ireland"},"share_on_mastodon":{"url":"https:\/\/pubeurope.com\/@fr\/114530082133685439","error":""},"_links":{"self":[{"href":"https:\/\/www.europesays.com\/fr\/wp-json\/wp\/v2\/posts\/109854","targetHints":{"allow":["GET"]}}],"collection":[{"href":"https:\/\/www.europesays.com\/fr\/wp-json\/wp\/v2\/posts"}],"about":[{"href":"https:\/\/www.europesays.com\/fr\/wp-json\/wp\/v2\/types\/post"}],"author":[{"embeddable":true,"href":"https:\/\/www.europesays.com\/fr\/wp-json\/wp\/v2\/users\/2"}],"replies":[{"embeddable":true,"href":"https:\/\/www.europesays.com\/fr\/wp-json\/wp\/v2\/comments?post=109854"}],"version-history":[{"count":0,"href":"https:\/\/www.europesays.com\/fr\/wp-json\/wp\/v2\/posts\/109854\/revisions"}],"wp:featuredmedia":[{"embeddable":true,"href":"https:\/\/www.europesays.com\/fr\/wp-json\/wp\/v2\/media\/109855"}],"wp:attachment":[{"href":"https:\/\/www.europesays.com\/fr\/wp-json\/wp\/v2\/media?parent=109854"}],"wp:term":[{"taxonomy":"category","embeddable":true,"href":"https:\/\/www.europesays.com\/fr\/wp-json\/wp\/v2\/categories?post=109854"},{"taxonomy":"post_tag","embeddable":true,"href":"https:\/\/www.europesays.com\/fr\/wp-json\/wp\/v2\/tags?post=109854"}],"curies":[{"name":"wp","href":"https:\/\/api.w.org\/{rel}","templated":true}]}}