{"id":109858,"date":"2025-05-18T17:46:15","date_gmt":"2025-05-18T17:46:15","guid":{"rendered":"https:\/\/www.europesays.com\/fr\/109858\/"},"modified":"2025-05-18T17:46:15","modified_gmt":"2025-05-18T17:46:15","slug":"dependance-numerique-leurope-est-tres-vulnerable-alerte-gilles-babinet","status":"publish","type":"post","link":"https:\/\/www.europesays.com\/fr\/109858\/","title":{"rendered":"D\u00e9pendance num\u00e9rique\u00a0: \u00ab\u00a0L&rsquo;Europe est tr\u00e8s vuln\u00e9rable\u00a0\u00bb, alerte Gilles Babinet"},"content":{"rendered":"<p><b>\u00ab\u00a0En quelques heures, une entreprise parmi les plus puissantes du monde peut se retrouver amput\u00e9e d&rsquo;un acc\u00e8s vital au march\u00e9 mondial\u00a0\u00bb<\/b><\/p>\n<p class=\"ap-StoryElement ap-StoryElement--mb ap-StoryText\"><b>En 2019, \u00ab\u00a0l&rsquo;affaire Huawei\u00a0\u00bb n&rsquo;a-t-elle pas bien illustr\u00e9 ce que peuvent \u00eatre les cons\u00e9quences d&rsquo;une d\u00e9pendance num\u00e9rique ?<\/b><\/p>\n<p class=\"ap-StoryElement ap-StoryElement--mb ap-StoryText\">Tout \u00e0 fait. \u00c0 cette \u00e9poque, l&rsquo;administration Trump a inscrit le g\u00e9ant chinois des t\u00e9l\u00e9coms sur une liste noire commerciale. En cons\u00e9quence, les entreprises am\u00e9ricaines ne pouvaient plus collaborer avec Huawei, dont les smartphones \u00e9taient \u00e9quip\u00e9s du syst\u00e8me d&rsquo;exploitation Android, d\u00e9velopp\u00e9 et contr\u00f4l\u00e9 par Google. Certes, le syst\u00e8me Android \u00ab\u00a0open source\u00a0\u00bb restait utilisable techniquement, mais le fabricant chinois n&rsquo;avait plus acc\u00e8s \u00e0 des services Google essentiels pour la majorit\u00e9 de ses clients occidentaux, tels que Gmail, Google Play, YouTube, Google Maps, etc. Par une simple d\u00e9cision politique, les smartphones Huawei \u00e9taient devenus quasiment inutilisables en Europe ou aux \u00c9tats-Unis. Dans l&rsquo;urgence, les Chinois ont \u00e9t\u00e9 contraints de d\u00e9velopper leur propre syst\u00e8me d&rsquo;exploitation, Harmony OS, mais celui-ci est longtemps demeur\u00e9 moins performant qu&rsquo;Android en termes d&rsquo;\u00e9cosyst\u00e8me, d&rsquo;applications et d&rsquo;adoption internationale. On voit donc bien qu&rsquo;en quelques heures, une entreprise parmi les plus puissantes du monde peut se retrouver amput\u00e9e d&rsquo;un acc\u00e8s vital au march\u00e9 mondial, parce qu&rsquo;un gouvernement \u00e9tranger lui a coup\u00e9 le cordon num\u00e9rique.<\/p>\n<p><img loading=\"lazy\" decoding=\"async\" class=\"w-full lazyload lazyload--opacity object-contain\" style=\"aspect-ratio:78 \/ 100;opacity:1\" alt=\"Entrepreneur dans le secteur des nouvelles technologies, Gilles Babinet est le \u00ab digital champion \u00bb de la France aupr\u00e8s de la Commission europ\u00e9enne. Il enseigne \u00e0 l\u2019Institut national du service public (INSP), ainsi qu\u2019\u00e0 HEC, un cours intitul\u00e9 \u00ab Machine learning et environnement \u00bb.\" width=\"768\" height=\"991\" fetchpriority=\"auto\" src=\"https:\/\/www.europesays.com\/fr\/wp-content\/uploads\/2025\/04\/1743933249_335_S5VKD3X55FFF3BW6V4SEHXNP7I.png\"  data- data-optimumx=\"1\"\/>Entrepreneur dans le secteur des nouvelles technologies, Gilles Babinet est le \u00ab\u00a0digital champion\u00a0\u00bb de la France aupr\u00e8s de la Commission europ\u00e9enne. Il enseigne \u00e0 l&rsquo;Institut national du service public (INSP), ainsi qu&rsquo;\u00e0 HEC, un cours intitul\u00e9 \u00ab\u00a0Machine learning et environnement\u00a0\u00bb. \u00a9Christian de BROSSES<\/p>\n<p class=\"ap-StoryElement ap-StoryElement--mb ap-StoryText\"><b>Imaginons qu&rsquo;\u00e0 la suite d&rsquo;un d\u00e9saccord politique entre les \u00c9tats-Unis et l&rsquo;UE, le gouvernement am\u00e9ricain impose \u00e0 Microsoft de suspendre ses services sur notre continent. Que se passerait-il ?<\/b><\/p>\n<p class=\"ap-StoryElement ap-StoryElement--mb ap-StoryText\">Il s&rsquo;agit d&rsquo;une hypoth\u00e8se qui, nagu\u00e8re, paraissait improbable. Mais depuis la r\u00e9\u00e9lection du tr\u00e8s versatile Donald Trump \u00e0 la t\u00eate des \u00c9tats-Unis, il est devenu bien imprudent de penser qu&rsquo;une telle chose ne pourrait jamais arriver. Le cas \u00e9ch\u00e9ant, en tr\u00e8s peu de temps, le fonctionnement des entreprises et des administrations serait fortement affect\u00e9.<\/p>\n<p><a href=\"https:\/\/www.parismatch.be\/actualites\/2025\/05\/12\/cyberattaques-nous-sommes-certains-dune-chose-nous-serons-attaques-lincertitude-cest-quand-4WOJM7HFHZBU7JME5X57T37K6Y\/\" target=\"_blank\" rel=\"noopener noreferrer\" class=\"ap-StoryInterstitialLink ap-StoryElement ap-StoryElement--mb\">Lire aussi : Cyberattaques : \u00ab\u00a0Nous sommes certains d&rsquo;une chose : nous serons attaqu\u00e9s, l&rsquo;incertitude, c&rsquo;est quand\u00a0\u00bb<\/a><\/p>\n<p class=\"ap-StoryElement ap-StoryElement--mb ap-StoryText\"><b>Car Microsoft est partout\u2026<\/b><\/p>\n<p class=\"ap-StoryElement ap-StoryElement--mb ap-StoryText\">Bien s\u00fbr. La suite Office 365, qui comprend la messagerie Outlook, Word, Excel, PowerPoint ou encore Teams, est tr\u00e8s utilis\u00e9e par les particuliers, mais elle est aussi omnipr\u00e9sente dans 80 % des entreprises du CAC 40 et une majorit\u00e9 de PME, ainsi que dans des minist\u00e8res, des universit\u00e9s et des administrations. Imaginez des courriels qui n&rsquo;arrivent plus, le cloud OneDrive devenu subitement inaccessible alors que s&rsquo;y trouvent enregistr\u00e9s des contrats, des budgets et des pr\u00e9sentations en cours, des r\u00e9unions Teams annul\u00e9es\u2026 Sans parler des cons\u00e9quences de l&rsquo;indisponibilit\u00e9 d&rsquo;un outil tel que Power Business Intelligence (Power BI), qui fait aussi partie de cette suite 365 et dont la moindre perturbation serait catastrophique pour nombre de nombreuses entreprises.<\/p>\n<p><b>\u00ab\u00a0Si ces op\u00e9rateurs US subissaient recevaient une injonction politique, par exemple d&rsquo;un Trump en col\u00e8re apr\u00e8s une mauvaise rencontre avec des dirigeants de l&rsquo;UE, l&rsquo;Europe pourrait \u00eatre mise \u00e0 l&rsquo;arr\u00eat\u00a0\u00bb<\/b><\/p>\n<p class=\"ap-StoryElement ap-StoryElement--mb ap-StoryText\"><b>Qu&rsquo;est-ce que ce logiciel, Power BI ?<\/b><\/p>\n<p class=\"ap-StoryElement ap-StoryElement--mb ap-StoryText\">De nos jours, c&rsquo;est le \u00ab\u00a0tableau de bord\u00a0\u00bb de nombreuses entreprises. Cet outil permet de collecter des donn\u00e9es provenant de plusieurs sources (Excel, bases de donn\u00e9es, cloud, etc.), de les traiter et de les croiser automatiquement pour leur donner sens, par exemple en r\u00e9alisant des graphiques et autres rapports. Power BI permet aux dirigeants d&rsquo;entreprise, \u00e0 leurs chefs de projet et \u00e0 leurs analystes financiers de suivre des indicateurs de performance en temps r\u00e9el : ventes, co\u00fbts de production, tendances clients\u2026 \u00catre priv\u00e9 subitement de cette aide \u00e0 la gestion, c&rsquo;est devenir aveugle : le capitaine doit alors naviguer \u00e0 l&rsquo;estime, dans le brouillard. L&rsquo;arr\u00eat des services Microsoft, qu&rsquo;il serait bien difficile de remplacer dans l&rsquo;urgence, pourrait donc fortement ralentir l&rsquo;\u00e9conomie europ\u00e9enne.<\/p>\n<p class=\"ap-StoryElement ap-StoryElement--mb ap-StoryText\"><b>Pour le grand public, le \u00ab\u00a0cloud\u00a0\u00bb est une sorte de disque dur \u00e0 distance. Mais n&rsquo;est-ce pas bien plus que cela ? N&rsquo;y a-t-il pas aussi des enjeux de d\u00e9pendance cruciaux en ce qui concerne ces infrastructures ?<\/b><\/p>\n<p class=\"ap-StoryElement ap-StoryElement--mb ap-StoryText\">En effet, l&rsquo;infrastructure cloud sert d\u00e9sormais de c\u0153ur num\u00e9rique aux administrations et aux entreprises. Ces derni\u00e8res ne font plus tourner leurs progiciels de gestion (ERP) sur des serveurs internes mais plut\u00f4t dans un cloud qui, d\u00e8s lors, va servir d&rsquo;outil indispensable \u00e0 la gestion de multiples processus internes (comptabilit\u00e9, ressources humaines, stocks, facturation, logistique\u2026). Or, 70 % de l&rsquo;infrastructure cloud utilis\u00e9e par les entreprises europ\u00e9ennes appartient \u00e0 des acteurs am\u00e9ricains : AWS (Amazon Web Services), Microsoft Azure, Google Cloud, Platform (GCP) et Oracle Cloud, dans une moindre mesure. Outre l&rsquo;espace de stockage, ces g\u00e9ants du monde des GAFAM offrent aussi des ERP, tels que Microsoft Dynamics. Si ces op\u00e9rateurs US subissaient une cyberattaque, une panne ou s&rsquo;ils recevaient une injonction politique, par exemple d&rsquo;un Trump en col\u00e8re apr\u00e8s une mauvaise rencontre avec des dirigeants de l&rsquo;UE, l&rsquo;Europe pourrait \u00eatre mise \u00e0 l&rsquo;arr\u00eat : industrie, banques, h\u00f4pitaux, transports, arm\u00e9es, etc. C&rsquo;est un facteur de vuln\u00e9rabilit\u00e9 majeur.<\/p>\n<p><img loading=\"lazy\" decoding=\"async\" class=\"w-full lazyload lazyload--opacity object-contain\" style=\"aspect-ratio:150 \/ 100;opacity:1\" alt=\".\" width=\"768\" height=\"512\" fetchpriority=\"auto\" src=\"https:\/\/www.europesays.com\/fr\/wp-content\/uploads\/2025\/04\/1743933249_335_S5VKD3X55FFF3BW6V4SEHXNP7I.png\"  data- data-optimumx=\"1\"\/>L&rsquo;infrastructure cloud sert d\u00e9sormais de c\u0153ur num\u00e9rique aux administrations et aux entreprises \u00a9getty-images-genvpj0QCg0-unsplash<\/p>\n<p class=\"ap-StoryElement ap-StoryElement--mb ap-StoryText\"><b>Nos entreprises et administrations ne peuvent-elles faire appel \u00e0 des ERP europ\u00e9ens, comme celui de l&rsquo;Allemand SAP ?<\/b><\/p>\n<p class=\"ap-StoryElement ap-StoryElement--mb ap-StoryText\">Oui, beaucoup le font. De fait, SAP est europ\u00e9en, par son si\u00e8ge en Allemagne et sa gouvernance, mais en r\u00e9alit\u00e9, on ne sort pas de la d\u00e9pendance car ce progiciel d\u00e9pend, en termes d&rsquo;h\u00e9bergement, de clouds am\u00e9ricains comme AWS (Amazon) ou Azure (Microsoft).<\/p>\n<p><b>\u00ab\u00a0Nous devons bien comprendre que, dans un contexte g\u00e9opolitique tendu, ce type de d\u00e9pendance peut \u00eatre exploit\u00e9 comme un levier de pression sur l&rsquo;Europe\u00a0\u00bb<\/b><\/p>\n<p class=\"ap-StoryElement ap-StoryElement--mb ap-StoryText\"><b>Certaines entreprises et administrations europ\u00e9ennes n&rsquo;utilisent-elles pas des clouds priv\u00e9s pour \u00e9chapper \u00e0 cette d\u00e9pendance des GAFAM ?<\/b><\/p>\n<p class=\"ap-StoryElement ap-StoryElement--mb ap-StoryText\">Certes, mais ces entreprises qui veillent \u00e0 ce que leurs donn\u00e9es ne soient pas h\u00e9berg\u00e9es par un cloud sous d\u00e9pendance am\u00e9ricaine ont recours \u00e0 un outil de virtualisation nomm\u00e9 VMware.<\/p>\n<p class=\"ap-StoryElement ap-StoryElement--mb ap-StoryText\"><b>Laissez-nous deviner, un outil am\u00e9ricain ?<\/b><\/p>\n<p class=\"ap-StoryElement ap-StoryElement--mb ap-StoryText\">C&rsquo;est exact, VMware est \u00e9dit\u00e9 par une entreprise am\u00e9ricaine. On peut donc faire le m\u00eame raisonnement : si, pour des raisons politiques, juridiques ou commerciales, l&rsquo;\u00e9diteur d\u00e9cidait de suspendre ses licences, de bloquer ses mises \u00e0 jour ou de restreindre l&rsquo;acc\u00e8s \u00e0 ses logiciels, des dizaines de milliers de syst\u00e8mes critiques pourraient se retrouver paralys\u00e9s du jour au lendemain. Les mises \u00e0 jour de s\u00e9curit\u00e9 ne seraient plus disponibles, ouvrant des failles massives. Certains syst\u00e8mes pourraient tomber en panne ou devenir instables, sans possibilit\u00e9 d&rsquo;assistance technique. Nous devons bien comprendre que, dans un contexte g\u00e9opolitique tendu, ce type de d\u00e9pendance peut \u00eatre exploit\u00e9 comme un levier de pression sur l&rsquo;Europe. C&rsquo;est d&rsquo;autant plus vrai que, dans le contexte d&rsquo;absence d&rsquo;anticipation actuel, les clients des fournisseurs am\u00e9ricains n&rsquo;ont g\u00e9n\u00e9ralement pas de plan B \u00e0 court terme pour pallier l&rsquo;indisponibilit\u00e9 de ces outils profond\u00e9ment int\u00e9gr\u00e9s dans leurs architectures num\u00e9riques.<\/p>\n<p class=\"ap-StoryElement ap-StoryElement--mb ap-StoryText\"><b>En quelque sorte, le confort d&rsquo;utilisation a-t-il pris le pas sur les imp\u00e9ratifs d&rsquo;ind\u00e9pendance et de s\u00e9curit\u00e9 ?<\/b><\/p>\n<p class=\"ap-StoryElement ap-StoryElement--mb ap-StoryText\">C&rsquo;est exactement de cela qu&rsquo;il s&rsquo;agit. Par exemple, VMware, dont nous venons de parler, peut \u00eatre remplac\u00e9 par une technologie open source telle qu&rsquo;OpenShift, mais cela demande plus d&rsquo;investissement et de ma\u00eetrise, car pour mettre en \u0153uvre cette solution, il faut \u00e9crire des lignes de code. Peu d&rsquo;entreprises europ\u00e9ennes se sont donc lanc\u00e9es dans l&rsquo;aventure.<\/p>\n<p><b>\u00ab\u00a0Franchement, je trouve ces achats de F-35 compl\u00e8tement d\u00e9raisonnables [\u2026] C&rsquo;est difficile de cr\u00e9er un syst\u00e8me qui induit plus de d\u00e9pendance que celui-l\u00e0 !\u00a0\u00bb<\/b><\/p>\n<p class=\"ap-StoryElement ap-StoryElement--mb ap-StoryText\"><b>En tant qu&rsquo;expert en transformation digitale, comment \u00e9valuez-vous la d\u00e9cision de plusieurs pays europ\u00e9ens, dont la Belgique, d&rsquo;acheter des avions de combat am\u00e9ricains F-35 ?<\/b><\/p>\n<p class=\"ap-StoryElement ap-StoryElement--mb ap-StoryText\">Franchement, je trouve ces achats de F-35 compl\u00e8tement d\u00e9raisonnables. C&rsquo;est un acte de renoncement total en termes de souverainet\u00e9. Le F-35 fonctionne gr\u00e2ce \u00e0 des millions de lignes de code : plus qu&rsquo;un avion, c&rsquo;est une v\u00e9ritable plateforme de guerre num\u00e9rique qui ne peut voler qu&rsquo;avec l&rsquo;aval implicite des \u00c9tats-Unis. Le code pilote la navigation, la communication avec d&rsquo;autres appareils, la gestion de radars, le syst\u00e8me d&rsquo;armement. Or, les clients de Lockheed Martin ne poss\u00e8dent pas le code source et n&rsquo;ont pas le plein contr\u00f4le. Chaque F-35 envoie, en temps r\u00e9el, des donn\u00e9es op\u00e9rationnelles vers ODIN (Operational Data Integrated Network), un centre de traitement situ\u00e9 aux \u00c9tats-Unis : \u00e9tat de l&rsquo;appareil, missions, param\u00e8tres de vol\u2026 Les clients militaires europ\u00e9ens \u00e9laborent donc leur strat\u00e9gie \u00e0 livre ouvert. En th\u00e9orie, le fournisseur am\u00e9ricain peut limiter ou bloquer certaines fonctions de l&rsquo;avion \u00e0 distance, ou refuser d&rsquo;installer des mises \u00e0 jour. En cas de tension politique entre l&rsquo;Europe et les \u00c9tats-Unis \u2014 on repense fatalement aux mouvements d&rsquo;humeur de Donald Trump \u2014, les d\u00e9tenteurs sous conditions de F-35 pourraient faire l&rsquo;objet de mises en demeure et de pressions s&rsquo;ils ne veulent pas, in fine, disposer d&rsquo;avions brid\u00e9s ou inop\u00e9rants. En somme, c&rsquo;est difficile de cr\u00e9er un syst\u00e8me qui induit plus de d\u00e9pendance que celui-l\u00e0 ! C&rsquo;est tellement \u00e9vident que cela en devient \u00e9trange. Je ne vois pas tr\u00e8s bien comment on peut justifier une telle acceptation de mise sous tutelle.<\/p>\n<p><img loading=\"lazy\" decoding=\"async\" class=\"w-full lazyload lazyload--opacity object-contain\" style=\"aspect-ratio:150 \/ 100;opacity:1\" alt=\".\" width=\"768\" height=\"512\" fetchpriority=\"auto\" src=\"https:\/\/www.europesays.com\/fr\/wp-content\/uploads\/2025\/04\/1743933249_335_S5VKD3X55FFF3BW6V4SEHXNP7I.png\"  data- data-optimumx=\"1\"\/>\u00ab\u00a0Le F-35 fonctionne gr\u00e2ce \u00e0 des millions de lignes de code : plus qu&rsquo;un avion, c&rsquo;est une v\u00e9ritable plateforme de guerre num\u00e9rique qui ne peut voler qu&rsquo;avec l&rsquo;aval implicite des \u00c9tats-Unis.\u00a0\u00bb \u00a9Photonews<\/p>\n<p class=\"ap-StoryElement ap-StoryElement--mb ap-StoryText\"><b>Quand on parle de d\u00e9pendance num\u00e9rique, on ne peut \u00e9viter le sujet \u00e9minemment crucial des \u00ab\u00a0cadriciels infrastructurels\u00a0\u00bb. Encore qu&rsquo;il s&rsquo;agisse d&rsquo;une question fort technique qui pourrait rebuter nos lecteurs !<\/b><\/p>\n<p class=\"ap-StoryElement ap-StoryElement--mb ap-StoryText\">Cela vaut la peine de tenter de l&rsquo;expliquer simplement, car il s&rsquo;agit, en effet, d&rsquo;un autre enjeu strat\u00e9gique majeur. Ces \u00ab\u00a0cadriciels\u00a0\u00bb sont des briques logicielles fondamentales, indispensables pour faire fonctionner les technologies les plus avanc\u00e9es, notamment dans le domaine de l&rsquo;intelligence artificielle, de la mod\u00e9lisation scientifique ou de la simulation physique. Ces infrastructures critiques d&rsquo;une grande complexit\u00e9, fruits de millions de lignes de code, sont exclusivement fabriqu\u00e9es par les Am\u00e9ricains \u2014 des filiales de Google, Meta\u2026 \u2014 qui, par ce biais, sont les propri\u00e9taires exclusifs de l&rsquo;ossature num\u00e9rique du XXIe si\u00e8cle. C&rsquo;est un peu comme si l&rsquo;Europe \u00e9tait un garage qui poss\u00e8de, certes, pas mal de voitures modernes \u2014 on a par exemple des mod\u00e8les d&rsquo;IA \u2014, mais sans avoir acc\u00e8s \u00e0 tous les codes qui les font rouler. On ne ma\u00eetrise pas l&rsquo;intelligence du syst\u00e8me. On a le ch\u00e2ssis, mais on ne sait pas tr\u00e8s bien ce qu&rsquo;il y a dans le moteur. Pour pallier cette autre situation de d\u00e9pendance critique, des projets europ\u00e9ens sont en d\u00e9veloppement, mais ils ne verront le jour que dans quelques ann\u00e9es.<\/p>\n<p><img loading=\"lazy\" decoding=\"async\" class=\"w-full lazyload lazyload--opacity object-contain\" style=\"aspect-ratio:67 \/ 100;opacity:1\" alt=\".\" width=\"768\" height=\"1152\" fetchpriority=\"auto\" src=\"https:\/\/www.europesays.com\/fr\/wp-content\/uploads\/2025\/04\/1743933249_335_S5VKD3X55FFF3BW6V4SEHXNP7I.png\"  data- data-optimumx=\"1\"\/>La d\u00e9pendance num\u00e9rique concerne aussi les cha\u00eenes de production automatis\u00e9es dans les usines. \u00a9getty-images-g_mIxxxP0pM-unsplash<\/p>\n<p class=\"ap-StoryElement ap-StoryElement--mb ap-StoryText\"><b>Nous avons demand\u00e9 \u00e0 une IA de nous \u00e9crire le sc\u00e9nario d&rsquo;une guerre num\u00e9rique faite \u00e0 l&rsquo;Europe (voir plus bas). Que pensez-vous de l&rsquo;histoire qu&rsquo;elle a imagin\u00e9e ?<\/b><\/p>\n<p class=\"ap-StoryElement ap-StoryElement--mb ap-StoryText\">Je ne veux pas faire paniquer les gens, mais rien de ce qui est avanc\u00e9 dans cette fiction ne me semble impossible. Nous vivons un temps p\u00e9rilleux, une situation de vuln\u00e9rabilit\u00e9 silencieuse. Nous devons comprendre qu&rsquo;aujourd&rsquo;hui, la s\u00e9curit\u00e9 n&rsquo;est pas qu&rsquo;une question de fronti\u00e8res ou d&rsquo;arsenal militaire, mais aussi \u00ab\u00a0une affaire de lignes de code\u00a0\u00bb, comme le dit bien l&rsquo;IA que vous avez consult\u00e9e.<\/p>\n<p><b>\u00ab\u00a0C&rsquo;est l&rsquo;histoire d&rsquo;une perte d&rsquo;autonomie doubl\u00e9e d&rsquo;une d\u00e9possession culturelle. Une colonisation douce, sans fusils\u00a0\u00bb<\/b><\/p>\n<p class=\"ap-StoryElement ap-StoryElement--mb ap-StoryText\"><b>Comment en est-on arriv\u00e9 \u00e0 un tel niveau de d\u00e9pendance num\u00e9rique ?<\/b><\/p>\n<p class=\"ap-StoryElement ap-StoryElement--mb ap-StoryText\">D\u00e8s les ann\u00e9es 1960, les \u00c9tats-Unis ont cr\u00e9\u00e9, notamment sur le plan fiscal, un \u00e9cosyst\u00e8me favorisant le capital-risque ainsi que la recherche et le d\u00e9veloppement, et donc l&rsquo;\u00e9mergence de nombreuses start-up qui ont \u00e9crit l&rsquo;histoire du num\u00e9rique. D&rsquo;autres pays du monde, notamment en Asie, ont pris le train en marche par des politiques publiques visant \u00e0 soutenir le d\u00e9veloppement de ce secteur strat\u00e9gique. L&rsquo;Europe, elle, a avanc\u00e9 de mani\u00e8re trop dispers\u00e9e, dans des carcans r\u00e9glementaires \u00e9touffant l&rsquo;innovation. Cette histoire d&rsquo;une d\u00e9pendance qu&rsquo;on aurait pu anticiper a \u00e9t\u00e9 faite de paresse, de na\u00efvet\u00e9 et d&rsquo;incompr\u00e9hension des enjeux par des d\u00e9cideurs politiques. Nous avons accept\u00e9 que cette situation se construise progressivement, en nous contentant du constat que des acteurs \u00e9trangers nous offraient de nouveaux outils extraordinaires, pr\u00eats \u00e0 l&#8217;emploi.<\/p>\n<p><img loading=\"lazy\" decoding=\"async\" class=\"w-full lazyload lazyload--opacity object-contain\" style=\"aspect-ratio:142 \/ 100;opacity:1\" alt=\"&lt;p&gt;Portrait du pr\u00e9sident de la R\u00e9publique Charles de Gaulle au cours de la derni\u00e8re interview qu'il a accord\u00e9e au journaliste Michel Droit, le 7 juin 1968&lt;\/p&gt;\" width=\"768\" height=\"542\" fetchpriority=\"auto\" src=\"https:\/\/www.europesays.com\/fr\/wp-content\/uploads\/2025\/04\/1743933249_335_S5VKD3X55FFF3BW6V4SEHXNP7I.png\"  data- data-optimumx=\"1\"\/>Dans les ann\u00e9es 1960, le pr\u00e9sident de Gaulle avait anticip\u00e9 cette probl\u00e9matique de d\u00e9pendance num\u00e9rique mais son projet a \u00e9t\u00e9 torpill\u00e9 dans les ann\u00e9es 1970&#8230; \u00a9AFP\/Archives<\/p>\n<p class=\"ap-StoryElement ap-StoryElement--mb ap-StoryText\"><b>Dans les ann\u00e9es 1960, visionnaire, le g\u00e9n\u00e9ral de Gaulle, qui \u00e9tait aussi favorable \u00e0 une d\u00e9fense militaire ind\u00e9pendante de l&rsquo;OTAN, n&rsquo;avait-il pourtant pas pens\u00e9 l&rsquo;ind\u00e9pendance num\u00e9rique de la France ?<\/b><\/p>\n<p class=\"ap-StoryElement ap-StoryElement--mb ap-StoryText\">En effet, il avait lanc\u00e9 le \u00ab\u00a0Plan calcul\u00a0\u00bb, un vaste programme national pour cr\u00e9er une informatique fran\u00e7aise autonome. L&rsquo;entreprise CII (Compagnie internationale d&rsquo;informatique) devait \u00eatre notre IBM. Mais le projet a \u00e9t\u00e9 torpill\u00e9 en 1975, sous le pr\u00e9sident Giscard d&rsquo;Estaing. Les d\u00e9cideurs de cette \u00e9poque ont consid\u00e9r\u00e9 que le r\u00eave d'\u00a0\u00bbautonomie informatique\u00a0\u00bb \u00e9tait bien trop ambitieux, alors qu&rsquo;il suffisait d&rsquo;\u00eatre client d&rsquo;IBM.<\/p>\n<p><b>\u00ab\u00a0Nous sommes devenus de bons clients, contents de ce progr\u00e8s qu&rsquo;on nous offrait sur un plateau, nous disant que, de toute mani\u00e8re, les Am\u00e9ricains seraient toujours nos alli\u00e9s\u00a0\u00bb<\/b><\/p>\n<p class=\"ap-StoryElement ap-StoryElement--mb ap-StoryText\"><b>Des clients plut\u00f4t que des acteurs du d\u00e9veloppement\u2026<\/b><\/p>\n<p class=\"ap-StoryElement ap-StoryElement--mb ap-StoryText\">Oui, nous sommes devenus de bons clients, contents de ce progr\u00e8s qu&rsquo;on nous offrait sur un plateau, nous disant que, de toute mani\u00e8re, les Am\u00e9ricains seraient toujours nos alli\u00e9s. Sans d\u00e9velopper ses propres solutions, l&rsquo;Europe s&rsquo;est condamn\u00e9e \u00e0 payer \u00e0 l&rsquo;\u00e9tranger une rente technologique croissante. Mais on a vu, \u00e0 travers des exemples pr\u00e9cit\u00e9s, que ce pourrait ne pas \u00eatre la pire des cons\u00e9quences envisageables.<\/p>\n<p class=\"ap-StoryElement ap-StoryElement--mb ap-StoryText\"><b>Vous avez \u00e9voqu\u00e9 tout \u00e0 l&rsquo;heure une \u00ab\u00a0colonisation indolore\u00a0\u00bb. Une image nous vient \u00e0 l&rsquo;esprit, celle des colons am\u00e9ricains distribuant de l&rsquo;alcool aux peuples autochtones qu&rsquo;ils voulaient soumettre ?<\/b><\/p>\n<p class=\"ap-StoryElement ap-StoryElement--mb ap-StoryText\">C&rsquo;est une belle m\u00e9taphore car, dans le sujet qui nous occupe, il y a aussi cette id\u00e9e du cadeau empoisonn\u00e9 : on nous a offert des solutions gratuites, ergonomiques, pratiques qui ont provoqu\u00e9 une addiction progressive, une nouvelle structuration de nos vies personnelles, professionnelles, de l&rsquo;administration, de l&rsquo;industrie, de la recherche. Et nous sommes devenus d\u00e9pendants. C&rsquo;est l&rsquo;histoire d&rsquo;une perte d&rsquo;autonomie doubl\u00e9e d&rsquo;une d\u00e9possession culturelle. Une colonisation douce, sans fusils. Nous sommes en train de nous r\u00e9veiller avec une gueule de bois. C&rsquo;est le moment de prendre de bonnes r\u00e9solutions. Ne rien faire \u00e9quivaudrait \u00e0 perdre toute ind\u00e9pendance, bien au-del\u00e0 du num\u00e9rique.<\/p>\n<p class=\"ap-StoryElement ap-StoryElement--mb ap-StoryText\"><b>Que faire ?<\/b><\/p>\n<p class=\"ap-StoryElement ap-StoryElement--mb ap-StoryText\">Le chantier est vaste. Il commence sans doute par une compr\u00e9hension collective des enjeux, par le d\u00e9veloppement d&rsquo;une prise de conscience citoyenne du d\u00e9fi qui se pr\u00e9sente \u00e0 nous. C&rsquo;est dans cette id\u00e9e que je suis un des promoteurs, en France, des \u00ab\u00a0caf\u00e9s IA\u00a0\u00bb, qui ont pour ambition d&rsquo;informer des millions de personnes, de d\u00e9battre avec elles, afin de co-construire un avenir enviable. Il faut d\u00e9velopper une culture du code en Europe, comme cela s&rsquo;est fait dans les pays asiatiques. On doit aussi cr\u00e9er un environnement favorable \u00e0 la cr\u00e9ation de start-up pour garder nos talents : moins de bureaucratie et plus de coop\u00e9ration \u00e0 l&rsquo;\u00e9chelle europ\u00e9enne, plus de partenariats public-priv\u00e9. Soutenir le d\u00e9veloppement de solutions open source europ\u00e9ennes. C&rsquo;est l&rsquo;heure d&rsquo;agir, car nous pouvons profiter d&rsquo;un contexte qui est momentan\u00e9ment favorable : des universitaires et des chercheurs sont aujourd&rsquo;hui tent\u00e9s de s&rsquo;enfuir des \u00ab\u00a0\u00c9tats-Unis version Trump\u00a0\u00bb. Accueillons-les \u00e0 bras ouverts. Ne commettons pas deux fois la m\u00eame erreur et osons cette fois r\u00eaver notre autonomie num\u00e9rique. Car il est tout \u00e0 fait envisageable que toutes les solutions qui nous viennent d&rsquo;ailleurs puissent \u00eatre remplac\u00e9es, un jour, par des syst\u00e8mes europ\u00e9ens garantissant notre souverainet\u00e9.<\/p>\n<p><b>Le sc\u00e9nario d&rsquo;une guerre num\u00e9rique totale contre l&rsquo;Europe imagin\u00e9 par une IA am\u00e9ricaine<\/b><\/p>\n<p class=\"ap-StoryElement ap-StoryElement--mb ap-StoryText\"><b>Imaginons un sc\u00e9nario catastrophe : les \u00c9tats-Unis d\u00e9cident de lancer une guerre num\u00e9rique totale contre l&rsquo;Europe. Que pourrait-il tr\u00e8s concr\u00e8tement se passer ? Nous l&rsquo;avons demand\u00e9 \u00e0 ChatGPT. Voici sa r\u00e9ponse.<\/b><\/p>\n<p><img loading=\"lazy\" decoding=\"async\" class=\"w-full lazyload lazyload--opacity object-contain\" style=\"aspect-ratio:150 \/ 100;opacity:1\" alt=\".\" width=\"768\" height=\"512\" fetchpriority=\"auto\" src=\"https:\/\/www.europesays.com\/fr\/wp-content\/uploads\/2025\/04\/1743933249_335_S5VKD3X55FFF3BW6V4SEHXNP7I.png\"  data- data-optimumx=\"1\"\/>Image cr\u00e9\u00e9e par ChatGPT. \u00a9ChatGPT\/ Michel Bouffioux<\/p>\n<p class=\"ap-StoryElement ap-StoryElement--mb ap-StoryText\"><b>Jour 1 \u2013 Les premiers signaux : le brouillage invisible<\/b><\/p>\n<p class=\"ap-StoryElement ap-StoryElement--mb ap-StoryText\">Les licences logicielles am\u00e9ricaines (Microsoft, Adobe, Oracle, VMWare) sont d\u00e9sactiv\u00e9es \u00ab\u00a0temporairement\u00a0\u00bb, officiellement pour des raisons de s\u00e9curit\u00e9. R\u00e9sultat imm\u00e9diat : des milliers d&rsquo;administrations, d&rsquo;entreprises et de services publics perdent l&rsquo;acc\u00e8s \u00e0 leurs outils de travail (e-mails, documents, bases de donn\u00e9es, gestion des ressources humaines, maintenance technique\u2026). Simultan\u00e9ment, plusieurs plateformes cloud am\u00e9ricaines coupent l&rsquo;acc\u00e8s aux services h\u00e9berg\u00e9s en Europe (AWS, Azure, Google Cloud). R\u00e9sultat : des h\u00f4pitaux, des banques, des infrastructures logistiques s&rsquo;arr\u00eatent ou basculent en mode d\u00e9grad\u00e9.<\/p>\n<p class=\"ap-StoryElement ap-StoryElement--mb ap-StoryText\"><b>Jour 2 \u2013 La coupure de l&rsquo;information<\/b><\/p>\n<p class=\"ap-StoryElement ap-StoryElement--mb ap-StoryText\">Les algorithmes de recommandation de Google, YouTube, Meta sont modifi\u00e9s pour d\u00e9stabiliser le d\u00e9bat public europ\u00e9en : diffusion massive de contenus anxiog\u00e8nes, propagande, deepfakes, d\u00e9sinformation. Des influenceurs g\u00e9n\u00e9r\u00e9s par l&rsquo;IA (avatars cr\u00e9dibles) relayent de faux discours d&rsquo;autorit\u00e9s europ\u00e9ennes sur les r\u00e9seaux sociaux. R\u00e9sultat : panique informationnelle, perte de confiance dans les institutions, confusion sur les consignes publiques.<\/p>\n<p class=\"ap-StoryElement ap-StoryElement--mb ap-StoryText\"><b>Jour 3 \u2013 La paralysie industrielle<\/b><\/p>\n<p class=\"ap-StoryElement ap-StoryElement--mb ap-StoryText\">Les mises \u00e0 jour de s\u00e9curit\u00e9 des cartes graphiques (GPU) utilis\u00e9es pour l&rsquo;IA, la cybers\u00e9curit\u00e9 ou la recherche scientifique sont suspendues. Les syst\u00e8mes de virtualisation (VMware) cessent de fonctionner dans les data centers. Les cha\u00eenes de production automatis\u00e9es dans les usines de pointe tombent en panne faute de t\u00e9l\u00e9maintenance. Les trains \u00e0 grande vitesse, les r\u00e9seaux \u00e9nerg\u00e9tiques et les portails logistiques connaissent des dysfonctionnements li\u00e9s aux logiciels embarqu\u00e9s d\u00e9velopp\u00e9s \u00e0 l&rsquo;\u00e9tranger.<\/p>\n<p class=\"ap-StoryElement ap-StoryElement--mb ap-StoryText\"><b>Jour 5 \u2013 La perte de souverainet\u00e9 militaire<\/b><\/p>\n<p class=\"ap-StoryElement ap-StoryElement--mb ap-StoryText\">Les F-35 achet\u00e9s aux \u00c9tats-Unis, utilis\u00e9s par plusieurs pays europ\u00e9ens, ne peuvent plus d\u00e9coller : la cl\u00e9 d&rsquo;activation logicielle est d\u00e9sactiv\u00e9e \u00e0 distance. Certains syst\u00e8mes de communication militaires s&rsquo;interrompent. Des satellites civils et militaires europ\u00e9ens sont neutralis\u00e9s via des cyberattaques cibl\u00e9es.<\/p>\n<p class=\"ap-StoryElement ap-StoryElement--mb ap-StoryText\"><b>Jour 7 \u2013 L&rsquo;Europe \u00e0 genoux<\/b><\/p>\n<p class=\"ap-StoryElement ap-StoryElement--mb ap-StoryText\">Les citoyens europ\u00e9ens n&rsquo;ont plus acc\u00e8s \u00e0 leurs services bancaires, \u00e0 leurs dossiers de sant\u00e9 et \u00e0 leurs applications courantes. Les autorit\u00e9s n&rsquo;ont plus les outils pour coordonner la riposte. L&rsquo;Europe, technologiquement d\u00e9pendante, est mise sous pression diplomatique pour c\u00e9der \u00e0 des exigences politiques ou \u00e9conomiques.<\/p>\n<p class=\"ap-StoryElement ap-StoryElement--mb ap-StoryText\">Conclusion : la guerre n&rsquo;est plus une affaire de missiles. Elle est une affaire de lignes de code, de serveurs distants, de syst\u00e8mes dont on ne d\u00e9tient ni la cl\u00e9, ni le mode d&#8217;emploi. Et dans ce sc\u00e9nario, l&rsquo;Europe n&rsquo;est pas seulement vuln\u00e9rable : elle est imm\u00e9diatement neutralisable, non pas par la force brute, mais par l&rsquo;interruption cibl\u00e9e de sa d\u00e9pendance num\u00e9rique.\u00a0\u00bb<\/p>\n","protected":false},"excerpt":{"rendered":"\u00ab\u00a0En quelques heures, une entreprise parmi les plus puissantes du monde peut se retrouver amput\u00e9e d&rsquo;un acc\u00e8s vital&hellip;\n","protected":false},"author":2,"featured_media":109859,"comment_status":"","ping_status":"","sticky":false,"template":"","format":"standard","meta":{"footnotes":""},"categories":[1586],"tags":[11,1075,22816,1777,674,1011,27,12,25,10532],"class_list":{"0":"post-109858","1":"post","2":"type-post","3":"status-publish","4":"format-standard","5":"has-post-thumbnail","7":"category-europe","8":"tag-actualites","9":"tag-cybersecurite","10":"tag-dependance-numerique","11":"tag-eu","12":"tag-europe","13":"tag-fr","14":"tag-france","15":"tag-news","16":"tag-republique-francaise","17":"tag-souverainete"},"share_on_mastodon":{"url":"https:\/\/pubeurope.com\/@fr\/114530090153785185","error":""},"_links":{"self":[{"href":"https:\/\/www.europesays.com\/fr\/wp-json\/wp\/v2\/posts\/109858","targetHints":{"allow":["GET"]}}],"collection":[{"href":"https:\/\/www.europesays.com\/fr\/wp-json\/wp\/v2\/posts"}],"about":[{"href":"https:\/\/www.europesays.com\/fr\/wp-json\/wp\/v2\/types\/post"}],"author":[{"embeddable":true,"href":"https:\/\/www.europesays.com\/fr\/wp-json\/wp\/v2\/users\/2"}],"replies":[{"embeddable":true,"href":"https:\/\/www.europesays.com\/fr\/wp-json\/wp\/v2\/comments?post=109858"}],"version-history":[{"count":0,"href":"https:\/\/www.europesays.com\/fr\/wp-json\/wp\/v2\/posts\/109858\/revisions"}],"wp:featuredmedia":[{"embeddable":true,"href":"https:\/\/www.europesays.com\/fr\/wp-json\/wp\/v2\/media\/109859"}],"wp:attachment":[{"href":"https:\/\/www.europesays.com\/fr\/wp-json\/wp\/v2\/media?parent=109858"}],"wp:term":[{"taxonomy":"category","embeddable":true,"href":"https:\/\/www.europesays.com\/fr\/wp-json\/wp\/v2\/categories?post=109858"},{"taxonomy":"post_tag","embeddable":true,"href":"https:\/\/www.europesays.com\/fr\/wp-json\/wp\/v2\/tags?post=109858"}],"curies":[{"name":"wp","href":"https:\/\/api.w.org\/{rel}","templated":true}]}}