{"id":109860,"date":"2025-05-18T17:47:13","date_gmt":"2025-05-18T17:47:13","guid":{"rendered":"https:\/\/www.europesays.com\/fr\/109860\/"},"modified":"2025-05-18T17:47:13","modified_gmt":"2025-05-18T17:47:13","slug":"on-a-eu-des-doutes-mais-tout-le-monde-est-ravi-quand-des-citoyens-sont-proprietaires-du-parc-eolien","status":"publish","type":"post","link":"https:\/\/www.europesays.com\/fr\/109860\/","title":{"rendered":"\u00ab\u00a0On a eu des doutes, mais tout le monde est ravi\u00a0\u00bb : quand des citoyens sont propri\u00e9taires du parc \u00e9olien"},"content":{"rendered":"<p>Plus de 400 habitants de la ville d&rsquo;Andilly-les-Marais sont co-propri\u00e9taires de trois \u00e9oliennes.Ce premier parc \u00e9olien citoyen du d\u00e9partement a \u00e9t\u00e9 inaugur\u00e9 samedi.Chaque soci\u00e9taire per\u00e7oit des dividendes chaque ann\u00e9e.<a href=\"https:\/\/www.tf1info.fr\/actualite\/initiatives-environnementales-12929\/\" rel=\"noopener\" class=\"jsx-3118104007 Link jsx-1428418400 jsx-1797245342\" target=\"_blank\"><\/p>\n<p style=\"font-weight:400\" class=\"jsx-1837267516\">Suivez la couverture compl\u00e8te<\/p>\n<p style=\"font-weight:800\" class=\"jsx-1837267516\">Initiatives environnementales<\/p>\n<p><\/a><\/p>\n<p data-module=\"article-paragraph\" class=\"jsx-362436225 Paragraph Paragraph__End\">\u00c0 Andilly-les-Marais (Charente-Maritime), point de p\u00e9tition pour <a href=\"https:\/\/www.tf1info.fr\/societe\/video-c-est-inedit-en-france-en-bretagne-des-eoliennes-demontees-pour-nuisances-au-voisinage-2304016.html\" target=\"_blank\" rel=\"noopener\">condamner l&rsquo;installation d&rsquo;\u00e9oliennes (nouvelle fen\u00eatre)<\/a>. Au contraire, ce sont les habitants eux-m\u00eames qui se sont mobilis\u00e9s pour les acheter. Samedi, plus de 400 r\u00e9sidents actionnaires et leurs \u00e9lus ont ainsi inaugur\u00e9 <a href=\"https:\/\/www.tf1info.fr\/environnement-ecologie\/video-reportage-charente-maritime-ces-habitants-d-andilly-les-marais-s-achetent-une-eolienne-2282667.html\" target=\"_blank\" rel=\"noopener\">le tout premier parc \u00e9olien citoyen du d\u00e9partement<\/a>, comportant trois a\u00e9rog\u00e9n\u00e9rateurs, et <a href=\"https:\/\/www.francebleu.fr\/infos\/societe\/charente-maritime-a-andilly-les-eoliennes-ne-tournent-plus-victimes-d-une-surproduction-d-electricite-en-france-5828570\" target=\"_blank\" rel=\"nofollow noopener\">mis en service il y a un peu plus d&rsquo;un an (nouvelle fen\u00eatre)<\/a>. Un projet initi\u00e9 en 2017 port\u00e9 par la ville et la Communaut\u00e9 de Communes Aunis Atlantique.<\/p>\n<p>Assez d&rsquo;\u00e9lectricit\u00e9 pour 10.600 foyers<\/p>\n<p data-module=\"article-paragraph\" class=\"jsx-362436225 Paragraph\">\u00ab\u00a0On a eu des petits doutes, c&rsquo;est s\u00fbr. Quand il a fallu r\u00e9unir 1,2 million d&rsquo;euros, on l&rsquo;a fait. Et puis, tout le monde est ravi\u00a0\u00bb, se r\u00e9jouit Pascale Martineau, soci\u00e9taire de la Coopec, une coop\u00e9rative d&rsquo;\u00e9nergies citoyennes et renouvelables en Aunis Atlantique. \u00ab\u00a0On est un peu plus de 400 soci\u00e9taires, 412 pr\u00e9cis\u00e9ment. Initialement, \u00e0 la cr\u00e9ation, on \u00e9tait 115\u00a0\u00bb, souligne Bertrand Cardinal, pr\u00e9sident de la Coopec.<\/p>\n<p data-module=\"article-paragraph\" class=\"jsx-362436225 Paragraph Paragraph__End\">Les trois \u00e9oliennes sont c\u00e9l\u00e9br\u00e9es comme des monuments historiques. Celles et ceux qui le souhaitent peuvent m\u00eame exceptionnellement y monter. \u00c0 140 m\u00e8tres au-dessus du sol, soit la taille de leur mat, ce sont les <a href=\"https:\/\/www.tf1info.fr\/environnement-ecologie\/cop-29-danemark-dans-un-centre-d-essai-au-des-eoliennes-geantes-aussi-hautes-que-la-tour-eiffel-2333352.html\" target=\"_blank\" rel=\"noopener\">plus hautes \u00e9oliennes (nouvelle fen\u00eatre)<\/a> de France, dont la hauteur totale se situe \u00e0 200 m\u00e8tres. \u00ab\u00a0Pour ces trois machines, on en a assez pour environ 10.600 foyers\u00a0\u00bb, explique Olivier Nzanga, technicien pour Valemo. Comme le souligne le <a href=\"https:\/\/eolien-andilly.fr\/\" target=\"_blank\" rel=\"nofollow noopener\">site officiel du parc \u00e9olien d&rsquo;Andilly-les-Marais (nouvelle fen\u00eatre)<\/a>, les \u00e9oliennes peuvent produire 48 GWh par an.<\/p>\n<p>\u00ab\u00a0Elles font partie d&rsquo;Andilly\u00a0\u00bb<\/p>\n<p data-module=\"article-paragraph\" class=\"jsx-362436225 Paragraph\">L&rsquo;an dernier, une \u00e9quipe de TF1 avait suivi le convoi exceptionnel qui transportait les pales, accueillies avec \u00e9motion par les habitants-soci\u00e9taires. Aujourd&rsquo;hui, ceux-ci per\u00e7oivent des dividendes chaque ann\u00e9e : une famille rencontr\u00e9e par TF1 re\u00e7oit par exemple 300 euros par an.\u00a0<\/p>\n<p data-module=\"article-paragraph\" class=\"jsx-362436225 Paragraph Paragraph__End\">Mais l&rsquo;int\u00e9r\u00eat du projet est de <a href=\"https:\/\/www.tf1info.fr\/environnement-ecologie\/video-loire-atlantique-ces-eoliennes-font-baisser-la-facture-d-electricite-a-joue-sur-edre-2331605.html\" target=\"_blank\" rel=\"noopener\">produire l&rsquo;\u00e9lectricit\u00e9<\/a> consomm\u00e9e par les habitants de la commune. \u00ab\u00a0Je charge ma voiture \u00e9lectrique avec de l&rsquo;\u00e9lectricit\u00e9 qui est produite \u00e0 quelques centaines de m\u00e8tres. Donc c&rsquo;est assez satisfaisant\u00a0\u00bb, affirme Sylvestre Olgiati, soci\u00e9taire. La municipalit\u00e9 aussi a vu son budget augmenter. \u00ab\u00a0\u00c7a rapporte 90.000 euros \u00e0 l&rsquo;ann\u00e9e qui vont rentrer dans les caisses de la commune sur la dur\u00e9e d&rsquo;exploitation du parc, entre 25 et 30 ans\u00a0\u00bb, explique Sylvain Fagot, maire (SE) d&rsquo;Andilly-les-Marais.<\/p>\n<ul class=\"jsx-3657663356 ReadMoreArticle__List flex flex-column\">\n<li class=\"jsx-3657663356\"><a href=\"https:\/\/www.tf1info.fr\/environnement-ecologie\/des-parcs-mis-a-l-arret-par-la-justice-comment-continuer-a-developper-l-eolien-en-france-2363903.html\" rel=\"noopener\" class=\"jsx-4233824444 Link flex\" target=\"_blank\"><img decoding=\"async\" src=\"https:\/\/www.europesays.com\/fr\/wp-content\/uploads\/2025\/05\/illustration-parc-eolien-eoliennes-fe8bc8-0@1x.jpeg\" alt=\"Illustration d'un parc \u00e9olien\" loading=\"lazy\" importance=\"low\" fetchpriority=\"low\" class=\"\"\/>\n<p class=\"jsx-3657663356 ReadMoreArticle__Title\">Lire aussi<\/p>\n<p class=\"jsx-3657663356\">Deux parcs mis \u00e0 l&rsquo;arr\u00eat en deux jours : comment continuer \u00e0 d\u00e9velopper l&rsquo;\u00e9olien en France ?<\/p>\n<p><\/a><\/li>\n<\/ul>\n<p data-module=\"article-paragraph\" class=\"jsx-362436225 Paragraph Paragraph__End\">Avec cette somme, l&rsquo;\u00e9cole va \u00eatre enti\u00e8rement isol\u00e9e. \u00ab\u00a0Au d\u00e9part de la construction du parc, on a chang\u00e9 le paysage des habitants de la commune. Un an apr\u00e8s, plus personne ne nous parle des \u00e9oliennes. Elles font partie du d\u00e9cor, elles font partie d&rsquo;Andilly\u00a0\u00bb, assure l&rsquo;\u00e9dile. Les citoyens propri\u00e9taires des \u00e9oliennes ne veulent pas s&rsquo;arr\u00eater l\u00e0. Un projet de champ photovolta\u00efque devrait bient\u00f4t voir le jour \u00e0 son tour.<\/p>\n<p>La r\u00e9daction de TF1info | Reportage : Yael CHAMBON, Nicolas FORESTIER<\/p>\n","protected":false},"excerpt":{"rendered":"Plus de 400 habitants de la ville d&rsquo;Andilly-les-Marais sont co-propri\u00e9taires de trois \u00e9oliennes.Ce premier parc \u00e9olien citoyen du&hellip;\n","protected":false},"author":2,"featured_media":109861,"comment_status":"","ping_status":"","sticky":false,"template":"","format":"standard","meta":{"footnotes":""},"categories":[1586],"tags":[1111,11,1921,4427,2830,5254,1777,674,1779,1011,27,1922,8472,22817,2952,12,5735,25,1778,364,133,5737],"class_list":{"0":"post-109860","1":"post","2":"type-post","3":"status-publish","4":"format-standard","5":"has-post-thumbnail","7":"category-europe","8":"tag-actu","9":"tag-actualites","10":"tag-article-video","11":"tag-energies","12":"tag-energies-renouvelables","13":"tag-eoliennes","14":"tag-eu","15":"tag-europe","16":"tag-european-union","17":"tag-fr","18":"tag-france","19":"tag-info","20":"tag-initiatives-environnementales","21":"tag-initiatives-positives-et-vie-en-communaute","22":"tag-le-20h","23":"tag-news","24":"tag-protection-de-lenvironnement","25":"tag-republique-francaise","26":"tag-ue","27":"tag-union-europeenne","28":"tag-video","29":"tag-video-environnement"},"share_on_mastodon":{"url":"https:\/\/pubeurope.com\/@fr\/114530093969174296","error":""},"_links":{"self":[{"href":"https:\/\/www.europesays.com\/fr\/wp-json\/wp\/v2\/posts\/109860","targetHints":{"allow":["GET"]}}],"collection":[{"href":"https:\/\/www.europesays.com\/fr\/wp-json\/wp\/v2\/posts"}],"about":[{"href":"https:\/\/www.europesays.com\/fr\/wp-json\/wp\/v2\/types\/post"}],"author":[{"embeddable":true,"href":"https:\/\/www.europesays.com\/fr\/wp-json\/wp\/v2\/users\/2"}],"replies":[{"embeddable":true,"href":"https:\/\/www.europesays.com\/fr\/wp-json\/wp\/v2\/comments?post=109860"}],"version-history":[{"count":0,"href":"https:\/\/www.europesays.com\/fr\/wp-json\/wp\/v2\/posts\/109860\/revisions"}],"wp:featuredmedia":[{"embeddable":true,"href":"https:\/\/www.europesays.com\/fr\/wp-json\/wp\/v2\/media\/109861"}],"wp:attachment":[{"href":"https:\/\/www.europesays.com\/fr\/wp-json\/wp\/v2\/media?parent=109860"}],"wp:term":[{"taxonomy":"category","embeddable":true,"href":"https:\/\/www.europesays.com\/fr\/wp-json\/wp\/v2\/categories?post=109860"},{"taxonomy":"post_tag","embeddable":true,"href":"https:\/\/www.europesays.com\/fr\/wp-json\/wp\/v2\/tags?post=109860"}],"curies":[{"name":"wp","href":"https:\/\/api.w.org\/{rel}","templated":true}]}}