{"id":109864,"date":"2025-05-18T17:49:12","date_gmt":"2025-05-18T17:49:12","guid":{"rendered":"https:\/\/www.europesays.com\/fr\/109864\/"},"modified":"2025-05-18T17:49:12","modified_gmt":"2025-05-18T17:49:12","slug":"je-ne-peux-pas-accepter-cette-situation","status":"publish","type":"post","link":"https:\/\/www.europesays.com\/fr\/109864\/","title":{"rendered":"Je ne peux pas accepter cette situation"},"content":{"rendered":"<p>Apr\u00e8s s&rsquo;\u00eatre \u00e9lanc\u00e9 depuis la 11e place sur la grille de d\u00e9part du Grand Prix d&rsquo;\u00c9milie-Romagne, Charles Leclerc a sauv\u00e9 les meubles sur les terres de la Scuderia avec un sixi\u00e8me place \u00e0 l&rsquo;arriv\u00e9e. L&rsquo;\u00e9preuve a \u00e9t\u00e9 difficile pour le Mon\u00e9gasque, qui s&rsquo;est vu mettre des b\u00e2tons dans les roues par des neutralisations de course au timing malchanceux.\u00a0<\/p>\n<p>\u00ab\u00a0C&rsquo;est frustrant parce qu&rsquo;on avait fait une bonne course globalement\u00a0\u00bb, a-t-il admis au micro de Canal+. \u00ab\u00a0Malheureusement, les deux voitures de s\u00e9curit\u00e9 sont tomb\u00e9es au pire moment pour nous. \u00ab\u00a0<\/p>\n<p>\u00ab\u00a0La deuxi\u00e8me, on n&rsquo;a m\u00eame pas pu le prendre parce qu&rsquo;on n&rsquo;avait pas beaucoup de pneus disponibles, on n&rsquo;avait pas les softs, et en plus Lewis [Hamilton] a d\u00e9cid\u00e9 de s&rsquo;arr\u00eater au dernier moment, moi je ne savais pas trop combien de places j&rsquo;allais perdre en faisant le double arr\u00eat derri\u00e8re Lewis, je savais que j&rsquo;allais perdre plus de temps, donc j&rsquo;ai pr\u00e9f\u00e9r\u00e9 ne pas prendre le risque. Je ne me suis pas arr\u00eat\u00e9. Mais bon c&rsquo;est comme \u00e7a, c&rsquo;est d\u00e9cevant parce qu&rsquo;au d\u00e9but je pensais que tout allait plut\u00f4t dans le bon sens, avec un bon rythme, une bonne performance.\u00a0\u00bb<\/p>\n<blockquote>\n<p>Quand on part onzi\u00e8me, en tant que pilote, je ne peux tout simplement pas accepter la situation dans laquelle on se trouve.<\/p>\n<\/blockquote>\n<p>Alors que son co\u00e9quipier a pu prendre la quatri\u00e8me place de ce Grand Prix, Leclerc s&rsquo;est logiquement montr\u00e9 d\u00e9\u00e7u \u00e0 la fin de l&rsquo;\u00e9preuve, lui qui a d\u00fb se battre bec et ongles &#8211; notamment \u00e0 deux reprises avec Pierre Gasly en d\u00e9but de course, et Alexander Albon \u00e0 la fin &#8211; pour hisser sa Ferrari depuis la sixi\u00e8me ligne, apr\u00e8s les qualifications d\u00e9sastreuses de samedi.\u00a0\u00a0<\/p>\n<p>\u00ab\u00a0Je le disais avant la course : c&rsquo;\u00e9tait une de ces manches o\u00f9 il faut courir avec le c\u0153ur et sortir un peu les coudes\u00a0\u00bb, a-t-il ajout\u00e9 pour Sky Sports. \u00ab\u00a0Et je sais que dans ce genre de situations, on roule vraiment \u00e0 la limite, parfois un peu au-del\u00e0. Mais&#8230; quand on part onzi\u00e8me, en tant que pilote, je ne peux tout simplement pas accepter la situation dans laquelle on se trouve.\u00a0\u00bb<\/p>\n<p>   <img decoding=\"async\" draggable=\"false\" src=\"https:\/\/www.europesays.com\/fr\/wp-content\/uploads\/2025\/05\/charles-leclerc-ferrari-alexan.jpg\" alt=\"Charles Leclerc a forc\u00e9 Alexander Albon hors de la piste au virage 2.\" width=\"1200\" height=\"800\" loading=\"lazy\"\/> <\/p>\n<p class=\"title\">Charles Leclerc a forc\u00e9 Alexander Albon hors de la piste au virage 2.<\/p>\n<p class=\"photographer\">Photo de: Lars Baron \/ Motorsport Images via Getty Images<\/p>\n<p>\u00ab\u00a0Donc oui, j&rsquo;ai pris des risques. Je ne pense pas qu&rsquo;avec Pierre j&rsquo;\u00e9tais particuli\u00e8rement fautif ou au-del\u00e0 de la limite. Pour moi, c&rsquo;\u00e9tait juste un incident de course, vu la mani\u00e8re dont \u00e7a s&rsquo;est pass\u00e9. Avec Alex, c&rsquo;\u00e9tait clairement \u00e0 la limite, c&rsquo;est s\u00fbr. Je pensais qu&rsquo;en me basant sur la mani\u00e8re dont les r\u00e8gles sont \u00e9crites, j&rsquo;\u00e9tais juste \u00e0 la limite de ce qui est autoris\u00e9. Est-ce que c&rsquo;\u00e9tait vraiment le cas ou pas ? Je dois revoir les images, mais je ne regrette rien de ce que j&rsquo;ai fait.<\/p>\n<p>En effet, la bataille entre Albon et Leclerc a rythm\u00e9 les derniers tours du Grand Prix. Alors que le Mon\u00e9gasque n&rsquo;avait pu chausser de nouveaux pneus &#8211; faute d&rsquo;en avoir de disponibles &#8211; apr\u00e8s la deuxi\u00e8me voiture de s\u00e9curit\u00e9, le pilote Williams avait lui pu passer au stand et se montrait tr\u00e8s mena\u00e7ant derri\u00e8re la Ferrari. Albon a tent\u00e9 un d\u00e9passement au premier virage de Tamburello, avant que Leclerc ne le tasse et le force \u00e0 couper le virage. Sous enqu\u00eate, il a finalement redonn\u00e9 la position au Tha\u00eflandais et les commissaires ont class\u00e9 l&rsquo;affaire sans suite.\u00a0<\/p>\n<p>Une deuxi\u00e8me victoire \u00e0 domicile peu probable<\/p>\n<p>La semaine prochaine, la F1 se rendra \u00e0 Monaco pour la huiti\u00e8me manche de la saison. Alors qu&rsquo;il avait remport\u00e9 l&rsquo;\u00e9dition pr\u00e9c\u00e9dente apr\u00e8s un week-end tr\u00e8s \u00e9mouvant, le natif de la principaut\u00e9 ne se voit pas r\u00e9it\u00e9rer l&rsquo;exploit cette ann\u00e9e, bien au contraire. \u00c0 la question de savoir \u00e0 quoi s&rsquo;attendre pour le Grand Prix de Monaco, Leclerc a r\u00e9pondu : \u00ab\u00a0\u00c0 un week-end tr\u00e8s difficile.\u00a0\u00bb<\/p>\n<p>\u00ab\u00a0Je pense que Monaco met en \u00e9vidence pas mal de faiblesses de notre voiture, donc je ne sais pas\u2026 Mais il y a aussi beaucoup d&rsquo;\u00e9l\u00e9ments qu&rsquo;on ne peut pas vraiment anticiper \u00e0 Monaco. Le niveau de risque que tu prends en qualifications, la voiture est r\u00e9gl\u00e9e d&rsquo;une mani\u00e8re tr\u00e8s diff\u00e9rente, donc j&rsquo;esp\u00e8re qu&rsquo;on aura une bonne surprise.\u00a0\u00bb<\/p>\n<p>Lire aussi :<\/p>\n<p>Dans cet article<\/p>\n<p>    T\u00e9ha Courbon\n<\/p>\n<p>    Formule 1\n<\/p>\n<p>    Ferrari\n<\/p>\n<p>Soyez le premier inform\u00e9 et souscrivez aux alertes mails pour recevoir les infos en temps r\u00e9el<\/p>\n<p>    S&rsquo;abonner aux alertes de news<\/p>\n","protected":false},"excerpt":{"rendered":"Apr\u00e8s s&rsquo;\u00eatre \u00e9lanc\u00e9 depuis la 11e place sur la grille de d\u00e9part du Grand Prix d&rsquo;\u00c9milie-Romagne, Charles Leclerc&hellip;\n","protected":false},"author":2,"featured_media":109865,"comment_status":"","ping_status":"","sticky":false,"template":"","format":"standard","meta":{"footnotes":""},"categories":[2],"tags":[11,2251,1454,1011,27,18197,9935,12,25],"class_list":{"0":"post-109864","1":"post","2":"type-post","3":"status-publish","4":"format-standard","5":"has-post-thumbnail","7":"category-actualites","8":"tag-actualites","9":"tag-ferrari","10":"tag-formule-1","11":"tag-fr","12":"tag-france","13":"tag-gp-du00c9milie-romagne","14":"tag-imola","15":"tag-news","16":"tag-republique-francaise"},"share_on_mastodon":{"url":"https:\/\/pubeurope.com\/@fr\/114530101799719284","error":""},"_links":{"self":[{"href":"https:\/\/www.europesays.com\/fr\/wp-json\/wp\/v2\/posts\/109864","targetHints":{"allow":["GET"]}}],"collection":[{"href":"https:\/\/www.europesays.com\/fr\/wp-json\/wp\/v2\/posts"}],"about":[{"href":"https:\/\/www.europesays.com\/fr\/wp-json\/wp\/v2\/types\/post"}],"author":[{"embeddable":true,"href":"https:\/\/www.europesays.com\/fr\/wp-json\/wp\/v2\/users\/2"}],"replies":[{"embeddable":true,"href":"https:\/\/www.europesays.com\/fr\/wp-json\/wp\/v2\/comments?post=109864"}],"version-history":[{"count":0,"href":"https:\/\/www.europesays.com\/fr\/wp-json\/wp\/v2\/posts\/109864\/revisions"}],"wp:featuredmedia":[{"embeddable":true,"href":"https:\/\/www.europesays.com\/fr\/wp-json\/wp\/v2\/media\/109865"}],"wp:attachment":[{"href":"https:\/\/www.europesays.com\/fr\/wp-json\/wp\/v2\/media?parent=109864"}],"wp:term":[{"taxonomy":"category","embeddable":true,"href":"https:\/\/www.europesays.com\/fr\/wp-json\/wp\/v2\/categories?post=109864"},{"taxonomy":"post_tag","embeddable":true,"href":"https:\/\/www.europesays.com\/fr\/wp-json\/wp\/v2\/tags?post=109864"}],"curies":[{"name":"wp","href":"https:\/\/api.w.org\/{rel}","templated":true}]}}