{"id":109870,"date":"2025-05-18T17:54:10","date_gmt":"2025-05-18T17:54:10","guid":{"rendered":"https:\/\/www.europesays.com\/fr\/109870\/"},"modified":"2025-05-18T17:54:10","modified_gmt":"2025-05-18T17:54:10","slug":"atp-andre-agassi-encense-un-joueur-du-circuit-et-ce-nest-pas-sinner-ou-alcaraz-personne-ne-veut-voir-son-nom-a-cote-du-sien-dans-le-tableau-dun-tournoi","status":"publish","type":"post","link":"https:\/\/www.europesays.com\/fr\/109870\/","title":{"rendered":"ATP > Andre Agassi encense un joueur du circuit, et ce n&rsquo;est pas Sinner ou Alcaraz : \u00ab\u00a0Personne ne veut voir son nom \u00e0 c\u00f4t\u00e9 du sien dans le tableau d&rsquo;un tournoi\u00a0\u00bb"},"content":{"rendered":"<p>Moins en vue sur terre battue que sur dur, malgr\u00e9 une finale perdue \u00e0 l\u2019ATP 500 de Munich, contre Alexander Zverev (6\u22122, 6\u20134), Ben Shelton n\u2019avance clai\u00adre\u00adment pas \u00e0 Roland\u2010Garros dans la peau d\u2019un pr\u00e9ten\u00addant au\u00a0titre.<\/p>\n<p>Une situa\u00adtion qui n\u2019in\u00adqui\u00e8te pas Andre Agassi. Invit\u00e9 de l\u2019\u00e9mis\u00adsion de Tennis Channel, l\u2019oc\u00adtuple cham\u00adpion du Grand Chelem estime que le 13e joueur mondial a tout d\u2019un futur\u00a0grand.<\/p>\n<p><strong>\u00ab\u202fJ\u2019aime son esprit, ses qualit\u00e9s athl\u00e9\u00adtiques. Ce type est une v\u00e9ri\u00adtable force avec laquelle il faut compter. Je crois vrai\u00adment qu\u2019il a encore beau\u00adcoup de progr\u00e8s \u00e0 faire. Il est encore tr\u00e8s brut, mais il est si puis\u00adsant qu\u2019il peut litt\u00e9\u00adra\u00adle\u00adment faire tomber la raquette des mains de son adver\u00adsaire. Personne ne veut voir son nom \u00e0 c\u00f4t\u00e9 du sien dans le tableau du tournoi. Je pense qu\u2019il peut se montrer un peu plus indul\u00adgent envers lui\u2010m\u00eame, mais il fait partie de ces gars qui peuvent se lever en deux semaines et faire quelque chose de grand dans les moments les plus impor\u00adtants du tennis. J\u2019y crois vrai\u00adment. Je ne l\u2019ai jamais vu se sentir plus faible que son adver\u00adsaire. J\u2019y crois vrai\u00adment. Jamais je ne l\u2019ai vu se sentir plus faible que son adver\u00adsaire. Chaque fois qu\u2019il entre sur le court dans les moments les plus intenses, on peut voir \u00e0 quel point il veut que la balle soit dans sa raquette et c\u2019est un tr\u00e8s bon signe, surtout \u00e0 un\u00a0si\u00a0jeune\u00a0\u00e2ge\u202f\u00bb<\/strong>, a comment\u00e9 le Kid de Las Vegas, dans des propos relay\u00e9s par <a href=\"https:\/\/www.championat.com\/tennis\/news-6014952-andre-agassi-o-bene-sheltone-on-vsyo-eschyo-ochen-syroj.html\" data-wpel-link=\"external\" target=\"_blank\" rel=\"nofollow external noopener\">Championat<\/a>.<\/p>\n<p class=\"post-published-date\" style=\"color: silver; font-size: 75%; text-align: left;\">Publi\u00e9 le dimanche 18 mai 2025 \u00e0 18:18<\/p>\n","protected":false},"excerpt":{"rendered":"Moins en vue sur terre battue que sur dur, malgr\u00e9 une finale perdue \u00e0 l\u2019ATP 500 de Munich,&hellip;\n","protected":false},"author":2,"featured_media":106605,"comment_status":"","ping_status":"","sticky":false,"template":"","format":"standard","meta":{"footnotes":""},"categories":[1415],"tags":[18937,1744,1011,27,2127,60,1467,4542],"class_list":{"0":"post-109870","1":"post","2":"type-post","3":"status-publish","4":"format-standard","5":"has-post-thumbnail","7":"category-tennis","8":"tag-agassi","9":"tag-alcaraz","10":"tag-fr","11":"tag-france","12":"tag-sinner","13":"tag-sports","14":"tag-tennis","15":"tag-zverev"},"share_on_mastodon":{"url":"https:\/\/pubeurope.com\/@fr\/114530121377208525","error":""},"_links":{"self":[{"href":"https:\/\/www.europesays.com\/fr\/wp-json\/wp\/v2\/posts\/109870","targetHints":{"allow":["GET"]}}],"collection":[{"href":"https:\/\/www.europesays.com\/fr\/wp-json\/wp\/v2\/posts"}],"about":[{"href":"https:\/\/www.europesays.com\/fr\/wp-json\/wp\/v2\/types\/post"}],"author":[{"embeddable":true,"href":"https:\/\/www.europesays.com\/fr\/wp-json\/wp\/v2\/users\/2"}],"replies":[{"embeddable":true,"href":"https:\/\/www.europesays.com\/fr\/wp-json\/wp\/v2\/comments?post=109870"}],"version-history":[{"count":0,"href":"https:\/\/www.europesays.com\/fr\/wp-json\/wp\/v2\/posts\/109870\/revisions"}],"wp:featuredmedia":[{"embeddable":true,"href":"https:\/\/www.europesays.com\/fr\/wp-json\/wp\/v2\/media\/106605"}],"wp:attachment":[{"href":"https:\/\/www.europesays.com\/fr\/wp-json\/wp\/v2\/media?parent=109870"}],"wp:term":[{"taxonomy":"category","embeddable":true,"href":"https:\/\/www.europesays.com\/fr\/wp-json\/wp\/v2\/categories?post=109870"},{"taxonomy":"post_tag","embeddable":true,"href":"https:\/\/www.europesays.com\/fr\/wp-json\/wp\/v2\/tags?post=109870"}],"curies":[{"name":"wp","href":"https:\/\/api.w.org\/{rel}","templated":true}]}}