{"id":10988,"date":"2025-04-08T19:37:18","date_gmt":"2025-04-08T19:37:18","guid":{"rendered":"https:\/\/www.europesays.com\/fr\/10988\/"},"modified":"2025-04-08T19:37:18","modified_gmt":"2025-04-08T19:37:18","slug":"une-centaine-de-personnes-expulsees-par-la-police-dun-gymnase-municipal","status":"publish","type":"post","link":"https:\/\/www.europesays.com\/fr\/10988\/","title":{"rendered":"une centaine de personnes expuls\u00e9es par la police d&rsquo;un gymnase municipal"},"content":{"rendered":"<p>En raison de probl\u00e8mes de s\u00e9curit\u00e9 et de conditions de vie insalubres, la municipalit\u00e9 avait demand\u00e9 l\u2019\u00e9vacuation du gymnase au tribunal administratif, qui avait donn\u00e9 aux occupants jusqu\u2019au 21 mars pour quitter les lieux.<\/p>\n<p class=\"fig-paragraph\">Une centaine de personnes, dont des familles avec enfants, ont \u00e9t\u00e9 expuls\u00e9es lundi 7 avril 2025 dans la matin\u00e9e par les forces de l&rsquo;ordre d&rsquo;un gymnase municipal de\u00a0<a href=\"http:\/\/www.lefigaro.fr\/faits-divers\/rennes-un-homme-chute-mortellement-du-26e-etage-20250317\" target=\"_blank\" data-fig-type=\"NewsFlash\" rel=\"noopener nofollow\" data-gtm-custom-categorie=\"navigation\" data-gtm-custom-action=\"crossclick\" data-gtm-custom-label=\"Contextuel\" data-gtm-event=\"customEventSPE\" data-fig-domain=\"LEFIGARO\">Rennes<\/a>\u00a0qui \u00e9tait occup\u00e9 depuis l&rsquo;automne dernier, a-t-on appris de sources concordantes.<\/p>\n<p class=\"fig-paragraph\">Depuis fin novembre 2024, \u00abdes personnes pour la plupart exil\u00e9es, sans solution d&rsquo;h\u00e9bergement, ont trouv\u00e9 refuge dans le gymnase F\u00e9lix-Masson, dans des conditions pr\u00e9caires\u00bb, rappelle dans un communiqu\u00e9 la mairie de Rennes, propri\u00e9taire du gymnase. Au plus fort, quelque 170 personnes y \u00e9taient recens\u00e9es.<\/p>\n<p class=\"fig-paragraph\">En raison de probl\u00e8mes de s\u00e9curit\u00e9 et de conditions de vie insalubres, la municipalit\u00e9 avait demand\u00e9 l&rsquo;\u00e9vacuation du gymnase au\u00a0<a href=\"http:\/\/www.lefigaro.fr\/vox\/societe\/a69-le-tribunal-administratif-sans-s-en-rendre-compte-satisfait-le-projet-de-societe-des-ecologistes-radicaux-20250228\" target=\"_blank\" data-fig-type=\"Article\" rel=\"noopener nofollow\" data-gtm-custom-categorie=\"navigation\" data-gtm-custom-action=\"crossclick\" data-gtm-custom-label=\"Contextuel\" data-gtm-event=\"customEventSPE\" data-fig-domain=\"LEFIGARO\">tribunal administratif<\/a>, qui avait donn\u00e9 aux occupants jusqu&rsquo;au 21 mars pour quitter les lieux. \u00abFaute d&rsquo;\u00e9volution de la situation depuis cette date, la municipalit\u00e9 a sollicit\u00e9 le concours de la force publique\u00bb, explique la pr\u00e9fecture d&rsquo;<a href=\"https:\/\/www.lefigaro.fr\/tag\/ille-et-vilaine\" target=\"_blank\" rel=\"noopener nofollow\" data-gtm-custom-categorie=\"navigation\" data-gtm-custom-action=\"crossclick\" data-gtm-custom-label=\"Contextuel\" data-gtm-event=\"customEventSPE\">Ille-et-Vilaine<\/a>, pr\u00e9cisant que l&rsquo;op\u00e9ration s&rsquo;est d\u00e9roul\u00e9e sans incident.<\/p>\n<p>Des familles et des enfants<\/p>\n<p class=\"fig-paragraph\">Selon la mairie, un recensement des personnes pr\u00e9sentes dans le gymnase avait identifi\u00e9 une dizaine de familles avec enfants mineurs. En lien avec la pr\u00e9fecture, \u00aben charge de l&rsquo;h\u00e9bergement d&rsquo;urgence\u00bb, la ville de Rennes et le Conseil d\u00e9partemental ont recherch\u00e9 des solutions de mise \u00e0 l&rsquo;abri des personnes les plus vuln\u00e9rables, prioritairement les familles.<\/p>\n<p class=\"fig-paragraph\">\u00abElles se sont vu proposer une solution d&rsquo;h\u00e9bergement \u00e0 partir de ce lundi 7 avril au soir\u00bb, indique la mairie. \u00abIl restait une petite centaine de personnes\u00bb dans le gymnase, \u00abo\u00f9 elles habitaient sous des tentes et dans des conditions de vie tr\u00e8s pr\u00e9caires\u00bb, a pr\u00e9cis\u00e9 \u00e0 l&rsquo;AFP l&rsquo;association\u00a0<a href=\"http:\/\/www.lefigaro.fr\/actualite-france\/l-association-d-aide-aux-migrants-utopia-56-ciblee-par-la-justice-pour-diffusion-de-fausses-informations-20241129\" target=\"_blank\" data-fig-type=\"NewsFlash\" rel=\"noopener nofollow\" data-gtm-custom-categorie=\"navigation\" data-gtm-custom-action=\"crossclick\" data-gtm-custom-label=\"Contextuel\" data-gtm-event=\"customEventSPE\" data-fig-domain=\"LEFIGARO\">Utopia 56<\/a>, qui vient en aide aux personnes exil\u00e9es et vivant dans la rue.<\/p>\n<p class=\"fig-paragraph\">Selon Suzanne Mamet, coordinatrice de l&rsquo;association \u00e0 Rennes, les solutions d&rsquo;h\u00e9bergement d&rsquo;urgence propos\u00e9es lundi sont souvent limit\u00e9es \u00e0 une dur\u00e9e d&rsquo;une semaine, \u00abdonc derri\u00e8re, \u00e7a fera des retours \u00e0 la rue directement apr\u00e8s\u00bb. Un grand nombre de personnes seules ainsi qu&rsquo;une famille \u00e9taient d\u00e9pourvues de solutions d&rsquo;h\u00e9bergement. Elles devraient rejoindre quelque 70 personnes qui vivent d\u00e9j\u00e0 sous des tentes dans un parc du nord de Rennes, dont une cinquantaine d&rsquo;enfants, a d\u00e9clar\u00e9 Suzanne Mamet.<\/p>\n<p class=\"fig-paragraph\">Outre des mineurs non accompagn\u00e9s, on compte parmi eux \u00abbeaucoup d&rsquo;enfants en tr\u00e8s bas \u00e2ge\u00bb, dont neuf sont \u00e2g\u00e9s de moins de trois ans, souligne-t-elle.<\/p>\n<p>\u00a0\u00bb<br \/>\n        data-script=\u00a0\u00bbhttps:\/\/static.lefigaro.fr\/widget-video\/short-ttl\/video\/index.js\u00a0\u00bb<br \/>\n    &gt;<\/p>\n","protected":false},"excerpt":{"rendered":"En raison de probl\u00e8mes de s\u00e9curit\u00e9 et de conditions de vie insalubres, la municipalit\u00e9 avait demand\u00e9 l\u2019\u00e9vacuation du&hellip;\n","protected":false},"author":2,"featured_media":10989,"comment_status":"","ping_status":"","sticky":false,"template":"","format":"standard","meta":{"footnotes":""},"categories":[2821],"tags":[1111,47,1058,1054,1059,1060,1055,11,829,1057,1777,674,5341,118,1011,27,1061,303,12,1062,584,25,656,104,1056,809],"class_list":{"0":"post-10988","1":"post","2":"type-post","3":"status-publish","4":"format-standard","5":"has-post-thumbnail","7":"category-rennes","8":"tag-actu","9":"tag-actualite","10":"tag-actualite-education","11":"tag-actualite-france","12":"tag-actualite-justice","13":"tag-actualite-securite","14":"tag-actualite-societe","15":"tag-actualites","16":"tag-bretagne","17":"tag-education","18":"tag-eu","19":"tag-europe","20":"tag-expulsions","21":"tag-faits-divers","22":"tag-fr","23":"tag-france","24":"tag-immigration","25":"tag-justice","26":"tag-news","27":"tag-polemique","28":"tag-rennes","29":"tag-republique-francaise","30":"tag-securite","31":"tag-societe","32":"tag-societe-francaise","33":"tag-violence"},"share_on_mastodon":{"url":"https:\/\/pubeurope.com\/@fr\/114304033964782970","error":""},"_links":{"self":[{"href":"https:\/\/www.europesays.com\/fr\/wp-json\/wp\/v2\/posts\/10988","targetHints":{"allow":["GET"]}}],"collection":[{"href":"https:\/\/www.europesays.com\/fr\/wp-json\/wp\/v2\/posts"}],"about":[{"href":"https:\/\/www.europesays.com\/fr\/wp-json\/wp\/v2\/types\/post"}],"author":[{"embeddable":true,"href":"https:\/\/www.europesays.com\/fr\/wp-json\/wp\/v2\/users\/2"}],"replies":[{"embeddable":true,"href":"https:\/\/www.europesays.com\/fr\/wp-json\/wp\/v2\/comments?post=10988"}],"version-history":[{"count":0,"href":"https:\/\/www.europesays.com\/fr\/wp-json\/wp\/v2\/posts\/10988\/revisions"}],"wp:featuredmedia":[{"embeddable":true,"href":"https:\/\/www.europesays.com\/fr\/wp-json\/wp\/v2\/media\/10989"}],"wp:attachment":[{"href":"https:\/\/www.europesays.com\/fr\/wp-json\/wp\/v2\/media?parent=10988"}],"wp:term":[{"taxonomy":"category","embeddable":true,"href":"https:\/\/www.europesays.com\/fr\/wp-json\/wp\/v2\/categories?post=10988"},{"taxonomy":"post_tag","embeddable":true,"href":"https:\/\/www.europesays.com\/fr\/wp-json\/wp\/v2\/tags?post=10988"}],"curies":[{"name":"wp","href":"https:\/\/api.w.org\/{rel}","templated":true}]}}