{"id":109884,"date":"2025-05-18T18:03:11","date_gmt":"2025-05-18T18:03:11","guid":{"rendered":"https:\/\/www.europesays.com\/fr\/109884\/"},"modified":"2025-05-18T18:03:11","modified_gmt":"2025-05-18T18:03:11","slug":"jean-luc-lemoine-revient-sur-les-critiques-de-laurent-ruquier-a-son-encontre-dans-un-dimanche-a-la-campagne","status":"publish","type":"post","link":"https:\/\/www.europesays.com\/fr\/109884\/","title":{"rendered":"Jean-Luc Lemoine revient sur les critiques de Laurent Ruquier \u00e0 son encontre dans Un dimanche \u00e0 la campagne"},"content":{"rendered":"<p>Ce 18 mai 2025, France 2 diffusait un \u00e9pisode in\u00e9dit d&rsquo;Un dimanche \u00e0 la campagne. Fr\u00e9d\u00e9ric Lopez recevait la com\u00e9dienne Lorie Pester, la navigatrice Violette Dorange et l&rsquo;animateur Jean-Luc Lemoine. Au cours de l&rsquo;\u00e9mission, ce dernier est notamment revenu sur un coup dur v\u00e9cu dans sa carri\u00e8re.<\/p>\n<p>C&rsquo;est LE rendez-vous dominical par excellence. Depuis son lancement en 2022, <a href=\"https:\/\/www.programme-tv.net\/news\/tv\/378866-un-dimanche-a-la-campagne-qui-sont-les-invites-de-l-emission-de-frederic-lopez-ce-18-mai\/\" data-api-deeplink=\"teleloisirs:\/\/news\/378866\" target=\"_blank\" rel=\"noopener\">Un dimanche \u00e0 la campagne<\/a> est devenu un programme incontournable pour les t\u00e9l\u00e9spectateurs de France 2. \u00c0 chaque diffusion, le magazine anim\u00e9 par Fr\u00e9d\u00e9ric Lopez f\u00e9d\u00e8re en moyenne plus d&rsquo;1,5 million de Fran\u00e7ais, curieux d&rsquo;<a href=\"https:\/\/www.programme-tv.net\/news\/people\/377669-je-pleure-sans-m-arreter-constance-evoque-sa-depression-apres-son-sketch-rate-d-on-n-demande-qu-a-en-rire-dans-un-dimanche-a-la-campagne\/\" data-api-deeplink=\"teleloisirs:\/\/news\/377669\" target=\"_blank\" rel=\"noopener\">en apprendre davantage sur les personnalit\u00e9s <\/a>invit\u00e9es \u00e0 se mettre au vert par le producteur de <a href=\"https:\/\/www.programme-tv.net\/news\/tv\/377781-je-realise-que-non-ce-regret-que-frederic-lopez-a-failli-avoir-avant-le-rendez-vous-en-terre-inconnue-avec-bruno-solo\/\" data-api-deeplink=\"teleloisirs:\/\/news\/377781\" target=\"_blank\" rel=\"noopener\">Rendez-vous en terre inconnue<\/a>. <b>Ce dimanche 18\u00a0mai, justement, <\/b><a href=\"https:\/\/www.programme-tv.net\/news\/people\/377434-il-a-eu-besoin-de-s-affranchir-frederic-lopez-fait-de-rares-confidences-sur-sa-relation-avec-son-fils-victor\/\" data-api-deeplink=\"teleloisirs:\/\/news\/377434\" target=\"_blank\" rel=\"noopener\"><b>le p\u00e8re de Victor<\/b><\/a><b> a re\u00e7u un trio in\u00e9dit de convives<\/b>. Parmi eux\u00a0: la chanteuse et com\u00e9dienne Lorie Pester, la navigatrice <a href=\"https:\/\/www.programme-tv.net\/news\/tv\/378797-on-m-a-propose-koh-lanta-violette-dorange-explique-pourquoi-elle-n-a-pas-participe-au-jeu-de-tf1\/\" data-api-deeplink=\"teleloisirs:\/\/news\/378797\" target=\"_blank\" rel=\"noopener\">Violette Dorange<\/a> ainsi que le pr\u00e9sentateur Jean-Luc Lemoine. Une parenth\u00e8se enchant\u00e9e pour ces trois personnalit\u00e9s, entre confidences et moments de d\u00e9tente \u00e0 la campagne.<\/p>\n<p>\u00ab\u00a0Je n&rsquo;avais plus envie\u00a0\u00bb\u00a0: Jean-Luc Lemoine raconte le jour o\u00f9 ses parents l&rsquo;ont vu sur sc\u00e8ne pour la premi\u00e8re fois<\/p>\n<p>Au cours de ce num\u00e9ro, Fr\u00e9d\u00e9ric Lopez en a profit\u00e9 pour revenir sur les d\u00e9buts de Jean-Luc Lemoine au c\u00f4t\u00e9 de Laurent Ruquier. C&rsquo;est <a href=\"https:\/\/www.programme-tv.net\/news\/people\/378469-cela-n-a-jamais-ete-mon-choix-laurent-ruquier-raconte-comment-il-a-vecu-la-mediatisation-de-son-couple-avec-hugo-manos\/\" data-api-deeplink=\"teleloisirs:\/\/news\/378469\" target=\"_blank\" rel=\"noopener\">l&rsquo;ancien compagnon d&rsquo;Hugo Manos<\/a> qui lui a mis le pied \u00e0 l&rsquo;\u00e9trier en lui proposant un poste \u00e0 la radio. \u00ab\u00a0Je fais un an avec lui dans une \u00e9mission qui s&rsquo;appelait On va s&rsquo;g\u00eaner\u00a0\u00bb, s&rsquo;est souvenu l&rsquo;animateur de 55 ans. \u00ab\u00a0Au bout d&rsquo;un an, l&rsquo;\u00e9mission On a tout essay\u00e9 passe en quotidienne sur France 2\u00a0\u00bb, a-t-il poursuivi. <b>Sa carri\u00e8re d\u00e9colle enfin apr\u00e8s des ann\u00e9es de gal\u00e8re<\/b>. C&rsquo;est \u00e0 cette p\u00e9riode que ses parents d\u00e9cident de venir le voir pour la premi\u00e8re fois sur sc\u00e8ne, eux qui avaient toujours eu du mal \u00e0 consid\u00e9rer sa passion comme un vrai m\u00e9tier. \u00ab\u00a0Quand je commence \u00e0 passer chez Laurent et que \u00e7a devient concret, ils viennent me voir sur sc\u00e8ne. Et <b>\u00e7a a \u00e9t\u00e9 super violent pour moi parce que je n&rsquo;avais plus envie. <\/b>J&rsquo;appr\u00e9hendais \u00e9norm\u00e9ment. Quand vous vous \u00eates construit dans votre coin, que vous ne partagez avec personne, et que d&rsquo;un seul coup vos proches viennent enfin, \u00e7a fait peur\u00a0\u00bb, a confi\u00e9 Jean-Luc Lemoine.<\/p>\n<p>                        \u00ab\u00a0J&rsquo;\u00e9tais pein\u00e9 qu&rsquo;il puisse le penser\u00a0\u00bb\u00a0: Jean-Luc Lemoine \u00e9voque cette critique de Laurent Ruquier qui l&rsquo;a bless\u00e9 dans Un dimanche \u00e0 la campagne<\/p>\n<p>Dans la foul\u00e9e, l&rsquo;animateur se voit proposer la pr\u00e9sentation d&rsquo;une nouvelle \u00e9mission pendant l&rsquo;\u00e9t\u00e9 2009 et baptis\u00e9e L&rsquo;habit ne fait pas Lemoine. C&rsquo;est un carton\u00a0! Le programme est suivi par 1,5\u00a0million de t\u00e9l\u00e9spectateurs \u00e0 chaque diffusion. <b>Un succ\u00e8s fulgurant que Laurent Ruquier ne voit pas d&rsquo;un bon \u0153il<\/b>. \u00ab\u00a0Je crois qu&rsquo;il n&rsquo;en \u00e9tait pas tr\u00e8s heureux. L&rsquo;une des premi\u00e8res personnes que j&rsquo;ai appel\u00e9e pour faire l&rsquo;\u00e9mission c&rsquo;\u00e9tait Laurent. Je voulais l&rsquo;inviter, mais il m&rsquo;a dit &lsquo;Pendant l&rsquo;\u00e9t\u00e9 les gens m&rsquo;ont assez vu'\u00a0\u00bb, a confi\u00e9 Jean-Luc Lemoine. Au retour des vacances, c&rsquo;est la douche froide pour lui. \u00ab\u00a0\u00c0 ma grande surprise, je vois que Laurent fait quelques interviews en disant que mon \u00e9mission est un plagiat d&rsquo;On n&rsquo;est pas couch\u00e9 et qu&rsquo;il n&rsquo;a jamais v\u00e9cu \u00e7a avec quelqu&rsquo;un de son \u00e9quipe qui, en gros, veut lui bouffer sa place\u00a0\u00bb, glisse l&rsquo;animateur. Des propos qui vont le peiner. \u00ab\u00a0<b>C&rsquo;\u00e9tait dur, je trouvais \u00e7a injuste. <\/b>J&rsquo;ai tellement de reconnaissance pour Laurent. J&rsquo;\u00e9tais bless\u00e9 qu&rsquo;il puisse le penser et \u00e7a me peinait vraiment qu&rsquo;il imagine \u00e7a\u00a0\u00bb, a conclu Jean-Luc Lemoine.<\/p>\n","protected":false},"excerpt":{"rendered":"Ce 18 mai 2025, France 2 diffusait un \u00e9pisode in\u00e9dit d&rsquo;Un dimanche \u00e0 la campagne. Fr\u00e9d\u00e9ric Lopez recevait&hellip;\n","protected":false},"author":2,"featured_media":109885,"comment_status":"","ping_status":"","sticky":false,"template":"","format":"standard","meta":{"footnotes":""},"categories":[1356],"tags":[244,58,59,1011,27,594,12294,22820,22819,252,1364,12295,1421],"class_list":{"0":"post-109884","1":"post","2":"type-post","3":"status-publish","4":"format-standard","5":"has-post-thumbnail","7":"category-television","8":"tag-commentaire","9":"tag-divertissement","10":"tag-entertainment","11":"tag-fr","12":"tag-france","13":"tag-france-2","14":"tag-fru00e9du00e9ric-lopez","15":"tag-jean-luc-lemoine","16":"tag-lorie-pester","17":"tag-television","18":"tag-tv","19":"tag-un-dimanche-u00e0-la-campagne","20":"tag-zap"},"share_on_mastodon":{"url":"https:\/\/pubeurope.com\/@fr\/114530156803695607","error":""},"_links":{"self":[{"href":"https:\/\/www.europesays.com\/fr\/wp-json\/wp\/v2\/posts\/109884","targetHints":{"allow":["GET"]}}],"collection":[{"href":"https:\/\/www.europesays.com\/fr\/wp-json\/wp\/v2\/posts"}],"about":[{"href":"https:\/\/www.europesays.com\/fr\/wp-json\/wp\/v2\/types\/post"}],"author":[{"embeddable":true,"href":"https:\/\/www.europesays.com\/fr\/wp-json\/wp\/v2\/users\/2"}],"replies":[{"embeddable":true,"href":"https:\/\/www.europesays.com\/fr\/wp-json\/wp\/v2\/comments?post=109884"}],"version-history":[{"count":0,"href":"https:\/\/www.europesays.com\/fr\/wp-json\/wp\/v2\/posts\/109884\/revisions"}],"wp:featuredmedia":[{"embeddable":true,"href":"https:\/\/www.europesays.com\/fr\/wp-json\/wp\/v2\/media\/109885"}],"wp:attachment":[{"href":"https:\/\/www.europesays.com\/fr\/wp-json\/wp\/v2\/media?parent=109884"}],"wp:term":[{"taxonomy":"category","embeddable":true,"href":"https:\/\/www.europesays.com\/fr\/wp-json\/wp\/v2\/categories?post=109884"},{"taxonomy":"post_tag","embeddable":true,"href":"https:\/\/www.europesays.com\/fr\/wp-json\/wp\/v2\/tags?post=109884"}],"curies":[{"name":"wp","href":"https:\/\/api.w.org\/{rel}","templated":true}]}}